{"id":20185,"date":"2014-02-03T14:26:25","date_gmt":"2014-02-03T16:26:25","guid":{"rendered":"http:\/\/aconteceunovale.com.br\/portal\/?p=20185"},"modified":"2014-02-03T14:26:25","modified_gmt":"2014-02-03T16:26:25","slug":"empresario-morre-apos-ser-agredido-durante-briga-de-transito-em-governador-valadares","status":"publish","type":"post","link":"https:\/\/aconteceunovale.com.br\/portal\/?p=20185","title":{"rendered":"Empres\u00e1rio morre ap\u00f3s ser agredido durante briga de tr\u00e2nsito em Governador Valadares"},"content":{"rendered":"<p>Um empres\u00e1rio de Governador Valadares, no Vale do Rio Doce, morreu depois de ser agredido na cabe\u00e7a com um capacete, durante briga de tr\u00e2nsito ocorrida nesse domingo (2). Paulo Fernandes Rocha, de 49 anos, era carona em um ve\u00edculo, cujo motorista teria ignorado uma placa de parada obrigat\u00f3ria e, por pouco, n\u00e3o atingiu um motociclista. O empres\u00e1rio teve traumatismo craniano.<\/p>\n<p>De acordo com a Pol\u00edcia Militar, passava pouco das 17 horas quando o carro e a moto se encontraram na esquina das ruas Bahia e Israel Pinheiro, que \u00e9 preferencial, no bairro de Lourdes. O carro que seguia pela Rua Bahia n\u00e3o teria parado e por pouco n\u00e3o atingiu a moto. Ap\u00f3s uma discuss\u00e3o, os tr\u00eas homens teriam se agredido e na confus\u00e3o W.B.V., de 27 anos, atingiu a cabe\u00e7a do empres\u00e1rio com o capacete. Paulo era dono de a\u00e7ougues em Valadares.<\/p>\n<p>Ao ver que Paulo passava mal, o motociclista o socorreu, levando-o para o Pronto-Socorro do Hospital Municipal (HPS), onde o empres\u00e1rio morreu logo depois. Ainda de acordo com a ocorr\u00eancia, o condutor do ve\u00edculo, J.S.A.J., de 39 anos, apresentava sintomas de embriaguez como fala desconexa e andar cambaleante e se recusou a fazer o teste com o baf\u00f4metro. O motociclista foi preso em flagrante.<\/p>\n<p><em>(Imagem ilustrativa)<\/em><br \/>\n<img decoding=\"async\" src=\"http:\/\/aconteceunovale.com.br\/portal\/wp-content\/uploads\/2014\/01\/pico_ibituruna_gov.jpg\" alt=\"\" \/><\/p>\n","protected":false},"excerpt":{"rendered":"<p>Um empres\u00e1rio de Governador Valadares, no Vale do Rio Doce, morreu depois de ser agredido na cabe\u00e7a com um capacete, durante briga de tr\u00e2nsito ocorrida nesse domingo (2). Paulo Fernandes Rocha, de 49 anos, era carona em um ve\u00edculo, cujo motorista teria ignorado uma placa de parada obrigat\u00f3ria e, por pouco, n\u00e3o atingiu um motociclista. [&hellip;]<\/p>\n","protected":false},"author":1,"featured_media":0,"comment_status":"open","ping_status":"closed","sticky":false,"template":"","format":"standard","meta":{"amp_status":"","footnotes":""},"categories":[121],"tags":[3843,247,3844],"class_list":["post-20185","post","type-post","status-publish","format-standard","hentry","category-leste","tag-empresario-morre-apos-ser-agredido-durante-briga-de-transito-em-governador-valadares","tag-governador-valadares","tag-paulo-fernandes-rocha"],"_links":{"self":[{"href":"https:\/\/aconteceunovale.com.br\/portal\/index.php?rest_route=\/wp\/v2\/posts\/20185","targetHints":{"allow":["GET"]}}],"collection":[{"href":"https:\/\/aconteceunovale.com.br\/portal\/index.php?rest_route=\/wp\/v2\/posts"}],"about":[{"href":"https:\/\/aconteceunovale.com.br\/portal\/index.php?rest_route=\/wp\/v2\/types\/post"}],"author":[{"embeddable":true,"href":"https:\/\/aconteceunovale.com.br\/portal\/index.php?rest_route=\/wp\/v2\/users\/1"}],"replies":[{"embeddable":true,"href":"https:\/\/aconteceunovale.com.br\/portal\/index.php?rest_route=%2Fwp%2Fv2%2Fcomments&post=20185"}],"version-history":[{"count":0,"href":"https:\/\/aconteceunovale.com.br\/portal\/index.php?rest_route=\/wp\/v2\/posts\/20185\/revisions"}],"wp:attachment":[{"href":"https:\/\/aconteceunovale.com.br\/portal\/index.php?rest_route=%2Fwp%2Fv2%2Fmedia&parent=20185"}],"wp:term":[{"taxonomy":"category","embeddable":true,"href":"https:\/\/aconteceunovale.com.br\/portal\/index.php?rest_route=%2Fwp%2Fv2%2Fcategories&post=20185"},{"taxonomy":"post_tag","embeddable":true,"href":"https:\/\/aconteceunovale.com.br\/portal\/index.php?rest_route=%2Fwp%2Fv2%2Ftags&post=20185"}],"curies":[{"name":"wp","href":"https:\/\/api.w.org\/{rel}","templated":true}]}}