{"id":20145,"date":"2014-02-03T12:50:54","date_gmt":"2014-02-03T14:50:54","guid":{"rendered":"http:\/\/aconteceunovale.com.br\/portal\/?p=20145"},"modified":"2014-02-03T12:50:54","modified_gmt":"2014-02-03T14:50:54","slug":"primeiro-encontro-de-grupos-culturais-do-municipio-de-medina","status":"publish","type":"post","link":"https:\/\/aconteceunovale.com.br\/portal\/?p=20145","title":{"rendered":"Primeiro Encontro de Grupos Culturais do munic\u00edpio de Medina"},"content":{"rendered":"<p>Aconteceu no s\u00e1bado 01\/02, dentro da programa\u00e7\u00e3o da 3\u00aa Virada Cultural de Medina, o Encontro de Grupos de Cultura Popular do Munic\u00edpio de Medina. Saindo da Pra\u00e7a Santa Rita os foli\u00f5es dirigiram-se em cortejo at\u00e9 a Pra\u00e7a Dr. Max Machado, onde apresentaram para o p\u00fablico presente, num clima de muita alegria e descontra\u00e7\u00e3o. <\/p>\n<p><img decoding=\"async\" src=\"http:\/\/aconteceunovale.com.br\/portal\/wp-content\/uploads\/2014\/02\/festa_cultural_medina_1.jpg\" alt=\"\" \/><br \/>\n<em>(Foto: Sandoval Fernandes)<\/em><\/p>\n<p>Est\u00e1 acontecendo em Medina o resgate das manifesta\u00e7\u00f5es culturais e art\u00edsticas, atrav\u00e9s de um trabalho conjunto do Movimento Cultural Independente e a Secretaria de Cultura do Munic\u00edpio, o que vai tornar a cidade e comunidades rurais mais alegres e festivas. <\/p>\n<p>O encontro contou com a participa\u00e7\u00e3o do Grupo de Folia de Sebasti\u00e3o da Ro\u00e7a do Mato, Grupo de Folia da Lagoa Velha, Folia de Medina, Folia de Rita Jorge, Alguns membro da Folia dos Palmira. Devido a problemas de for\u00e7a maior outros Grupos n\u00e3o puderam participar: Folia de Reis do Ared\u00f3, Folia do Bid\u00f3 e o Grupo de Folia de General Dutra. <\/p>\n<p>O Evento foi organizado pelos membros do Movimento Cultural, Secretaria de Cultura, Educa\u00e7\u00e3o e Transporte.<\/p>\n<p><strong>GALERIA DE FOTOS:<\/strong><br \/>\n<em>(Fotos: Sandoval Fernandes)<\/em><\/p>\n<div id='gallery-1' class='gallery galleryid-20145 gallery-columns-3 gallery-size-thumbnail'><figure class='gallery-item'>\n\t\t\t<div class='gallery-icon landscape'>\n\t\t\t\t<a href='https:\/\/aconteceunovale.com.br\/portal\/wp-content\/uploads\/2014\/02\/festa_cultural_medina_21.jpg'><img loading=\"lazy\" decoding=\"async\" width=\"150\" height=\"150\" src=\"https:\/\/aconteceunovale.com.br\/portal\/wp-content\/uploads\/2014\/02\/festa_cultural_medina_21-150x150.jpg\" class=\"attachment-thumbnail size-thumbnail\" alt=\"\" \/><\/a>\n\t\t\t<\/div><\/figure><figure class='gallery-item'>\n\t\t\t<div class='gallery-icon landscape'>\n\t\t\t\t<a href='https:\/\/aconteceunovale.com.br\/portal\/wp-content\/uploads\/2014\/02\/festa_cultural_medina_20.jpg'><img loading=\"lazy\" decoding=\"async\" width=\"150\" height=\"150\" src=\"https:\/\/aconteceunovale.com.br\/portal\/wp-content\/uploads\/2014\/02\/festa_cultural_medina_20-150x150.jpg\" class=\"attachment-thumbnail size-thumbnail\" alt=\"\" \/><\/a>\n\t\t\t<\/div><\/figure><figure class='gallery-item'>\n\t\t\t<div class='gallery-icon landscape'>\n\t\t\t\t<a href='https:\/\/aconteceunovale.com.br\/portal\/wp-content\/uploads\/2014\/02\/festa_cultural_medina_19.jpg'><img loading=\"lazy\" decoding=\"async\" width=\"150\" height=\"150\" src=\"https:\/\/aconteceunovale.com.br\/portal\/wp-content\/uploads\/2014\/02\/festa_cultural_medina_19-150x150.jpg\" class=\"attachment-thumbnail size-thumbnail\" alt=\"\" \/><\/a>\n\t\t\t<\/div><\/figure><figure class='gallery-item'>\n\t\t\t<div class='gallery-icon landscape'>\n\t\t\t\t<a href='https:\/\/aconteceunovale.com.br\/portal\/wp-content\/uploads\/2014\/02\/festa_cultural_medina_18.jpg'><img loading=\"lazy\" decoding=\"async\" width=\"150\" height=\"150\" src=\"https:\/\/aconteceunovale.com.br\/portal\/wp-content\/uploads\/2014\/02\/festa_cultural_medina_18-150x150.jpg\" class=\"attachment-thumbnail size-thumbnail\" alt=\"\" \/><\/a>\n\t\t\t<\/div><\/figure><figure class='gallery-item'>\n\t\t\t<div class='gallery-icon landscape'>\n\t\t\t\t<a href='https:\/\/aconteceunovale.com.br\/portal\/wp-content\/uploads\/2014\/02\/festa_cultural_medina_17.jpg'><img loading=\"lazy\" decoding=\"async\" width=\"150\" height=\"150\" src=\"https:\/\/aconteceunovale.com.br\/portal\/wp-content\/uploads\/2014\/02\/festa_cultural_medina_17-150x150.jpg\" class=\"attachment-thumbnail size-thumbnail\" alt=\"\" \/><\/a>\n\t\t\t<\/div><\/figure><figure class='gallery-item'>\n\t\t\t<div class='gallery-icon landscape'>\n\t\t\t\t<a href='https:\/\/aconteceunovale.com.br\/portal\/wp-content\/uploads\/2014\/02\/festa_cultural_medina_16.jpg'><img loading=\"lazy\" decoding=\"async\" width=\"150\" height=\"150\" src=\"https:\/\/aconteceunovale.com.br\/portal\/wp-content\/uploads\/2014\/02\/festa_cultural_medina_16-150x150.jpg\" class=\"attachment-thumbnail size-thumbnail\" alt=\"\" \/><\/a>\n\t\t\t<\/div><\/figure><figure class='gallery-item'>\n\t\t\t<div class='gallery-icon landscape'>\n\t\t\t\t<a href='https:\/\/aconteceunovale.com.br\/portal\/wp-content\/uploads\/2014\/02\/festa_cultural_medina_15.jpg'><img loading=\"lazy\" decoding=\"async\" width=\"150\" height=\"150\" src=\"https:\/\/aconteceunovale.com.br\/portal\/wp-content\/uploads\/2014\/02\/festa_cultural_medina_15-150x150.jpg\" class=\"attachment-thumbnail size-thumbnail\" alt=\"\" \/><\/a>\n\t\t\t<\/div><\/figure><figure class='gallery-item'>\n\t\t\t<div class='gallery-icon landscape'>\n\t\t\t\t<a href='https:\/\/aconteceunovale.com.br\/portal\/wp-content\/uploads\/2014\/02\/festa_cultural_medina_14.jpg'><img loading=\"lazy\" decoding=\"async\" width=\"150\" height=\"150\" src=\"https:\/\/aconteceunovale.com.br\/portal\/wp-content\/uploads\/2014\/02\/festa_cultural_medina_14-150x150.jpg\" class=\"attachment-thumbnail size-thumbnail\" alt=\"\" \/><\/a>\n\t\t\t<\/div><\/figure><figure class='gallery-item'>\n\t\t\t<div class='gallery-icon landscape'>\n\t\t\t\t<a href='https:\/\/aconteceunovale.com.br\/portal\/wp-content\/uploads\/2014\/02\/festa_cultural_medina_13.jpg'><img loading=\"lazy\" decoding=\"async\" width=\"150\" height=\"150\" src=\"https:\/\/aconteceunovale.com.br\/portal\/wp-content\/uploads\/2014\/02\/festa_cultural_medina_13-150x150.jpg\" class=\"attachment-thumbnail size-thumbnail\" alt=\"\" \/><\/a>\n\t\t\t<\/div><\/figure><figure class='gallery-item'>\n\t\t\t<div class='gallery-icon landscape'>\n\t\t\t\t<a href='https:\/\/aconteceunovale.com.br\/portal\/wp-content\/uploads\/2014\/02\/festa_cultural_medina_12.jpg'><img loading=\"lazy\" decoding=\"async\" width=\"150\" height=\"150\" src=\"https:\/\/aconteceunovale.com.br\/portal\/wp-content\/uploads\/2014\/02\/festa_cultural_medina_12-150x150.jpg\" class=\"attachment-thumbnail size-thumbnail\" alt=\"\" \/><\/a>\n\t\t\t<\/div><\/figure><figure class='gallery-item'>\n\t\t\t<div class='gallery-icon landscape'>\n\t\t\t\t<a href='https:\/\/aconteceunovale.com.br\/portal\/wp-content\/uploads\/2014\/02\/festa_cultural_medina_11.jpg'><img loading=\"lazy\" decoding=\"async\" width=\"150\" height=\"150\" src=\"https:\/\/aconteceunovale.com.br\/portal\/wp-content\/uploads\/2014\/02\/festa_cultural_medina_11-150x150.jpg\" class=\"attachment-thumbnail size-thumbnail\" alt=\"\" \/><\/a>\n\t\t\t<\/div><\/figure><figure class='gallery-item'>\n\t\t\t<div class='gallery-icon landscape'>\n\t\t\t\t<a href='https:\/\/aconteceunovale.com.br\/portal\/wp-content\/uploads\/2014\/02\/festa_cultural_medina_10.jpg'><img loading=\"lazy\" decoding=\"async\" width=\"150\" height=\"150\" src=\"https:\/\/aconteceunovale.com.br\/portal\/wp-content\/uploads\/2014\/02\/festa_cultural_medina_10-150x150.jpg\" class=\"attachment-thumbnail size-thumbnail\" alt=\"\" \/><\/a>\n\t\t\t<\/div><\/figure><figure class='gallery-item'>\n\t\t\t<div class='gallery-icon landscape'>\n\t\t\t\t<a href='https:\/\/aconteceunovale.com.br\/portal\/wp-content\/uploads\/2014\/02\/festa_cultural_medina_9.jpg'><img loading=\"lazy\" decoding=\"async\" width=\"150\" height=\"150\" src=\"https:\/\/aconteceunovale.com.br\/portal\/wp-content\/uploads\/2014\/02\/festa_cultural_medina_9-150x150.jpg\" class=\"attachment-thumbnail size-thumbnail\" alt=\"\" \/><\/a>\n\t\t\t<\/div><\/figure><figure class='gallery-item'>\n\t\t\t<div class='gallery-icon landscape'>\n\t\t\t\t<a href='https:\/\/aconteceunovale.com.br\/portal\/wp-content\/uploads\/2014\/02\/festa_cultural_medina_8.jpg'><img loading=\"lazy\" decoding=\"async\" width=\"150\" height=\"150\" src=\"https:\/\/aconteceunovale.com.br\/portal\/wp-content\/uploads\/2014\/02\/festa_cultural_medina_8-150x150.jpg\" class=\"attachment-thumbnail size-thumbnail\" alt=\"\" \/><\/a>\n\t\t\t<\/div><\/figure><figure class='gallery-item'>\n\t\t\t<div class='gallery-icon landscape'>\n\t\t\t\t<a href='https:\/\/aconteceunovale.com.br\/portal\/wp-content\/uploads\/2014\/02\/festa_cultural_medina_7.jpg'><img loading=\"lazy\" decoding=\"async\" width=\"150\" height=\"150\" src=\"https:\/\/aconteceunovale.com.br\/portal\/wp-content\/uploads\/2014\/02\/festa_cultural_medina_7-150x150.jpg\" class=\"attachment-thumbnail size-thumbnail\" alt=\"\" \/><\/a>\n\t\t\t<\/div><\/figure><figure class='gallery-item'>\n\t\t\t<div class='gallery-icon landscape'>\n\t\t\t\t<a href='https:\/\/aconteceunovale.com.br\/portal\/wp-content\/uploads\/2014\/02\/festa_cultural_medina_6.jpg'><img loading=\"lazy\" decoding=\"async\" width=\"150\" height=\"150\" src=\"https:\/\/aconteceunovale.com.br\/portal\/wp-content\/uploads\/2014\/02\/festa_cultural_medina_6-150x150.jpg\" class=\"attachment-thumbnail size-thumbnail\" alt=\"\" \/><\/a>\n\t\t\t<\/div><\/figure><figure class='gallery-item'>\n\t\t\t<div class='gallery-icon landscape'>\n\t\t\t\t<a href='https:\/\/aconteceunovale.com.br\/portal\/wp-content\/uploads\/2014\/02\/festa_cultural_medina_5.jpg'><img loading=\"lazy\" decoding=\"async\" width=\"150\" height=\"150\" src=\"https:\/\/aconteceunovale.com.br\/portal\/wp-content\/uploads\/2014\/02\/festa_cultural_medina_5-150x150.jpg\" class=\"attachment-thumbnail size-thumbnail\" alt=\"\" \/><\/a>\n\t\t\t<\/div><\/figure><figure class='gallery-item'>\n\t\t\t<div class='gallery-icon landscape'>\n\t\t\t\t<a href='https:\/\/aconteceunovale.com.br\/portal\/wp-content\/uploads\/2014\/02\/festa_cultural_medina_4.jpg'><img loading=\"lazy\" decoding=\"async\" width=\"150\" height=\"150\" src=\"https:\/\/aconteceunovale.com.br\/portal\/wp-content\/uploads\/2014\/02\/festa_cultural_medina_4-150x150.jpg\" class=\"attachment-thumbnail size-thumbnail\" alt=\"\" \/><\/a>\n\t\t\t<\/div><\/figure><figure class='gallery-item'>\n\t\t\t<div class='gallery-icon landscape'>\n\t\t\t\t<a href='https:\/\/aconteceunovale.com.br\/portal\/wp-content\/uploads\/2014\/02\/festa_cultural_medina_3.jpg'><img loading=\"lazy\" decoding=\"async\" width=\"150\" height=\"150\" src=\"https:\/\/aconteceunovale.com.br\/portal\/wp-content\/uploads\/2014\/02\/festa_cultural_medina_3-150x150.jpg\" class=\"attachment-thumbnail size-thumbnail\" alt=\"\" \/><\/a>\n\t\t\t<\/div><\/figure><figure class='gallery-item'>\n\t\t\t<div class='gallery-icon landscape'>\n\t\t\t\t<a href='https:\/\/aconteceunovale.com.br\/portal\/wp-content\/uploads\/2014\/02\/festa_cultural_medina_2.jpg'><img loading=\"lazy\" decoding=\"async\" width=\"150\" height=\"150\" src=\"https:\/\/aconteceunovale.com.br\/portal\/wp-content\/uploads\/2014\/02\/festa_cultural_medina_2-150x150.jpg\" class=\"attachment-thumbnail size-thumbnail\" alt=\"\" \/><\/a>\n\t\t\t<\/div><\/figure><figure class='gallery-item'>\n\t\t\t<div class='gallery-icon landscape'>\n\t\t\t\t<a href='https:\/\/aconteceunovale.com.br\/portal\/wp-content\/uploads\/2014\/02\/festa_cultural_medina_1.jpg'><img loading=\"lazy\" decoding=\"async\" width=\"150\" height=\"150\" src=\"https:\/\/aconteceunovale.com.br\/portal\/wp-content\/uploads\/2014\/02\/festa_cultural_medina_1-150x150.jpg\" class=\"attachment-thumbnail size-thumbnail\" alt=\"\" \/><\/a>\n\t\t\t<\/div><\/figure>\n\t\t<\/div>\n\n<p><em>(Informa\u00e7\u00f5es e fotos do blog Medina)<\/em><\/p>\n","protected":false},"excerpt":{"rendered":"<p>Aconteceu no s\u00e1bado 01\/02, dentro da programa\u00e7\u00e3o da 3\u00aa Virada Cultural de Medina, o Encontro de Grupos de Cultura Popular do Munic\u00edpio de Medina. Saindo da Pra\u00e7a Santa Rita os foli\u00f5es dirigiram-se em cortejo at\u00e9 a Pra\u00e7a Dr. Max Machado, onde apresentaram para o p\u00fablico presente, num clima de muita alegria e descontra\u00e7\u00e3o. (Foto: Sandoval [&hellip;]<\/p>\n","protected":false},"author":1,"featured_media":20166,"comment_status":"open","ping_status":"closed","sticky":false,"template":"","format":"standard","meta":{"amp_status":"","footnotes":""},"categories":[120],"tags":[389,3831,3832],"class_list":["post-20145","post","type-post","status-publish","format-standard","has-post-thumbnail","hentry","category-jequi","tag-medina","tag-primeiro-encontro-de-grupos-culturais-do-municipio-de-medina","tag-primeiro-encontro-de-grupos-culturais-do-municipio-de-medina-no-vale-do-jequitinhonha"],"_links":{"self":[{"href":"https:\/\/aconteceunovale.com.br\/portal\/index.php?rest_route=\/wp\/v2\/posts\/20145","targetHints":{"allow":["GET"]}}],"collection":[{"href":"https:\/\/aconteceunovale.com.br\/portal\/index.php?rest_route=\/wp\/v2\/posts"}],"about":[{"href":"https:\/\/aconteceunovale.com.br\/portal\/index.php?rest_route=\/wp\/v2\/types\/post"}],"author":[{"embeddable":true,"href":"https:\/\/aconteceunovale.com.br\/portal\/index.php?rest_route=\/wp\/v2\/users\/1"}],"replies":[{"embeddable":true,"href":"https:\/\/aconteceunovale.com.br\/portal\/index.php?rest_route=%2Fwp%2Fv2%2Fcomments&post=20145"}],"version-history":[{"count":0,"href":"https:\/\/aconteceunovale.com.br\/portal\/index.php?rest_route=\/wp\/v2\/posts\/20145\/revisions"}],"wp:featuredmedia":[{"embeddable":true,"href":"https:\/\/aconteceunovale.com.br\/portal\/index.php?rest_route=\/wp\/v2\/media\/20166"}],"wp:attachment":[{"href":"https:\/\/aconteceunovale.com.br\/portal\/index.php?rest_route=%2Fwp%2Fv2%2Fmedia&parent=20145"}],"wp:term":[{"taxonomy":"category","embeddable":true,"href":"https:\/\/aconteceunovale.com.br\/portal\/index.php?rest_route=%2Fwp%2Fv2%2Fcategories&post=20145"},{"taxonomy":"post_tag","embeddable":true,"href":"https:\/\/aconteceunovale.com.br\/portal\/index.php?rest_route=%2Fwp%2Fv2%2Ftags&post=20145"}],"curies":[{"name":"wp","href":"https:\/\/api.w.org\/{rel}","templated":true}]}}