{"id":20141,"date":"2014-02-03T12:30:11","date_gmt":"2014-02-03T14:30:11","guid":{"rendered":"http:\/\/aconteceunovale.com.br\/portal\/?p=20141"},"modified":"2014-02-03T12:30:11","modified_gmt":"2014-02-03T14:30:11","slug":"tres-pessoas-sao-assassinadas-neste-domingo-em-governador-valadares","status":"publish","type":"post","link":"https:\/\/aconteceunovale.com.br\/portal\/?p=20141","title":{"rendered":"Tr\u00eas pessoas s\u00e3o assassinadas neste domingo em Governador Valadares"},"content":{"rendered":"<p>Tr\u00eas pessoas foram v\u00edtimas de assassinato neste domingo (2), em Governador Valadares, no Leste de Minas Gerais. Um dos crimes aconteceu a um quarteir\u00e3o da delegacia, no Centro da cidade por volta das 17h20.<\/p>\n<p>Ap\u00f3s uma discuss\u00e3o de tr\u00e2nsito, um motociclista de 27 anos atingiu um homem com um capacete. A v\u00edtima, de 49 anos, chegou a ser socorrida com vida, mas morreu no Hospital Municipal depois de sofrer um traumatismo craniano devido a agress\u00e3o.<\/p>\n<p>Tr\u00eas horas antes, um rapaz de 23 anos tamb\u00e9m foi assassinado com pelo menos cinco tiros. O jovem  foi encontrado em uma constru\u00e7\u00e3o do Residencial Figueira. Tr\u00eas tiros atingiram o t\u00f3rax e outros dois a cabe\u00e7a e a m\u00e3o da v\u00edtima.<\/p>\n<p>Na manh\u00e3 desta segunda-feira (3), a Pol\u00edcia Militar foi informada que havia um corpo na Rua Um com Avenida Rio Doce, no bairro JK III. Segundo o capit\u00e3o Rafael Coura, o crime teria acontecido na noite de domingo. A v\u00edtima de 55 anos apresentava duas perfura\u00e7\u00f5es e tinha sete passagens pela pol\u00edcia, entre elas por estupro, ame\u00e7a e les\u00e3o corporal.<\/p>\n<p><strong>Um suspeito preso<\/strong><\/p>\n<p>Dos tr\u00eas crimes, apenas o motociclista que agrediu o motorista com o capacete foi preso. Nos demais, nenhum suspeito foi preso at\u00e9 o momento.<\/p>\n<p>Com as mortes registradas neste domingo subiu para 21 o n\u00famero de assassinatos registrados em Governador Valadares neste ano. Em janeiro, 18 homic\u00eddios foram registrados na cidade, 10 a mais que o mesmo per\u00edodo de 2013.<\/p>\n<p>Em fevereiro de 2013, sete assassinatos foram registrados, quatro a mais do n\u00famero registrado apenas no segundo dia do m\u00eas, neste ano.<\/p>\n<p><img decoding=\"async\" src=\"http:\/\/aconteceunovale.com.br\/portal\/wp-content\/uploads\/2013\/10\/Crime.jpg\" alt=\"\" \/><\/p>\n<p><em>(Fonte: Inter TV dos Vales)<\/em><\/p>\n","protected":false},"excerpt":{"rendered":"<p>Tr\u00eas pessoas foram v\u00edtimas de assassinato neste domingo (2), em Governador Valadares, no Leste de Minas Gerais. Um dos crimes aconteceu a um quarteir\u00e3o da delegacia, no Centro da cidade por volta das 17h20. Ap\u00f3s uma discuss\u00e3o de tr\u00e2nsito, um motociclista de 27 anos atingiu um homem com um capacete. A v\u00edtima, de 49 anos, [&hellip;]<\/p>\n","protected":false},"author":1,"featured_media":12447,"comment_status":"open","ping_status":"closed","sticky":false,"template":"","format":"standard","meta":{"amp_status":"","footnotes":""},"categories":[121],"tags":[247,3830],"class_list":["post-20141","post","type-post","status-publish","format-standard","has-post-thumbnail","hentry","category-leste","tag-governador-valadares","tag-tres-pessoas-sao-assassinadas-neste-domingo-em-governador-valadares"],"_links":{"self":[{"href":"https:\/\/aconteceunovale.com.br\/portal\/index.php?rest_route=\/wp\/v2\/posts\/20141","targetHints":{"allow":["GET"]}}],"collection":[{"href":"https:\/\/aconteceunovale.com.br\/portal\/index.php?rest_route=\/wp\/v2\/posts"}],"about":[{"href":"https:\/\/aconteceunovale.com.br\/portal\/index.php?rest_route=\/wp\/v2\/types\/post"}],"author":[{"embeddable":true,"href":"https:\/\/aconteceunovale.com.br\/portal\/index.php?rest_route=\/wp\/v2\/users\/1"}],"replies":[{"embeddable":true,"href":"https:\/\/aconteceunovale.com.br\/portal\/index.php?rest_route=%2Fwp%2Fv2%2Fcomments&post=20141"}],"version-history":[{"count":0,"href":"https:\/\/aconteceunovale.com.br\/portal\/index.php?rest_route=\/wp\/v2\/posts\/20141\/revisions"}],"wp:featuredmedia":[{"embeddable":true,"href":"https:\/\/aconteceunovale.com.br\/portal\/index.php?rest_route=\/wp\/v2\/media\/12447"}],"wp:attachment":[{"href":"https:\/\/aconteceunovale.com.br\/portal\/index.php?rest_route=%2Fwp%2Fv2%2Fmedia&parent=20141"}],"wp:term":[{"taxonomy":"category","embeddable":true,"href":"https:\/\/aconteceunovale.com.br\/portal\/index.php?rest_route=%2Fwp%2Fv2%2Fcategories&post=20141"},{"taxonomy":"post_tag","embeddable":true,"href":"https:\/\/aconteceunovale.com.br\/portal\/index.php?rest_route=%2Fwp%2Fv2%2Ftags&post=20141"}],"curies":[{"name":"wp","href":"https:\/\/api.w.org\/{rel}","templated":true}]}}