{"id":20138,"date":"2014-02-03T12:27:56","date_gmt":"2014-02-03T14:27:56","guid":{"rendered":"http:\/\/aconteceunovale.com.br\/portal\/?p=20138"},"modified":"2014-02-03T12:27:56","modified_gmt":"2014-02-03T14:27:56","slug":"homem-e-morto-com-tres-tiros-na-cabeca-na-zona-rural-de-caratinga","status":"publish","type":"post","link":"https:\/\/aconteceunovale.com.br\/portal\/?p=20138","title":{"rendered":"Homem \u00e9 morto com tr\u00eas tiros na cabe\u00e7a na Zona Rural de Caratinga"},"content":{"rendered":"<p>Na manh\u00e3 deste \u00faltimo domingo (02\/01) a Pol\u00edcia Militar registrou um homic\u00eddio no C\u00f3rrego Rio Claro, no distrito de Santa Luzia, em Caratinga. O corpo do leiteiro Expedito Geraldo Genciano, de 49 anos, foi encontrado ca\u00eddo cerca de 5km depois do distrito e pr\u00f3ximo \u00e0 entrada do povoado do Su\u00ed\u00e7o, ao lado da motocicleta que estaria pilotando no momento do crime.<\/p>\n<p>A per\u00edcia t\u00e9cnica da Pol\u00edcia Civil foi acionada e constatou que a v\u00edtima foi atingida por tr\u00eas tiros na cabe\u00e7a. Expedito era funcion\u00e1rio e morava na fazenda de Neildo Badar\u00f3 Campos. Segundo apurado pela Pol\u00edcia Militar, na \u00faltima sexta-feira (31\/01), Expedito foi arrolado em uma ocorr\u00eancia sendo acusado de fazer amea\u00e7as contra o seu patr\u00e3o e outro funcion\u00e1rio, em raz\u00e3o de desaven\u00e7as por causa do recebimento de d\u00edvidas trabalhista e desvio de \u00e1gua destinada a animais.<\/p>\n<p>Os desentendimentos com o patr\u00e3o levaram o caso \u00e0 Justi\u00e7a, uma audi\u00eancia trabalhista estava prevista para esta ter\u00e7a-feira (04\/02). Expedito movia uma a\u00e7\u00e3o cobrando o valor de R$ 18.946,03.<\/p>\n<p>A Pol\u00edcia segue na investiga\u00e7\u00e3o do homic\u00eddio.<\/p>\n<p><img decoding=\"async\" src=\"http:\/\/aconteceunovale.com.br\/portal\/wp-content\/uploads\/2014\/02\/homem_morto_zona_rural_caratinga.jpg\" alt=\"\" \/><br \/>\n<em>(Expedito Geraldo Genciano, de 49 anos)<\/em><\/p>\n<p><em>(Fonte: TV Super Canal)<\/em><\/p>\n","protected":false},"excerpt":{"rendered":"<p>Na manh\u00e3 deste \u00faltimo domingo (02\/01) a Pol\u00edcia Militar registrou um homic\u00eddio no C\u00f3rrego Rio Claro, no distrito de Santa Luzia, em Caratinga. O corpo do leiteiro Expedito Geraldo Genciano, de 49 anos, foi encontrado ca\u00eddo cerca de 5km depois do distrito e pr\u00f3ximo \u00e0 entrada do povoado do Su\u00ed\u00e7o, ao lado da motocicleta que [&hellip;]<\/p>\n","protected":false},"author":1,"featured_media":20139,"comment_status":"open","ping_status":"closed","sticky":false,"template":"","format":"standard","meta":{"amp_status":"","footnotes":""},"categories":[121],"tags":[237,3829,3828],"class_list":["post-20138","post","type-post","status-publish","format-standard","has-post-thumbnail","hentry","category-leste","tag-caratinga","tag-expedito-geraldo-genciano","tag-homem-e-morto-com-tres-tiros-na-cabeca-na-zona-rural-de-caratinga"],"_links":{"self":[{"href":"https:\/\/aconteceunovale.com.br\/portal\/index.php?rest_route=\/wp\/v2\/posts\/20138","targetHints":{"allow":["GET"]}}],"collection":[{"href":"https:\/\/aconteceunovale.com.br\/portal\/index.php?rest_route=\/wp\/v2\/posts"}],"about":[{"href":"https:\/\/aconteceunovale.com.br\/portal\/index.php?rest_route=\/wp\/v2\/types\/post"}],"author":[{"embeddable":true,"href":"https:\/\/aconteceunovale.com.br\/portal\/index.php?rest_route=\/wp\/v2\/users\/1"}],"replies":[{"embeddable":true,"href":"https:\/\/aconteceunovale.com.br\/portal\/index.php?rest_route=%2Fwp%2Fv2%2Fcomments&post=20138"}],"version-history":[{"count":0,"href":"https:\/\/aconteceunovale.com.br\/portal\/index.php?rest_route=\/wp\/v2\/posts\/20138\/revisions"}],"wp:featuredmedia":[{"embeddable":true,"href":"https:\/\/aconteceunovale.com.br\/portal\/index.php?rest_route=\/wp\/v2\/media\/20139"}],"wp:attachment":[{"href":"https:\/\/aconteceunovale.com.br\/portal\/index.php?rest_route=%2Fwp%2Fv2%2Fmedia&parent=20138"}],"wp:term":[{"taxonomy":"category","embeddable":true,"href":"https:\/\/aconteceunovale.com.br\/portal\/index.php?rest_route=%2Fwp%2Fv2%2Fcategories&post=20138"},{"taxonomy":"post_tag","embeddable":true,"href":"https:\/\/aconteceunovale.com.br\/portal\/index.php?rest_route=%2Fwp%2Fv2%2Ftags&post=20138"}],"curies":[{"name":"wp","href":"https:\/\/api.w.org\/{rel}","templated":true}]}}