{"id":20128,"date":"2014-02-03T12:06:53","date_gmt":"2014-02-03T14:06:53","guid":{"rendered":"http:\/\/aconteceunovale.com.br\/portal\/?p=20128"},"modified":"2014-02-03T12:06:53","modified_gmt":"2014-02-03T14:06:53","slug":"jovem-e-a-segunda-vitima-de-afogamento-neste-ano-em-glaucilandia","status":"publish","type":"post","link":"https:\/\/aconteceunovale.com.br\/portal\/?p=20128","title":{"rendered":"Jovem \u00e9 a segunda v\u00edtima de afogamento neste ano em Glaucil\u00e2ndia"},"content":{"rendered":"<p>Um jovem de 18 anos foi encontrado sem vida no rio Verde, em Glaucil\u00e2ndia, no Norte de Minas, a 25 km de Montes Claros, nesse domingo (2). Ele \u00e9 a segunda v\u00edtima por afogamento na cidade, e a terceira registrada pelo Corpo de Bombeiros de Montes Claros, neste ano.<\/p>\n<p><img decoding=\"async\" src=\"http:\/\/aconteceunovale.com.br\/portal\/wp-content\/uploads\/2014\/02\/afogamento_jovem_glaucilandia_2.jpg\" alt=\"\" \/><br \/>\n<em>(Foto: Corpo de Bombeiros de Montes Claros)<\/em><\/p>\n<p>Testemunhas informaram que a Paulo Henrique Pereira Alves nadava com outros banhistas, quando come\u00e7ou a se debater, vindo a se afogar. O corpo foi localizado pelos bombeiros a 5 metros da margem do rio.<\/p>\n<p>Bombeiros tentaram reanimar Alves, junto com uma equipe do Servi\u00e7o de Atendimento M\u00f3vel de Urg\u00eancia (Samu), mas ele n\u00e3o resistiu.<\/p>\n<p>O Corpo de Bombeiros alerta a popula\u00e7\u00e3o, principalmente devido \u00e0s altas temperaturas onde as pessoas buscam se refrescar em clubes ou balne\u00e1rios, para que redobrem os cuidados nestes locais. Pessoas que n\u00e3o sabem nadar devem evitar tomar banho em rios ou lagoas de \u00e1gua onde n\u00e3o se v\u00ea o fundo. \u00c9 muito comum o banhista adentrar em rios e de repente cair em um buraco, conhecido como banco de areia, ou mesmo ser levado por uma correnteza para locais fundos, ocasionando assim o afogamento. As crian\u00e7as jamais devem brincar sozinhas em rios ou lagoas sem a supervis\u00e3o dos pais ou adultos respons\u00e1veis.<\/p>\n<p><img decoding=\"async\" src=\"http:\/\/aconteceunovale.com.br\/portal\/wp-content\/uploads\/2014\/02\/afogamento_jovem_glaucilandia_1.jpg\" alt=\"\" \/><br \/>\n<em>(Foto: Corpo de Bombeiros de Montes Claros)<\/em><\/p>\n","protected":false},"excerpt":{"rendered":"<p>Um jovem de 18 anos foi encontrado sem vida no rio Verde, em Glaucil\u00e2ndia, no Norte de Minas, a 25 km de Montes Claros, nesse domingo (2). Ele \u00e9 a segunda v\u00edtima por afogamento na cidade, e a terceira registrada pelo Corpo de Bombeiros de Montes Claros, neste ano. (Foto: Corpo de Bombeiros de Montes [&hellip;]<\/p>\n","protected":false},"author":1,"featured_media":20129,"comment_status":"open","ping_status":"closed","sticky":false,"template":"","format":"standard","meta":{"amp_status":"","footnotes":""},"categories":[1236],"tags":[1693,3823,3824],"class_list":["post-20128","post","type-post","status-publish","format-standard","has-post-thumbnail","hentry","category-norte_de_minas","tag-glaucilandia","tag-jovem-e-a-segunda-vitima-de-afogamento-neste-ano-em-glaucilandia","tag-paulo-henrique-pereira-alves"],"_links":{"self":[{"href":"https:\/\/aconteceunovale.com.br\/portal\/index.php?rest_route=\/wp\/v2\/posts\/20128","targetHints":{"allow":["GET"]}}],"collection":[{"href":"https:\/\/aconteceunovale.com.br\/portal\/index.php?rest_route=\/wp\/v2\/posts"}],"about":[{"href":"https:\/\/aconteceunovale.com.br\/portal\/index.php?rest_route=\/wp\/v2\/types\/post"}],"author":[{"embeddable":true,"href":"https:\/\/aconteceunovale.com.br\/portal\/index.php?rest_route=\/wp\/v2\/users\/1"}],"replies":[{"embeddable":true,"href":"https:\/\/aconteceunovale.com.br\/portal\/index.php?rest_route=%2Fwp%2Fv2%2Fcomments&post=20128"}],"version-history":[{"count":0,"href":"https:\/\/aconteceunovale.com.br\/portal\/index.php?rest_route=\/wp\/v2\/posts\/20128\/revisions"}],"wp:featuredmedia":[{"embeddable":true,"href":"https:\/\/aconteceunovale.com.br\/portal\/index.php?rest_route=\/wp\/v2\/media\/20129"}],"wp:attachment":[{"href":"https:\/\/aconteceunovale.com.br\/portal\/index.php?rest_route=%2Fwp%2Fv2%2Fmedia&parent=20128"}],"wp:term":[{"taxonomy":"category","embeddable":true,"href":"https:\/\/aconteceunovale.com.br\/portal\/index.php?rest_route=%2Fwp%2Fv2%2Fcategories&post=20128"},{"taxonomy":"post_tag","embeddable":true,"href":"https:\/\/aconteceunovale.com.br\/portal\/index.php?rest_route=%2Fwp%2Fv2%2Ftags&post=20128"}],"curies":[{"name":"wp","href":"https:\/\/api.w.org\/{rel}","templated":true}]}}