{"id":20124,"date":"2014-02-03T12:04:07","date_gmt":"2014-02-03T14:04:07","guid":{"rendered":"http:\/\/aconteceunovale.com.br\/portal\/?p=20124"},"modified":"2014-02-03T12:04:07","modified_gmt":"2014-02-03T14:04:07","slug":"incendio-deixa-veiculos-destruidos-em-revendedora-de-montes-claros","status":"publish","type":"post","link":"https:\/\/aconteceunovale.com.br\/portal\/?p=20124","title":{"rendered":"Inc\u00eandio deixa ve\u00edculos destru\u00eddos em revendedora de Montes Claros"},"content":{"rendered":"<p>Um inc\u00eandio de grandes propor\u00e7\u00f5es destruiu quatro ve\u00edculos de uma revendedora, na noite desse domingo (2), em Montes Claros, no Norte de Minas.<\/p>\n<p>De acordo com o Corpo de Bombeiros,  no in\u00edcio da noite a corpora\u00e7\u00e3o foi acionada para atender um principio de chamas em um com\u00e9rcio na avenida Dulce Sarmento, no bairro S\u00e3o Jos\u00e9. No local, o fogo j\u00e1 havia destru\u00eddo um Volkswagen Polo, uma Kombi, e duas motos Sundown e Husqwarna. <\/p>\n<p>A preocupa\u00e7\u00e3o dos bombeiros era de que as chamas chegassem at\u00e9 um condom\u00ednio de pr\u00e9dios  localizado ao lado do com\u00e9rcio, por\u00e9m o fogo foi controlado por seis militares da corpora\u00e7\u00e3o. Foram utilizados 4 mil litros de \u00e1gua  no controle do fogo. <\/p>\n<p>As causas do inc\u00eandio ainda n\u00e3o foram esclarecidas. A per\u00edcia da Pol\u00edcia Civil foi acionada e ir\u00e1 investigar o caso.<\/p>\n<p><img decoding=\"async\" src=\"http:\/\/aconteceunovale.com.br\/portal\/wp-content\/uploads\/2014\/02\/incendio_revendedora_veiculos_moc_1.jpg\" alt=\"\" \/><br \/>\n<em>(Foto: Corpo de Bombeiros de Montes Claros) <\/em><\/p>\n<p><img decoding=\"async\" src=\"http:\/\/aconteceunovale.com.br\/portal\/wp-content\/uploads\/2014\/02\/incendio_revendedora_veiculos_moc_2.jpg\" alt=\"\" \/><br \/>\n<em>(Foto: Corpo de Bombeiros de Montes Claros) <\/em><\/p>\n","protected":false},"excerpt":{"rendered":"<p>Um inc\u00eandio de grandes propor\u00e7\u00f5es destruiu quatro ve\u00edculos de uma revendedora, na noite desse domingo (2), em Montes Claros, no Norte de Minas. De acordo com o Corpo de Bombeiros, no in\u00edcio da noite a corpora\u00e7\u00e3o foi acionada para atender um principio de chamas em um com\u00e9rcio na avenida Dulce Sarmento, no bairro S\u00e3o Jos\u00e9. [&hellip;]<\/p>\n","protected":false},"author":1,"featured_media":20126,"comment_status":"open","ping_status":"closed","sticky":false,"template":"","format":"standard","meta":{"amp_status":"","footnotes":""},"categories":[1236],"tags":[3822,210],"class_list":["post-20124","post","type-post","status-publish","format-standard","has-post-thumbnail","hentry","category-norte_de_minas","tag-incendio-deixa-veiculos-destruidos-em-revendedora-de-montes-claros","tag-montes-claros"],"_links":{"self":[{"href":"https:\/\/aconteceunovale.com.br\/portal\/index.php?rest_route=\/wp\/v2\/posts\/20124","targetHints":{"allow":["GET"]}}],"collection":[{"href":"https:\/\/aconteceunovale.com.br\/portal\/index.php?rest_route=\/wp\/v2\/posts"}],"about":[{"href":"https:\/\/aconteceunovale.com.br\/portal\/index.php?rest_route=\/wp\/v2\/types\/post"}],"author":[{"embeddable":true,"href":"https:\/\/aconteceunovale.com.br\/portal\/index.php?rest_route=\/wp\/v2\/users\/1"}],"replies":[{"embeddable":true,"href":"https:\/\/aconteceunovale.com.br\/portal\/index.php?rest_route=%2Fwp%2Fv2%2Fcomments&post=20124"}],"version-history":[{"count":0,"href":"https:\/\/aconteceunovale.com.br\/portal\/index.php?rest_route=\/wp\/v2\/posts\/20124\/revisions"}],"wp:featuredmedia":[{"embeddable":true,"href":"https:\/\/aconteceunovale.com.br\/portal\/index.php?rest_route=\/wp\/v2\/media\/20126"}],"wp:attachment":[{"href":"https:\/\/aconteceunovale.com.br\/portal\/index.php?rest_route=%2Fwp%2Fv2%2Fmedia&parent=20124"}],"wp:term":[{"taxonomy":"category","embeddable":true,"href":"https:\/\/aconteceunovale.com.br\/portal\/index.php?rest_route=%2Fwp%2Fv2%2Fcategories&post=20124"},{"taxonomy":"post_tag","embeddable":true,"href":"https:\/\/aconteceunovale.com.br\/portal\/index.php?rest_route=%2Fwp%2Fv2%2Ftags&post=20124"}],"curies":[{"name":"wp","href":"https:\/\/api.w.org\/{rel}","templated":true}]}}