{"id":20114,"date":"2014-02-03T11:47:06","date_gmt":"2014-02-03T13:47:06","guid":{"rendered":"http:\/\/aconteceunovale.com.br\/portal\/?p=20114"},"modified":"2014-02-03T11:47:06","modified_gmt":"2014-02-03T13:47:06","slug":"cafe-da-chapada-de-minas-reune-liderancas-em-capelinha","status":"publish","type":"post","link":"https:\/\/aconteceunovale.com.br\/portal\/?p=20114","title":{"rendered":"Caf\u00e9 da Chapada de Minas re\u00fane lideran\u00e7as em Capelinha"},"content":{"rendered":"<p>O SEBRAE Minas confirmou para o dia 11 de fevereiro, ter\u00e7a-feira, de duas da tarde \u00e0s 7 da noite, na C\u00e2mara Municipal de Capelinha, a primeira reuni\u00e3o de 2014 para continuidade do trabalho de promo\u00e7\u00e3o e valoriza\u00e7\u00e3o da marca do Caf\u00e9 da Chapada de Minas. O movimento teve in\u00edcio em outubro de 2013, sendo uma iniciativa do SEBRAE Minas em parceria com a Emater, ACIAC, Sindicato dos Produtores, Prefeitura de Capelinha e cafeicultores de toda a regi\u00e3o.<\/p>\n<p>O projeto visa ampliar a competitividade da cadeia do agroneg\u00f3cio caf\u00e9 da regi\u00e3o atrav\u00e9s da integra\u00e7\u00e3o de esfor\u00e7os de diferentes atores para o desenvolvimento de a\u00e7\u00f5es de promo\u00e7\u00e3o e valoriza\u00e7\u00e3o do Caf\u00e9 da Chapada de Minas. A inten\u00e7\u00e3o \u00e9 estruturar a governan\u00e7a regional e elaborar um plano de a\u00e7\u00f5es para que o caf\u00e9 produzido na regi\u00e3o seja conhecido mundialmente. Os interessados devem confirmar presen\u00e7a na reuni\u00e3o at\u00e9 esta quinta-feira, dia 6 de fevereiro, na ACIAC ou pelo fone: (33) 3516.1414.<\/p>\n<p><img decoding=\"async\" src=\"http:\/\/aconteceunovale.com.br\/portal\/wp-content\/uploads\/2013\/10\/cafe_chapada.jpg\" alt=\"\" \/><\/p>\n","protected":false},"excerpt":{"rendered":"<p>O SEBRAE Minas confirmou para o dia 11 de fevereiro, ter\u00e7a-feira, de duas da tarde \u00e0s 7 da noite, na C\u00e2mara Municipal de Capelinha, a primeira reuni\u00e3o de 2014 para continuidade do trabalho de promo\u00e7\u00e3o e valoriza\u00e7\u00e3o da marca do Caf\u00e9 da Chapada de Minas. O movimento teve in\u00edcio em outubro de 2013, sendo uma [&hellip;]<\/p>\n","protected":false},"author":1,"featured_media":12422,"comment_status":"open","ping_status":"closed","sticky":false,"template":"","format":"standard","meta":{"amp_status":"","footnotes":""},"categories":[120],"tags":[383,3818,132],"class_list":["post-20114","post","type-post","status-publish","format-standard","has-post-thumbnail","hentry","category-jequi","tag-cafe-da-chapada-de-minas","tag-cafe-da-chapada-de-minas-reune-liderancas-em-capelinha","tag-capelinha"],"_links":{"self":[{"href":"https:\/\/aconteceunovale.com.br\/portal\/index.php?rest_route=\/wp\/v2\/posts\/20114","targetHints":{"allow":["GET"]}}],"collection":[{"href":"https:\/\/aconteceunovale.com.br\/portal\/index.php?rest_route=\/wp\/v2\/posts"}],"about":[{"href":"https:\/\/aconteceunovale.com.br\/portal\/index.php?rest_route=\/wp\/v2\/types\/post"}],"author":[{"embeddable":true,"href":"https:\/\/aconteceunovale.com.br\/portal\/index.php?rest_route=\/wp\/v2\/users\/1"}],"replies":[{"embeddable":true,"href":"https:\/\/aconteceunovale.com.br\/portal\/index.php?rest_route=%2Fwp%2Fv2%2Fcomments&post=20114"}],"version-history":[{"count":0,"href":"https:\/\/aconteceunovale.com.br\/portal\/index.php?rest_route=\/wp\/v2\/posts\/20114\/revisions"}],"wp:featuredmedia":[{"embeddable":true,"href":"https:\/\/aconteceunovale.com.br\/portal\/index.php?rest_route=\/wp\/v2\/media\/12422"}],"wp:attachment":[{"href":"https:\/\/aconteceunovale.com.br\/portal\/index.php?rest_route=%2Fwp%2Fv2%2Fmedia&parent=20114"}],"wp:term":[{"taxonomy":"category","embeddable":true,"href":"https:\/\/aconteceunovale.com.br\/portal\/index.php?rest_route=%2Fwp%2Fv2%2Fcategories&post=20114"},{"taxonomy":"post_tag","embeddable":true,"href":"https:\/\/aconteceunovale.com.br\/portal\/index.php?rest_route=%2Fwp%2Fv2%2Ftags&post=20114"}],"curies":[{"name":"wp","href":"https:\/\/api.w.org\/{rel}","templated":true}]}}