{"id":20111,"date":"2014-02-03T11:43:30","date_gmt":"2014-02-03T13:43:30","guid":{"rendered":"http:\/\/aconteceunovale.com.br\/portal\/?p=20111"},"modified":"2014-02-03T11:43:30","modified_gmt":"2014-02-03T13:43:30","slug":"predio-da-prefeitura-de-aracuai-esta-fechado-ha-3-anos-e-sem-data-para-reformas","status":"publish","type":"post","link":"https:\/\/aconteceunovale.com.br\/portal\/?p=20111","title":{"rendered":"Pr\u00e9dio da prefeitura de Ara\u00e7ua\u00ed est\u00e1 fechado h\u00e1 3 anos e sem data para reformas"},"content":{"rendered":"<p>A placa indicativa sobre dados da reforma, j\u00e1 foi retirada. H\u00e1 tr\u00eas anos o hist\u00f3rico pr\u00e9dio da prefeitura de Ara\u00e7ua\u00ed, no Vale do Jequitinhonha constru\u00eddo em 1910, no centro da cidade, aguarda pela aplica\u00e7\u00e3o de uma verba de R$ 200 mil que, segundo o atual prefeito municipal, Armando Paix\u00e3o (PT) foi devolvida.<\/p>\n<p><img decoding=\"async\" src=\"http:\/\/aconteceunovale.com.br\/portal\/wp-content\/uploads\/2014\/02\/predio_prefeitura_ara.jpg\" alt=\"\" \/><br \/>\n<em><strong>Pr\u00e9dio constru\u00eddo em 1910 est\u00e1 sofrendo danos devido ao atual quadro de abandono &#8211; (Foto: Gazeta de Ara\u00e7ua\u00ed)<\/strong><\/em><\/p>\n<p>A placa  afixada em frente ao pr\u00e9dio, meses antes das elei\u00e7\u00f5es de 2012,  informava  que a obra  do Governo de Minas, seria finalizada dentro de 120 dias. \u201cN\u00e3o recebi a ordem de servi\u00e7o para iniciar os trabalhos\u201d, afirmou o diretor da Empresa Marques e Aguilar, de Coronel Murta, que venceu a licita\u00e7\u00e3o.<\/p>\n<p>Ele disse ainda que o pre\u00e7o da obra est\u00e1 defasado e dever\u00e1 ser feito uma outra planilha de custo, j\u00e1 que existe uma exig\u00eancia para instala\u00e7\u00e3o de um elevador .<\/p>\n<p>O recurso foi liberado em 2012 atrav\u00e9s do Fundo Estadual de Direitos Difusos, mas, problemas burocr\u00e1ticos com a documenta\u00e7\u00e3o,  atrasaram o repasse.<\/p>\n<p>A prefeitura ainda n\u00e3o divulgou nenhuma informa\u00e7\u00e3o sobre as provid\u00eancias a serem tomadas com rela\u00e7\u00e3o \u00e0 preserva\u00e7\u00e3o do pr\u00e9dio e nem respondeu, atrav\u00e9s da Assessoria de Comunica\u00e7\u00e3o, o pedido de esclarecimentos feito pelo jornal.<\/p>\n<p>A atual situa\u00e7\u00e3o de abandono em que se encontra o pr\u00e9dio est\u00e1 causando indigna\u00e7\u00e3o \u00e0 popula\u00e7\u00e3o.<\/p>\n<p>Atualmente a prefeitura funciona em um im\u00f3vel alugado por cerca de R$ 8 mil mensais.<\/p>\n<p><strong>Administra\u00e7\u00e3o n\u00e3o atende recomenda\u00e7\u00e3o do Minist\u00e9rio P\u00fablico<\/strong><\/p>\n<p>Em setembro de 2010 a Promotoria Estadual de Defesa do Patrim\u00f4nio Cultural elaborou um laudo t\u00e9cnico sobre a edifica\u00e7\u00e3o,  atendendo \u00e0 solicita\u00e7\u00e3o do ent\u00e3o promotor de Justi\u00e7a da Comarca, Randal Bianchini.<\/p>\n<p>Assinado pela arquiteta Andrea Lanna Mendes Novais, analista do Minist\u00e9rio P\u00fablico, o laudo atesta que o pr\u00e9dio constitui importante referencial para a preserva\u00e7\u00e3o da mem\u00f3ria da cidade, com significados hist\u00f3rico e arquitet\u00f4nico dignos de prote\u00e7\u00e3o.<\/p>\n<p>De acordo com o laudo, toda a fia\u00e7\u00e3o el\u00e9trica do pr\u00e9dio deve ser removida, bem como recupera\u00e7\u00e3o das esquadrias e ferragens, fazer nova pintura e retirar as \u00e1rvores que existem em uma das laterais, que est\u00e1 colocando em risco toda a estrutura do pr\u00e9dio. Nem isso foi feito.<\/p>\n<p>Tamb\u00e9m dever\u00e1 haver revis\u00e3o completa dos sistemas hidr\u00e1ulicos e de esgoto. A \u00e1gua e a umidade  \u00e9 a principal causa da queda dos rebocos das paredes externas e internas.<\/p>\n<p>O laudo sugere tamb\u00e9m, manuten\u00e7\u00e3o peri\u00f3dica da edifica\u00e7\u00e3o, atrav\u00e9s de conserva\u00e7\u00e3o preventiva, que s\u00e3o interven\u00e7\u00f5es de menor complexidade e baixo custo e que possibilitam prevenir danos maiores.<\/p>\n<p><strong>Gastos com aluguel<\/strong><\/p>\n<p>Desde que o pr\u00e9dio foi fechado pelo ent\u00e3o prefeito A\u00e9cio Jardim, (2008-2012) sob alega\u00e7\u00e3o de que n\u00e3o oferecia seguran\u00e7a, o munic\u00edpio vem pagando aluguel de cerca de R$ 8 mil, para funcionamento da estrutura administrativa do gabinete, hoje instalado na Rua Dom Serafim.<\/p>\n<p>O antigo pr\u00e9dio da prefeitura \u00e9 tombado atrav\u00e9s da Lei Org\u00e2nica Municipal n\u00famero 17\/2002.<\/p>\n<p>Entretanto, o Dossi\u00ea de Tombamento n\u00e3o foi encaminhado ao IEPHA &#8211; Instituto Estadual de Patrim\u00f4nio Hist\u00f3rico e Art\u00edstico de Minas Gerais &#8211;  para que o munic\u00edpio possa ter direito \u00e0 pontua\u00e7\u00e3o do ICMS Cultural.<\/p>\n<p>Em Minas Gerais, a legisla\u00e7\u00e3o incluiu entre os crit\u00e9rios para distribui\u00e7\u00e3o do imposto, os investimentos realizados na preserva\u00e7\u00e3o  do patrim\u00f4nio cultural.<\/p>\n<p><em>(Fonte: Gazeta de Ara\u00e7ua\u00ed)<\/em><\/p>\n","protected":false},"excerpt":{"rendered":"<p>A placa indicativa sobre dados da reforma, j\u00e1 foi retirada. H\u00e1 tr\u00eas anos o hist\u00f3rico pr\u00e9dio da prefeitura de Ara\u00e7ua\u00ed, no Vale do Jequitinhonha constru\u00eddo em 1910, no centro da cidade, aguarda pela aplica\u00e7\u00e3o de uma verba de R$ 200 mil que, segundo o atual prefeito municipal, Armando Paix\u00e3o (PT) foi devolvida. Pr\u00e9dio constru\u00eddo em [&hellip;]<\/p>\n","protected":false},"author":1,"featured_media":20112,"comment_status":"open","ping_status":"closed","sticky":false,"template":"","format":"standard","meta":{"amp_status":"","footnotes":""},"categories":[120],"tags":[186,3817],"class_list":["post-20111","post","type-post","status-publish","format-standard","has-post-thumbnail","hentry","category-jequi","tag-aracuai","tag-predio-da-prefeitura-de-aracuai-esta-fechado-ha-3-anos-e-sem-data-para-reformas"],"_links":{"self":[{"href":"https:\/\/aconteceunovale.com.br\/portal\/index.php?rest_route=\/wp\/v2\/posts\/20111","targetHints":{"allow":["GET"]}}],"collection":[{"href":"https:\/\/aconteceunovale.com.br\/portal\/index.php?rest_route=\/wp\/v2\/posts"}],"about":[{"href":"https:\/\/aconteceunovale.com.br\/portal\/index.php?rest_route=\/wp\/v2\/types\/post"}],"author":[{"embeddable":true,"href":"https:\/\/aconteceunovale.com.br\/portal\/index.php?rest_route=\/wp\/v2\/users\/1"}],"replies":[{"embeddable":true,"href":"https:\/\/aconteceunovale.com.br\/portal\/index.php?rest_route=%2Fwp%2Fv2%2Fcomments&post=20111"}],"version-history":[{"count":0,"href":"https:\/\/aconteceunovale.com.br\/portal\/index.php?rest_route=\/wp\/v2\/posts\/20111\/revisions"}],"wp:featuredmedia":[{"embeddable":true,"href":"https:\/\/aconteceunovale.com.br\/portal\/index.php?rest_route=\/wp\/v2\/media\/20112"}],"wp:attachment":[{"href":"https:\/\/aconteceunovale.com.br\/portal\/index.php?rest_route=%2Fwp%2Fv2%2Fmedia&parent=20111"}],"wp:term":[{"taxonomy":"category","embeddable":true,"href":"https:\/\/aconteceunovale.com.br\/portal\/index.php?rest_route=%2Fwp%2Fv2%2Fcategories&post=20111"},{"taxonomy":"post_tag","embeddable":true,"href":"https:\/\/aconteceunovale.com.br\/portal\/index.php?rest_route=%2Fwp%2Fv2%2Ftags&post=20111"}],"curies":[{"name":"wp","href":"https:\/\/api.w.org\/{rel}","templated":true}]}}