{"id":20089,"date":"2014-02-02T10:54:06","date_gmt":"2014-02-02T12:54:06","guid":{"rendered":"http:\/\/aconteceunovale.com.br\/portal\/?p=20089"},"modified":"2014-02-02T10:54:06","modified_gmt":"2014-02-02T12:54:06","slug":"jovens-de-carai-morrem-em-tragico-acidente-na-mg-342","status":"publish","type":"post","link":"https:\/\/aconteceunovale.com.br\/portal\/?p=20089","title":{"rendered":"Jovens de Cara\u00ed morrem em tr\u00e1gico acidente na MG-342"},"content":{"rendered":"<p>Um acidente grav\u00edssimo na MG-342, estrada que liga o munic\u00edpio de Cara\u00ed \u00e0 BR-116, deixou de luto o munic\u00edpio de Cara\u00ed, no Vale do Jequitinhonha.<\/p>\n<p><img decoding=\"async\" src=\"http:\/\/aconteceunovale.com.br\/portal\/wp-content\/uploads\/2014\/02\/acidente_jovens_carai_1.jpg\" alt=\"\" \/><br \/>\n<em>(Foto: Reprodu\u00e7\u00e3o Facebook)<\/em><\/p>\n<p>Segundo informa\u00e7\u00f5es, na madrugada de sexta para s\u00e1bado (01\/02), o condutor do ve\u00edculo Ranger perdeu o controle em uma curva, no local conhecido como \u201cMorro do Sapo\u201d, caindo em uma ribanceira de aproximadamente 100 metros. O acidente vitimou os jovens conhecidos como Ernani, Renan e Judicely.<\/p>\n<p>Ainda segundo relatos, os jovens sa\u00edram de um evento em Cara\u00ed e resolveram seguir para Catuji, mas acabaram se acidentando de forma tr\u00e1gica.<\/p>\n<p><img decoding=\"async\" src=\"http:\/\/aconteceunovale.com.br\/portal\/wp-content\/uploads\/2014\/02\/acidente_jovens_carai_2.jpg\" alt=\"\" \/><br \/>\n<em>(Foto: Reprodu\u00e7\u00e3o Facebook)<\/em><\/p>\n<p><img decoding=\"async\" src=\"http:\/\/aconteceunovale.com.br\/portal\/wp-content\/uploads\/2014\/02\/acidente_jovens_carai_3.jpg\" alt=\"\" \/><br \/>\n<em>(Foto: Reprodu\u00e7\u00e3o Facebook)<\/em><\/p>\n<p><img decoding=\"async\" src=\"http:\/\/aconteceunovale.com.br\/portal\/wp-content\/uploads\/2014\/02\/acidente_jovens_carai_4.jpg\" alt=\"\" \/><br \/>\n<em>(Foto: Reprodu\u00e7\u00e3o Facebook)<\/em><\/p>\n<p><em>(Fonte: NC VIP, com altera\u00e7\u00f5es do Aconteceu no Vale)<\/em><\/p>\n","protected":false},"excerpt":{"rendered":"<p>Um acidente grav\u00edssimo na MG-342, estrada que liga o munic\u00edpio de Cara\u00ed \u00e0 BR-116, deixou de luto o munic\u00edpio de Cara\u00ed, no Vale do Jequitinhonha. (Foto: Reprodu\u00e7\u00e3o Facebook) Segundo informa\u00e7\u00f5es, na madrugada de sexta para s\u00e1bado (01\/02), o condutor do ve\u00edculo Ranger perdeu o controle em uma curva, no local conhecido como \u201cMorro do Sapo\u201d, [&hellip;]<\/p>\n","protected":false},"author":1,"featured_media":20093,"comment_status":"open","ping_status":"closed","sticky":false,"template":"","format":"standard","meta":{"amp_status":"","footnotes":""},"categories":[120],"tags":[490,660,3805],"class_list":["post-20089","post","type-post","status-publish","format-standard","has-post-thumbnail","hentry","category-jequi","tag-carai","tag-catuji","tag-jovens-de-carai-morrem-em-tragico-acidente-na-mg-342"],"_links":{"self":[{"href":"https:\/\/aconteceunovale.com.br\/portal\/index.php?rest_route=\/wp\/v2\/posts\/20089","targetHints":{"allow":["GET"]}}],"collection":[{"href":"https:\/\/aconteceunovale.com.br\/portal\/index.php?rest_route=\/wp\/v2\/posts"}],"about":[{"href":"https:\/\/aconteceunovale.com.br\/portal\/index.php?rest_route=\/wp\/v2\/types\/post"}],"author":[{"embeddable":true,"href":"https:\/\/aconteceunovale.com.br\/portal\/index.php?rest_route=\/wp\/v2\/users\/1"}],"replies":[{"embeddable":true,"href":"https:\/\/aconteceunovale.com.br\/portal\/index.php?rest_route=%2Fwp%2Fv2%2Fcomments&post=20089"}],"version-history":[{"count":0,"href":"https:\/\/aconteceunovale.com.br\/portal\/index.php?rest_route=\/wp\/v2\/posts\/20089\/revisions"}],"wp:featuredmedia":[{"embeddable":true,"href":"https:\/\/aconteceunovale.com.br\/portal\/index.php?rest_route=\/wp\/v2\/media\/20093"}],"wp:attachment":[{"href":"https:\/\/aconteceunovale.com.br\/portal\/index.php?rest_route=%2Fwp%2Fv2%2Fmedia&parent=20089"}],"wp:term":[{"taxonomy":"category","embeddable":true,"href":"https:\/\/aconteceunovale.com.br\/portal\/index.php?rest_route=%2Fwp%2Fv2%2Fcategories&post=20089"},{"taxonomy":"post_tag","embeddable":true,"href":"https:\/\/aconteceunovale.com.br\/portal\/index.php?rest_route=%2Fwp%2Fv2%2Ftags&post=20089"}],"curies":[{"name":"wp","href":"https:\/\/api.w.org\/{rel}","templated":true}]}}