{"id":20079,"date":"2014-02-01T21:44:40","date_gmt":"2014-02-01T23:44:40","guid":{"rendered":"http:\/\/aconteceunovale.com.br\/portal\/?p=20079"},"modified":"2014-02-01T21:44:40","modified_gmt":"2014-02-01T23:44:40","slug":"prefeitura-de-minas-novas-divulga-programacao-oficial-do-carnaval-bom-demais-2014","status":"publish","type":"post","link":"https:\/\/aconteceunovale.com.br\/portal\/?p=20079","title":{"rendered":"Prefeitura de Minas Novas divulga programa\u00e7\u00e3o oficial do Carnaval Bom Demais 2014"},"content":{"rendered":"<p>Acontece no per\u00edodo de 28 de fevereiro a 04 de mar\u00e7o de 2014, o tradicional carnaval de Minas Novas, no Vale do Jequitinhonha.<\/p>\n<p>Em 2014, o Carnaval Bom Demais ter\u00e1 shows com a Banda Barco a Vela, Swing do Luh (ex Guig Ghetto), Batuker\u00ea, Mania de Toalha e Junior Garcia.<\/p>\n<p>Al\u00e9m do Carnaval da Barragem, Carnaval Infantil (matin\u00ea), Carnaval da melhor idade, Marchinhas com a Corpora\u00e7\u00e3o Musical &#8220;Euterpe Concei\u00e7\u00e3o&#8221; e a presen\u00e7a do Palha\u00e7o Frajola e sua trupe.<\/p>\n<p>Minas Novas espera por voc\u00ea!<\/p>\n<p><img decoding=\"async\" src=\"http:\/\/aconteceunovale.com.br\/portal\/wp-content\/uploads\/2014\/02\/minas_novas_carnaval_2014.jpg\" alt=\"\" \/><\/p>\n","protected":false},"excerpt":{"rendered":"<p>Acontece no per\u00edodo de 28 de fevereiro a 04 de mar\u00e7o de 2014, o tradicional carnaval de Minas Novas, no Vale do Jequitinhonha. Em 2014, o Carnaval Bom Demais ter\u00e1 shows com a Banda Barco a Vela, Swing do Luh (ex Guig Ghetto), Batuker\u00ea, Mania de Toalha e Junior Garcia. Al\u00e9m do Carnaval da Barragem, [&hellip;]<\/p>\n","protected":false},"author":1,"featured_media":20080,"comment_status":"open","ping_status":"closed","sticky":false,"template":"","format":"standard","meta":{"amp_status":"","footnotes":""},"categories":[125],"tags":[3649,3801,137,3800],"class_list":["post-20079","post","type-post","status-publish","format-standard","has-post-thumbnail","hentry","category-noticias","tag-carnaval-2014","tag-carnaval-bom-demais-2014","tag-minas-novas","tag-prefeitura-de-minas-novas-divulga-programacao-oficial-do-carnaval-bom-demais-2014"],"_links":{"self":[{"href":"https:\/\/aconteceunovale.com.br\/portal\/index.php?rest_route=\/wp\/v2\/posts\/20079","targetHints":{"allow":["GET"]}}],"collection":[{"href":"https:\/\/aconteceunovale.com.br\/portal\/index.php?rest_route=\/wp\/v2\/posts"}],"about":[{"href":"https:\/\/aconteceunovale.com.br\/portal\/index.php?rest_route=\/wp\/v2\/types\/post"}],"author":[{"embeddable":true,"href":"https:\/\/aconteceunovale.com.br\/portal\/index.php?rest_route=\/wp\/v2\/users\/1"}],"replies":[{"embeddable":true,"href":"https:\/\/aconteceunovale.com.br\/portal\/index.php?rest_route=%2Fwp%2Fv2%2Fcomments&post=20079"}],"version-history":[{"count":0,"href":"https:\/\/aconteceunovale.com.br\/portal\/index.php?rest_route=\/wp\/v2\/posts\/20079\/revisions"}],"wp:featuredmedia":[{"embeddable":true,"href":"https:\/\/aconteceunovale.com.br\/portal\/index.php?rest_route=\/wp\/v2\/media\/20080"}],"wp:attachment":[{"href":"https:\/\/aconteceunovale.com.br\/portal\/index.php?rest_route=%2Fwp%2Fv2%2Fmedia&parent=20079"}],"wp:term":[{"taxonomy":"category","embeddable":true,"href":"https:\/\/aconteceunovale.com.br\/portal\/index.php?rest_route=%2Fwp%2Fv2%2Fcategories&post=20079"},{"taxonomy":"post_tag","embeddable":true,"href":"https:\/\/aconteceunovale.com.br\/portal\/index.php?rest_route=%2Fwp%2Fv2%2Ftags&post=20079"}],"curies":[{"name":"wp","href":"https:\/\/api.w.org\/{rel}","templated":true}]}}