{"id":20072,"date":"2014-02-01T21:20:46","date_gmt":"2014-02-01T23:20:46","guid":{"rendered":"http:\/\/aconteceunovale.com.br\/portal\/?p=20072"},"modified":"2014-02-01T21:21:18","modified_gmt":"2014-02-01T23:21:18","slug":"itamarandiba-ganha-nova-paroquia","status":"publish","type":"post","link":"https:\/\/aconteceunovale.com.br\/portal\/?p=20072","title":{"rendered":"Itamarandiba ganha nova par\u00f3quia"},"content":{"rendered":"<p>Neste domingo (02\/02) uma  Concelebra\u00e7\u00e3o Eucar\u00edstica marcar\u00e1 a instala\u00e7\u00e3o de nova par\u00f3quia na cidade de Itamarandiba, no Vale do Jequitinhonha.<\/p>\n<p><img decoding=\"async\" src=\"http:\/\/aconteceunovale.com.br\/portal\/wp-content\/uploads\/2014\/02\/matriz_ita.jpg\" alt=\"\" \/><br \/>\n<em>(Matriz de Itamarandiba)<\/em><\/p>\n<p>A Igreja Cat\u00f3lica, atrav\u00e9s de proposta do Arcebispo da Arquidioce de Diamantina, Dom Jo\u00e3o Bosco Oliver de Faria, aprovou a instala\u00e7\u00e3o de nova par\u00f3quia no munic\u00edpio.<\/p>\n<p>A par\u00f3quia ter\u00e1 como sede a capela de S\u00e3o Sebasti\u00e3o, no bairro Fazendinha, que passar\u00e1 a ser a sua Matriz e levar\u00e1 seu nome. \u00c9 um antigo sonho da comunidade cat\u00f3lica do munic\u00edpio que agora se torna realidade.<\/p>\n<p>As celebra\u00e7\u00f5es come\u00e7am \u00e0s  18h, com carreata saindo do trevo da cidade para acolhida do novo par\u00f3co, que ser\u00e1 feita por Dom Jo\u00e3o Bosco, na matriz de S\u00e3o Jo\u00e3o Batista.<\/p>\n<p>De l\u00e1, seguir\u00e3o em caminhada pelas ruas,  at\u00e9 a comunidade de S\u00e3o Sebasti\u00e3o, onde ter\u00e1 lugar a Concelebra\u00e7\u00e3o de instala\u00e7\u00e3o da Par\u00f3quia.<\/p>\n<p>O Monsenhor Geraldo das Gra\u00e7as Borges, antigo p\u00e1roco da Par\u00f3quia Sagrado Cora\u00e7\u00e3o de Jesus de Diamantina, ser\u00e1 o p\u00e1roco da Par\u00f3quia de S\u00e3o Sebasti\u00e3o.<\/p>\n<p><em>(Fonte: Gazeta de Ara\u00e7ua\u00ed)<\/em><\/p>\n","protected":false},"excerpt":{"rendered":"<p>Neste domingo (02\/02) uma Concelebra\u00e7\u00e3o Eucar\u00edstica marcar\u00e1 a instala\u00e7\u00e3o de nova par\u00f3quia na cidade de Itamarandiba, no Vale do Jequitinhonha. (Matriz de Itamarandiba) A Igreja Cat\u00f3lica, atrav\u00e9s de proposta do Arcebispo da Arquidioce de Diamantina, Dom Jo\u00e3o Bosco Oliver de Faria, aprovou a instala\u00e7\u00e3o de nova par\u00f3quia no munic\u00edpio. A par\u00f3quia ter\u00e1 como sede a [&hellip;]<\/p>\n","protected":false},"author":1,"featured_media":20073,"comment_status":"open","ping_status":"closed","sticky":false,"template":"","format":"standard","meta":{"amp_status":"","footnotes":""},"categories":[120],"tags":[149,3796],"class_list":["post-20072","post","type-post","status-publish","format-standard","has-post-thumbnail","hentry","category-jequi","tag-itamarandiba","tag-itamarandiba-ganha-nova-paroquia"],"_links":{"self":[{"href":"https:\/\/aconteceunovale.com.br\/portal\/index.php?rest_route=\/wp\/v2\/posts\/20072","targetHints":{"allow":["GET"]}}],"collection":[{"href":"https:\/\/aconteceunovale.com.br\/portal\/index.php?rest_route=\/wp\/v2\/posts"}],"about":[{"href":"https:\/\/aconteceunovale.com.br\/portal\/index.php?rest_route=\/wp\/v2\/types\/post"}],"author":[{"embeddable":true,"href":"https:\/\/aconteceunovale.com.br\/portal\/index.php?rest_route=\/wp\/v2\/users\/1"}],"replies":[{"embeddable":true,"href":"https:\/\/aconteceunovale.com.br\/portal\/index.php?rest_route=%2Fwp%2Fv2%2Fcomments&post=20072"}],"version-history":[{"count":0,"href":"https:\/\/aconteceunovale.com.br\/portal\/index.php?rest_route=\/wp\/v2\/posts\/20072\/revisions"}],"wp:featuredmedia":[{"embeddable":true,"href":"https:\/\/aconteceunovale.com.br\/portal\/index.php?rest_route=\/wp\/v2\/media\/20073"}],"wp:attachment":[{"href":"https:\/\/aconteceunovale.com.br\/portal\/index.php?rest_route=%2Fwp%2Fv2%2Fmedia&parent=20072"}],"wp:term":[{"taxonomy":"category","embeddable":true,"href":"https:\/\/aconteceunovale.com.br\/portal\/index.php?rest_route=%2Fwp%2Fv2%2Fcategories&post=20072"},{"taxonomy":"post_tag","embeddable":true,"href":"https:\/\/aconteceunovale.com.br\/portal\/index.php?rest_route=%2Fwp%2Fv2%2Ftags&post=20072"}],"curies":[{"name":"wp","href":"https:\/\/api.w.org\/{rel}","templated":true}]}}