{"id":20070,"date":"2014-02-01T21:18:15","date_gmt":"2014-02-01T23:18:15","guid":{"rendered":"http:\/\/aconteceunovale.com.br\/portal\/?p=20070"},"modified":"2014-02-01T21:18:15","modified_gmt":"2014-02-01T23:18:15","slug":"itaobim-recebera-seminario-sobre-protecao-das-criancas-e-adolescentes","status":"publish","type":"post","link":"https:\/\/aconteceunovale.com.br\/portal\/?p=20070","title":{"rendered":"Itaobim receber\u00e1 semin\u00e1rio sobre prote\u00e7\u00e3o das crian\u00e7as e adolescentes"},"content":{"rendered":"<p>Nos dias 14 e 15 de fevereiro, a cidade de Itaobim , no Vale do Jequitinhonha (MG), receber\u00e1 o Semin\u00e1rio VALE PROTEGE.<\/p>\n<p>O semin\u00e1rio \u00e9 um convite para o encontro reflexivo entre institui\u00e7\u00f5es filantr\u00f3picas e p\u00fablicas que atuando no territ\u00f3rio do m\u00e9dio Jequitinhonha estejam diretamente ligadas \u00e0 Promo\u00e7\u00e3o, Defesa e Controle da Efetiva\u00e7\u00e3o da Prote\u00e7\u00e3o a crian\u00e7as e adolescentes.<\/p>\n<p>O Semin\u00e1rio VALE PROTEGE, permitir\u00e1 conhecer com proximidade as a\u00e7\u00f5es dessa natureza desenvolvidas no m\u00e9dio Jequitinhonha, reconhecendo os desafios e sucessos no que tange \u00e0 prote\u00e7\u00e3o.<\/p>\n<p>Assim, constituir-se-\u00e1 num espa\u00e7o para ampliar a visibilidade das a\u00e7\u00f5es promovidas pelas institui\u00e7\u00f5es, fortalecendo-as frente \u00e0s comunidades, ao poder p\u00fablico e aos demais segmentos da sociedade.<\/p>\n<p>O Semin\u00e1rio pretende ser um lugar de debate para a experimenta\u00e7\u00e3o de novos direcionamentos que a conjuntura brasileira e regional exige, ou seja, uma possibilidade de capacita\u00e7\u00e3o e amplia\u00e7\u00e3o do di\u00e1logo com os diversos colaboradores, institui\u00e7\u00f5es, pesquisadores, estudantes, volunt\u00e1rios e profissionais da \u00e1rea da assist\u00eancia social e outros sujeitos das \u00e1reas educacionais, art\u00edsticas e de sa\u00fade, na constru\u00e7\u00e3o de pol\u00edticas que fortale\u00e7am a garantia de direitos e de futuro digno \u00e0s crian\u00e7as, adolescentes e jovens da regi\u00e3o.<\/p>\n<p>O Semin\u00e1rio Vale Protege \u00e9 uma iniciativa do PDA Ponto dos Volantes, da APACA &#8211; Associa\u00e7\u00e3o dos Produtores e Agentes Culturiais atrav\u00e9s da Arte\/Padre Para\u00edso, e do Projeto Juventude em Alertas\/Padre Para\u00edso.<\/p>\n<p><img decoding=\"async\" src=\"http:\/\/aconteceunovale.com.br\/portal\/wp-content\/uploads\/2013\/10\/itaobim.jpg\" alt=\"\" \/><\/p>\n","protected":false},"excerpt":{"rendered":"<p>Nos dias 14 e 15 de fevereiro, a cidade de Itaobim , no Vale do Jequitinhonha (MG), receber\u00e1 o Semin\u00e1rio VALE PROTEGE. O semin\u00e1rio \u00e9 um convite para o encontro reflexivo entre institui\u00e7\u00f5es filantr\u00f3picas e p\u00fablicas que atuando no territ\u00f3rio do m\u00e9dio Jequitinhonha estejam diretamente ligadas \u00e0 Promo\u00e7\u00e3o, Defesa e Controle da Efetiva\u00e7\u00e3o da Prote\u00e7\u00e3o [&hellip;]<\/p>\n","protected":false},"author":1,"featured_media":12455,"comment_status":"open","ping_status":"closed","sticky":false,"template":"","format":"standard","meta":{"amp_status":"","footnotes":""},"categories":[120],"tags":[391,3795],"class_list":["post-20070","post","type-post","status-publish","format-standard","has-post-thumbnail","hentry","category-jequi","tag-itaobim","tag-itaobim-recebera-seminario-sobre-protecao-das-criancas-e-adolescentes"],"_links":{"self":[{"href":"https:\/\/aconteceunovale.com.br\/portal\/index.php?rest_route=\/wp\/v2\/posts\/20070","targetHints":{"allow":["GET"]}}],"collection":[{"href":"https:\/\/aconteceunovale.com.br\/portal\/index.php?rest_route=\/wp\/v2\/posts"}],"about":[{"href":"https:\/\/aconteceunovale.com.br\/portal\/index.php?rest_route=\/wp\/v2\/types\/post"}],"author":[{"embeddable":true,"href":"https:\/\/aconteceunovale.com.br\/portal\/index.php?rest_route=\/wp\/v2\/users\/1"}],"replies":[{"embeddable":true,"href":"https:\/\/aconteceunovale.com.br\/portal\/index.php?rest_route=%2Fwp%2Fv2%2Fcomments&post=20070"}],"version-history":[{"count":0,"href":"https:\/\/aconteceunovale.com.br\/portal\/index.php?rest_route=\/wp\/v2\/posts\/20070\/revisions"}],"wp:featuredmedia":[{"embeddable":true,"href":"https:\/\/aconteceunovale.com.br\/portal\/index.php?rest_route=\/wp\/v2\/media\/12455"}],"wp:attachment":[{"href":"https:\/\/aconteceunovale.com.br\/portal\/index.php?rest_route=%2Fwp%2Fv2%2Fmedia&parent=20070"}],"wp:term":[{"taxonomy":"category","embeddable":true,"href":"https:\/\/aconteceunovale.com.br\/portal\/index.php?rest_route=%2Fwp%2Fv2%2Fcategories&post=20070"},{"taxonomy":"post_tag","embeddable":true,"href":"https:\/\/aconteceunovale.com.br\/portal\/index.php?rest_route=%2Fwp%2Fv2%2Ftags&post=20070"}],"curies":[{"name":"wp","href":"https:\/\/api.w.org\/{rel}","templated":true}]}}