{"id":20067,"date":"2014-02-01T21:15:31","date_gmt":"2014-02-01T23:15:31","guid":{"rendered":"http:\/\/aconteceunovale.com.br\/portal\/?p=20067"},"modified":"2014-02-01T21:21:45","modified_gmt":"2014-02-01T23:21:45","slug":"comunicacao-comunitaria-foi-a-pauta-do-3o-encontro-de-comunicadores-em-jequitinhonha","status":"publish","type":"post","link":"https:\/\/aconteceunovale.com.br\/portal\/?p=20067","title":{"rendered":"Comunica\u00e7\u00e3o Comunit\u00e1ria foi a pauta do 3\u00ba Encontro de Comunicadores em Jequitinhonha"},"content":{"rendered":"<p>A cidade de Jequitinhonha recebeu entre os dias 23 e 25 de janeiro a terceira edi\u00e7\u00e3o do Encontro de Comunicadores do Vale do Jequitinhonha, que neste ano prop\u00f4s discuss\u00f5es em torno do tema \u201cComo trazer o comunit\u00e1rio para a comunica\u00e7\u00e3o? O que h\u00e1 de comunit\u00e1rio na comunica\u00e7\u00e3o comunit\u00e1ria?\u201d.<\/p>\n<p><img decoding=\"async\" src=\"http:\/\/aconteceunovale.com.br\/portal\/wp-content\/uploads\/2014\/02\/encontro_comunicadores_vale_jequi_01.jpg\" alt=\"\" \/><\/p>\n<p>O evento foi promovido pelo Programa Polo Jequitinhonha em parceria com as ONGs Associa\u00e7\u00e3o Imagem Comunit\u00e1ria e Oficina de Imagens, al\u00e9m da TV Jequi, iniciativa de produ\u00e7\u00e3o audiovisual feita por jovens da cidade, fruto da primeira edi\u00e7\u00e3o do Encontro de Comunicadores realizada no ano de 2012 em Itaobim.<\/p>\n<p>Cerca de 100 participantes, vindos de 11 munic\u00edpios da regi\u00e3o e at\u00e9 mesmo dos estados da Bahia e do Esp\u00edrito Santo, puderam participar da programa\u00e7\u00e3o do Encontro, que contou com mesas redondas, oficinas e um sarau cultural, durante o qual ocorreram apresenta\u00e7\u00f5es art\u00edsticas de grupos da cidade.<\/p>\n<p>Ao avaliar n\u00e3o apenas esta edi\u00e7\u00e3o do Encontro de Comunicadores, mas a trajet\u00f3ria das discuss\u00f5es tra\u00e7adas desde os anos anteriores, o professor  M\u00e1rcio Simeone Henriques &#8211; coordenador dos projetos Conex\u00f5es do Vale, Suporte de Comunica\u00e7\u00e3o e Educa\u00e7\u00e3o Audiovisual &#8211; demonstra entusiasmo: \u201cEstamos vendo o amadurecimento e a consolida\u00e7\u00e3o n\u00e3o s\u00f3 do p\u00fablico participante, como tamb\u00e9m das discuss\u00f5es. Al\u00e9m disso, podemos perceber a multiplica\u00e7\u00e3o das iniciativas de comunica\u00e7\u00e3o tendo como refer\u00eancia os encontros j\u00e1 realizados\u201d, afirma.<\/p>\n<p>J\u00e1 Fellipe Matos, da TV Jequi, exaltou a oportunidade de atuar na organiza\u00e7\u00e3o do evento: \u201cParticipar do III Encontro de Comunicadores do Vale do Jequitinhonha foi algo inesquec\u00edvel e de grande aprendizado. Fazer parte da organiza\u00e7\u00e3o \u00e9 sinal que nosso trabalho esta sendo reconhecido e valorizado\u201d.<\/p>\n<p>Representantes da cidade de Pedra Azul, localizada no Baixo Jequitinhonha, demonstraram durante o evento o interesse de que a cidade sediasse o pr\u00f3ximo Encontro de Comunicadores, previsto para janeiro de 2014.<\/p>\n<p><em>(Fonte: UFMG)<\/em><\/p>\n","protected":false},"excerpt":{"rendered":"<p>A cidade de Jequitinhonha recebeu entre os dias 23 e 25 de janeiro a terceira edi\u00e7\u00e3o do Encontro de Comunicadores do Vale do Jequitinhonha, que neste ano prop\u00f4s discuss\u00f5es em torno do tema \u201cComo trazer o comunit\u00e1rio para a comunica\u00e7\u00e3o? O que h\u00e1 de comunit\u00e1rio na comunica\u00e7\u00e3o comunit\u00e1ria?\u201d. O evento foi promovido pelo Programa Polo [&hellip;]<\/p>\n","protected":false},"author":1,"featured_media":20068,"comment_status":"open","ping_status":"closed","sticky":false,"template":"","format":"standard","meta":{"amp_status":"","footnotes":""},"categories":[120],"tags":[3794,455,206030],"class_list":["post-20067","post","type-post","status-publish","format-standard","has-post-thumbnail","hentry","category-jequi","tag-comunicacao-comunitaria-foi-a-pauta-do-3o-encontro-de-comunicadores-em-jequitinhonha","tag-pedra-azul","tag-jequi"],"_links":{"self":[{"href":"https:\/\/aconteceunovale.com.br\/portal\/index.php?rest_route=\/wp\/v2\/posts\/20067","targetHints":{"allow":["GET"]}}],"collection":[{"href":"https:\/\/aconteceunovale.com.br\/portal\/index.php?rest_route=\/wp\/v2\/posts"}],"about":[{"href":"https:\/\/aconteceunovale.com.br\/portal\/index.php?rest_route=\/wp\/v2\/types\/post"}],"author":[{"embeddable":true,"href":"https:\/\/aconteceunovale.com.br\/portal\/index.php?rest_route=\/wp\/v2\/users\/1"}],"replies":[{"embeddable":true,"href":"https:\/\/aconteceunovale.com.br\/portal\/index.php?rest_route=%2Fwp%2Fv2%2Fcomments&post=20067"}],"version-history":[{"count":0,"href":"https:\/\/aconteceunovale.com.br\/portal\/index.php?rest_route=\/wp\/v2\/posts\/20067\/revisions"}],"wp:featuredmedia":[{"embeddable":true,"href":"https:\/\/aconteceunovale.com.br\/portal\/index.php?rest_route=\/wp\/v2\/media\/20068"}],"wp:attachment":[{"href":"https:\/\/aconteceunovale.com.br\/portal\/index.php?rest_route=%2Fwp%2Fv2%2Fmedia&parent=20067"}],"wp:term":[{"taxonomy":"category","embeddable":true,"href":"https:\/\/aconteceunovale.com.br\/portal\/index.php?rest_route=%2Fwp%2Fv2%2Fcategories&post=20067"},{"taxonomy":"post_tag","embeddable":true,"href":"https:\/\/aconteceunovale.com.br\/portal\/index.php?rest_route=%2Fwp%2Fv2%2Ftags&post=20067"}],"curies":[{"name":"wp","href":"https:\/\/api.w.org\/{rel}","templated":true}]}}