{"id":20062,"date":"2014-02-01T21:06:28","date_gmt":"2014-02-01T23:06:28","guid":{"rendered":"http:\/\/aconteceunovale.com.br\/portal\/?p=20062"},"modified":"2014-02-01T21:06:28","modified_gmt":"2014-02-01T23:06:28","slug":"homem-fica-ferido-depois-de-cair-de-uma-lage-em-timoteo","status":"publish","type":"post","link":"https:\/\/aconteceunovale.com.br\/portal\/?p=20062","title":{"rendered":"Homem fica ferido depois de cair de uma lage em Tim\u00f3teo"},"content":{"rendered":"<p>Um homem de 31 anos ficou ferido, na manh\u00e3 deste s\u00e1bado (01\/02), depois de cair de uma lage de aproximadamente quatro metros de altura, no bairro Ana Rita, em Tim\u00f3teo, no Vale do A\u00e7o.<\/p>\n<p>De acordo com o Corpo de Bombeiros, ele estava trabalhando em uma obra quando os tijolos n\u00e3o suportaram o peso dele e quebraram. A v\u00edtima foi socorrido e encaminhado ao Hospital Vital Brazil, em Tim\u00f3teo.<\/p>\n<p>De acordo com a assessoria de comunica\u00e7\u00e3o do hospital, ele teve apenas ferimentos leves e est\u00e1 em observa\u00e7\u00e3o.<\/p>\n<p><img decoding=\"async\" src=\"http:\/\/aconteceunovale.com.br\/portal\/wp-content\/uploads\/2014\/02\/homem_cai_de_laje_timoteo.jpg\" alt=\"\" \/><br \/>\n<strong>Homem caiu de aproximadamente quatro metros de altura <em>(Imagem e informa\u00e7\u00f5es da Inter TV dos Vales)<\/em><\/strong><\/p>\n","protected":false},"excerpt":{"rendered":"<p>Um homem de 31 anos ficou ferido, na manh\u00e3 deste s\u00e1bado (01\/02), depois de cair de uma lage de aproximadamente quatro metros de altura, no bairro Ana Rita, em Tim\u00f3teo, no Vale do A\u00e7o. De acordo com o Corpo de Bombeiros, ele estava trabalhando em uma obra quando os tijolos n\u00e3o suportaram o peso dele [&hellip;]<\/p>\n","protected":false},"author":1,"featured_media":20063,"comment_status":"open","ping_status":"closed","sticky":false,"template":"","format":"standard","meta":{"amp_status":"","footnotes":""},"categories":[121],"tags":[3792,1105],"class_list":["post-20062","post","type-post","status-publish","format-standard","has-post-thumbnail","hentry","category-leste","tag-homem-fica-ferido-depois-de-cair-de-uma-lage-em-timoteo","tag-timoteo"],"_links":{"self":[{"href":"https:\/\/aconteceunovale.com.br\/portal\/index.php?rest_route=\/wp\/v2\/posts\/20062","targetHints":{"allow":["GET"]}}],"collection":[{"href":"https:\/\/aconteceunovale.com.br\/portal\/index.php?rest_route=\/wp\/v2\/posts"}],"about":[{"href":"https:\/\/aconteceunovale.com.br\/portal\/index.php?rest_route=\/wp\/v2\/types\/post"}],"author":[{"embeddable":true,"href":"https:\/\/aconteceunovale.com.br\/portal\/index.php?rest_route=\/wp\/v2\/users\/1"}],"replies":[{"embeddable":true,"href":"https:\/\/aconteceunovale.com.br\/portal\/index.php?rest_route=%2Fwp%2Fv2%2Fcomments&post=20062"}],"version-history":[{"count":0,"href":"https:\/\/aconteceunovale.com.br\/portal\/index.php?rest_route=\/wp\/v2\/posts\/20062\/revisions"}],"wp:featuredmedia":[{"embeddable":true,"href":"https:\/\/aconteceunovale.com.br\/portal\/index.php?rest_route=\/wp\/v2\/media\/20063"}],"wp:attachment":[{"href":"https:\/\/aconteceunovale.com.br\/portal\/index.php?rest_route=%2Fwp%2Fv2%2Fmedia&parent=20062"}],"wp:term":[{"taxonomy":"category","embeddable":true,"href":"https:\/\/aconteceunovale.com.br\/portal\/index.php?rest_route=%2Fwp%2Fv2%2Fcategories&post=20062"},{"taxonomy":"post_tag","embeddable":true,"href":"https:\/\/aconteceunovale.com.br\/portal\/index.php?rest_route=%2Fwp%2Fv2%2Ftags&post=20062"}],"curies":[{"name":"wp","href":"https:\/\/api.w.org\/{rel}","templated":true}]}}