{"id":19967,"date":"2014-02-01T12:10:50","date_gmt":"2014-02-01T14:10:50","guid":{"rendered":"http:\/\/aconteceunovale.com.br\/portal\/?p=19967"},"modified":"2014-02-01T12:10:50","modified_gmt":"2014-02-01T14:10:50","slug":"policia-prende-dupla-que-aterrorizava-fruta-de-leite-e-padre-carvalho","status":"publish","type":"post","link":"https:\/\/aconteceunovale.com.br\/portal\/?p=19967","title":{"rendered":"Pol\u00edcia prende dupla que aterrorizava Fruta de Leite e Padre Carvalho"},"content":{"rendered":"<p>Atrav\u00e9s de opera\u00e7\u00e3o conjunta, policiais militares de Fruta de Leite e Padre Carvalho conseguiram prender um menor e um jovem, identificado por F\u00e1bio J\u00fanior (foto), acusados de efetuar v\u00e1rios assaltos na regi\u00e3o, especialmente em com\u00e9rcios \u00e0s margens da BR-251.<\/p>\n<p><img decoding=\"async\" src=\"http:\/\/aconteceunovale.com.br\/portal\/wp-content\/uploads\/2014\/02\/operacao_fruta_leite_pc_2.jpg\" alt=\"\" \/><\/p>\n<p>Conforme a Pol\u00edcia Militar, os suspeitos s\u00e3o membros de uma quadrilha de Padre Carvalho, e foram presos ap\u00f3s assalto a uma mercearia no povoado de Campim. Eles tamb\u00e9m s\u00e3o acusados de assaltar o Posto Solar e com\u00e9rcios de Vale das Cancelas.<\/p>\n<p>Ainda conforme os militares, os dois suspeitos estavam armados com uma espingarda calibre 12 e um rev\u00f3lver 32. Segundo levantamentos da PM, os v\u00e1rios assaltos ocorridos nas imedia\u00e7\u00f5es t\u00eam os mesmos &#8220;modus operandi&#8221;; e foi usada a mesma moto.<\/p>\n<p><img decoding=\"async\" src=\"http:\/\/aconteceunovale.com.br\/portal\/wp-content\/uploads\/2014\/02\/operacao_fruta_leite_pc_1.jpg\" alt=\"\" \/><br \/>\n<em><strong>Policiais que participaram da opera\u00e7\u00e3o<\/strong><\/em><\/p>\n<p><em><strong>(Fonte: Jornal Folha Regional)<\/strong><\/em><\/p>\n","protected":false},"excerpt":{"rendered":"<p>Atrav\u00e9s de opera\u00e7\u00e3o conjunta, policiais militares de Fruta de Leite e Padre Carvalho conseguiram prender um menor e um jovem, identificado por F\u00e1bio J\u00fanior (foto), acusados de efetuar v\u00e1rios assaltos na regi\u00e3o, especialmente em com\u00e9rcios \u00e0s margens da BR-251. Conforme a Pol\u00edcia Militar, os suspeitos s\u00e3o membros de uma quadrilha de Padre Carvalho, e foram [&hellip;]<\/p>\n","protected":false},"author":1,"featured_media":19968,"comment_status":"open","ping_status":"closed","sticky":false,"template":"","format":"standard","meta":{"amp_status":"","footnotes":""},"categories":[1236],"tags":[1034,877,3789],"class_list":["post-19967","post","type-post","status-publish","format-standard","has-post-thumbnail","hentry","category-norte_de_minas","tag-fruta-de-leite","tag-padre-carvalho","tag-policia-prende-dupla-que-aterrorizava-fruta-de-leite-e-padre-carvalho"],"_links":{"self":[{"href":"https:\/\/aconteceunovale.com.br\/portal\/index.php?rest_route=\/wp\/v2\/posts\/19967","targetHints":{"allow":["GET"]}}],"collection":[{"href":"https:\/\/aconteceunovale.com.br\/portal\/index.php?rest_route=\/wp\/v2\/posts"}],"about":[{"href":"https:\/\/aconteceunovale.com.br\/portal\/index.php?rest_route=\/wp\/v2\/types\/post"}],"author":[{"embeddable":true,"href":"https:\/\/aconteceunovale.com.br\/portal\/index.php?rest_route=\/wp\/v2\/users\/1"}],"replies":[{"embeddable":true,"href":"https:\/\/aconteceunovale.com.br\/portal\/index.php?rest_route=%2Fwp%2Fv2%2Fcomments&post=19967"}],"version-history":[{"count":0,"href":"https:\/\/aconteceunovale.com.br\/portal\/index.php?rest_route=\/wp\/v2\/posts\/19967\/revisions"}],"wp:featuredmedia":[{"embeddable":true,"href":"https:\/\/aconteceunovale.com.br\/portal\/index.php?rest_route=\/wp\/v2\/media\/19968"}],"wp:attachment":[{"href":"https:\/\/aconteceunovale.com.br\/portal\/index.php?rest_route=%2Fwp%2Fv2%2Fmedia&parent=19967"}],"wp:term":[{"taxonomy":"category","embeddable":true,"href":"https:\/\/aconteceunovale.com.br\/portal\/index.php?rest_route=%2Fwp%2Fv2%2Fcategories&post=19967"},{"taxonomy":"post_tag","embeddable":true,"href":"https:\/\/aconteceunovale.com.br\/portal\/index.php?rest_route=%2Fwp%2Fv2%2Ftags&post=19967"}],"curies":[{"name":"wp","href":"https:\/\/api.w.org\/{rel}","templated":true}]}}