{"id":19937,"date":"2014-01-31T20:11:32","date_gmt":"2014-01-31T22:11:32","guid":{"rendered":"http:\/\/aconteceunovale.com.br\/portal\/?p=19937"},"modified":"2014-01-31T20:11:56","modified_gmt":"2014-01-31T22:11:56","slug":"caminhao-carregado-com-cenouras-tomba-na-br-365","status":"publish","type":"post","link":"https:\/\/aconteceunovale.com.br\/portal\/?p=19937","title":{"rendered":"Caminh\u00e3o carregado com cenouras tomba na BR-365"},"content":{"rendered":"<p>Um caminh\u00e3o carregado de cenouras tombou na manh\u00e3 desta sexta-feira, na BR-365, altura do quil\u00f4metro 176, localizado na Zona Rural de Buritizeiro, Regi\u00e3o Norte de Minas.<\/p>\n<p>Militares do Corpo de Bombeiros e Samu socorreram o motorista Danilo Moreira de Sousa, 24 anos, que estava com a perna esquerda presa \u00e0s ferragens da cabine. Segundo a cabo Virg\u00ednia, o motorista afirmou ter perdido o controle do caminh\u00e3o. \u201cEle estava dirigindo no sentido Buritizeiro\/Pirapora, quando perdeu o controle do ve\u00edculo numa curva. Fizemos o atendimento da v\u00edtima no pr\u00f3prio local\u201d, explicar a militar.<\/p>\n<p>O corpo de Bombeiros utilizou o aparelho desencarcerador para cortar as ferragens, al\u00e9m das t\u00e9cnicas de salvamento terrestre. O motorista foi imobilizado e conduzido pela ambul\u00e2ncia do Samu at\u00e9 o hospital mais pr\u00f3ximo. N\u00e3o houve v\u00edtima fatal.<\/p>\n<p><img decoding=\"async\" src=\"http:\/\/aconteceunovale.com.br\/portal\/wp-content\/uploads\/2014\/01\/caminhao_cenoura_buritizeiro.jpg\" alt=\"\" \/><\/p>\n","protected":false},"excerpt":{"rendered":"<p>Um caminh\u00e3o carregado de cenouras tombou na manh\u00e3 desta sexta-feira, na BR-365, altura do quil\u00f4metro 176, localizado na Zona Rural de Buritizeiro, Regi\u00e3o Norte de Minas. Militares do Corpo de Bombeiros e Samu socorreram o motorista Danilo Moreira de Sousa, 24 anos, que estava com a perna esquerda presa \u00e0s ferragens da cabine. Segundo a [&hellip;]<\/p>\n","protected":false},"author":1,"featured_media":19938,"comment_status":"open","ping_status":"closed","sticky":false,"template":"","format":"standard","meta":{"amp_status":"","footnotes":""},"categories":[1236],"tags":[1535,3772,3773,254],"class_list":["post-19937","post","type-post","status-publish","format-standard","has-post-thumbnail","hentry","category-norte_de_minas","tag-buritizeiro","tag-caminhao-carregado-com-cenouras-tomba-na-br-365","tag-danilo-moreira-de-sousa","tag-pirapora"],"_links":{"self":[{"href":"https:\/\/aconteceunovale.com.br\/portal\/index.php?rest_route=\/wp\/v2\/posts\/19937","targetHints":{"allow":["GET"]}}],"collection":[{"href":"https:\/\/aconteceunovale.com.br\/portal\/index.php?rest_route=\/wp\/v2\/posts"}],"about":[{"href":"https:\/\/aconteceunovale.com.br\/portal\/index.php?rest_route=\/wp\/v2\/types\/post"}],"author":[{"embeddable":true,"href":"https:\/\/aconteceunovale.com.br\/portal\/index.php?rest_route=\/wp\/v2\/users\/1"}],"replies":[{"embeddable":true,"href":"https:\/\/aconteceunovale.com.br\/portal\/index.php?rest_route=%2Fwp%2Fv2%2Fcomments&post=19937"}],"version-history":[{"count":0,"href":"https:\/\/aconteceunovale.com.br\/portal\/index.php?rest_route=\/wp\/v2\/posts\/19937\/revisions"}],"wp:featuredmedia":[{"embeddable":true,"href":"https:\/\/aconteceunovale.com.br\/portal\/index.php?rest_route=\/wp\/v2\/media\/19938"}],"wp:attachment":[{"href":"https:\/\/aconteceunovale.com.br\/portal\/index.php?rest_route=%2Fwp%2Fv2%2Fmedia&parent=19937"}],"wp:term":[{"taxonomy":"category","embeddable":true,"href":"https:\/\/aconteceunovale.com.br\/portal\/index.php?rest_route=%2Fwp%2Fv2%2Fcategories&post=19937"},{"taxonomy":"post_tag","embeddable":true,"href":"https:\/\/aconteceunovale.com.br\/portal\/index.php?rest_route=%2Fwp%2Fv2%2Ftags&post=19937"}],"curies":[{"name":"wp","href":"https:\/\/api.w.org\/{rel}","templated":true}]}}