{"id":19926,"date":"2014-01-31T19:26:20","date_gmt":"2014-01-31T21:26:20","guid":{"rendered":"http:\/\/aconteceunovale.com.br\/portal\/?p=19926"},"modified":"2014-01-31T19:26:20","modified_gmt":"2014-01-31T21:26:20","slug":"governador-valadares-ganha-primeira-uti-cardiologica-do-vale-do-rio-doce","status":"publish","type":"post","link":"https:\/\/aconteceunovale.com.br\/portal\/?p=19926","title":{"rendered":"Governador Valadares ganha primeira UTI cardiol\u00f3gica do Vale do Rio Doce"},"content":{"rendered":"<p><em><strong>Unidade foi inaugurada nesta quinta-feira pela Secretaria de Estado de Sa\u00fade; na ocasi\u00e3o, secret\u00e1rio anunciou outras melhorias no setor<\/strong><\/em><\/p>\n<p><img decoding=\"async\" src=\"http:\/\/aconteceunovale.com.br\/portal\/wp-content\/uploads\/2014\/01\/governador-valadares-ganha-primeira-uti-cardiologica-do-vale-do-rio-doce.jpg\" alt=\"\" \/><br \/>\n<em><strong>Na UTI cardiol\u00f3gica inaugurada nesta quinta-feira pela Secretaria de Sa\u00fade ser\u00e3o oferecidos dez leitos &#8211; (Foto: Henrique Chendes)<\/strong><\/em><\/p>\n<p>Governador Valadares ganhou nesta quinta-feira (30), data em que comemorou seus 76 anos, a primeira Unidade de Terapia Intensiva (UTI) do Vale do Rio Doce. A UTI, que vai funcionar no Hospital Bom Samaritano, foi inaugurada pelo secret\u00e1rio de Estado de Sa\u00fade de Minas Gerais, Alexandre Silveira. A Secretaria de Estado de Sa\u00fade investiu R$ 300 mil na unidade.<\/p>\n<p>Na UTI cardiol\u00f3gica ser\u00e3o oferecidos dez leitos. A unidade est\u00e1 totalmente equipada com aparelhos modernos para atender aos casos que necessitam de interna\u00e7\u00e3o e cuidados avan\u00e7ados com as doen\u00e7as cardiol\u00f3gicas mais graves: infarto agudo do mioc\u00e1rdio, arritmias card\u00edacas, insufici\u00eancia card\u00edaca, choque cardiog\u00eanico, crises hipertensivas e Acidente Vascular Cerebral (AVC).<\/p>\n<p>De acordo com o secret\u00e1rio Alexandre Silveira, \u00e9 um compromisso do governo estadual garantir o desenvolvimento da rede assistencial da regi\u00e3o, promovendo a melhoria da qualidade de vida da popula\u00e7\u00e3o. O secret\u00e1rio tamb\u00e9m anunciou que Valadares ser\u00e1 a sede operativa da rede de urg\u00eancia e emerg\u00eancia da regi\u00e3o macro leste. \u201cO estado vai investir mais de R$ 250 milh\u00f5es na estrutura de implanta\u00e7\u00e3o na rede. Al\u00e9m disso, ser\u00e3o investidos mais de R$ 150 milh\u00f5es no custeio da rede. Esses recursos vir\u00e3o das esferas federal, estadual e municipal\u201d, disse. Por fim, Alexandre Silveira anunciou que a SES ir\u00e1 doar um novo tom\u00f3grafo para o hospital municipal, para substituir o que est\u00e1 estragado. O valor investido ser\u00e1 de R$ 800 mil.<\/p>\n<p>A prefeita de Governador Valadares, Elisa Costa, comentou a import\u00e2ncia do trabalho em conjunto. \u201cEstamos inaugurando uma importante UTI para a regi\u00e3o. Essa parceria, que integra os entes federados, \u00e9 fundamental para garantir uma sa\u00fade p\u00fablica de qualidade para a regi\u00e3o\u201d, disse.<\/p>\n<p><strong>Estrutura<\/strong><\/p>\n<p>O hospital Bom Samaritano conta com equipes que s\u00e3o refer\u00eancias em atendimento, sob a supervis\u00e3o do diretor cl\u00ednico, Alessandro Ferraz Farias, do coordenador da cardiologia, Carlos Freitas e do coordenador da UTI cardiol\u00f3gica, S\u00e9rgio Naves. \u201cEsta UTI cardiol\u00f3gica \u00e9 uma conquista, porque \u00e9 in\u00e9dita em nossa regi\u00e3o. O hospital vai contar agora com um espa\u00e7o privilegiado em tratamento das doen\u00e7as cardiol\u00f3gicas graves. Governador Valadares ganha evolu\u00e7\u00e3o na \u00e1rea de sa\u00fade, melhorando a presta\u00e7\u00e3o de servi\u00e7os, e a comunidade tem a seguran\u00e7a e o conforto de um atendimento qualificado aqui no Bom Samaritano\u201d, afirma o coordenador da UTI cardiol\u00f3gica, S\u00e9rgio Naves.<\/p>\n<p>Os profissionais que ir\u00e3o atuar na UTI cardiol\u00f3gica possuem experi\u00eancia e s\u00e3o especializados, treinados e habilitados para cuidar das doen\u00e7as diretamente ligadas ao cora\u00e7\u00e3o. S\u00e3o m\u00e9dicos, enfermeiros, terapeutas respirat\u00f3rios, farmac\u00eauticos, nutricionistas, psic\u00f3logos, dentre outros.<\/p>\n","protected":false},"excerpt":{"rendered":"<p>Unidade foi inaugurada nesta quinta-feira pela Secretaria de Estado de Sa\u00fade; na ocasi\u00e3o, secret\u00e1rio anunciou outras melhorias no setor Na UTI cardiol\u00f3gica inaugurada nesta quinta-feira pela Secretaria de Sa\u00fade ser\u00e3o oferecidos dez leitos &#8211; (Foto: Henrique Chendes) Governador Valadares ganhou nesta quinta-feira (30), data em que comemorou seus 76 anos, a primeira Unidade de Terapia [&hellip;]<\/p>\n","protected":false},"author":1,"featured_media":19927,"comment_status":"open","ping_status":"closed","sticky":false,"template":"","format":"standard","meta":{"amp_status":"","footnotes":""},"categories":[121],"tags":[247,3766],"class_list":["post-19926","post","type-post","status-publish","format-standard","has-post-thumbnail","hentry","category-leste","tag-governador-valadares","tag-governador-valadares-ganha-primeira-uti-cardiologica-do-vale-do-rio-doce"],"_links":{"self":[{"href":"https:\/\/aconteceunovale.com.br\/portal\/index.php?rest_route=\/wp\/v2\/posts\/19926","targetHints":{"allow":["GET"]}}],"collection":[{"href":"https:\/\/aconteceunovale.com.br\/portal\/index.php?rest_route=\/wp\/v2\/posts"}],"about":[{"href":"https:\/\/aconteceunovale.com.br\/portal\/index.php?rest_route=\/wp\/v2\/types\/post"}],"author":[{"embeddable":true,"href":"https:\/\/aconteceunovale.com.br\/portal\/index.php?rest_route=\/wp\/v2\/users\/1"}],"replies":[{"embeddable":true,"href":"https:\/\/aconteceunovale.com.br\/portal\/index.php?rest_route=%2Fwp%2Fv2%2Fcomments&post=19926"}],"version-history":[{"count":0,"href":"https:\/\/aconteceunovale.com.br\/portal\/index.php?rest_route=\/wp\/v2\/posts\/19926\/revisions"}],"wp:featuredmedia":[{"embeddable":true,"href":"https:\/\/aconteceunovale.com.br\/portal\/index.php?rest_route=\/wp\/v2\/media\/19927"}],"wp:attachment":[{"href":"https:\/\/aconteceunovale.com.br\/portal\/index.php?rest_route=%2Fwp%2Fv2%2Fmedia&parent=19926"}],"wp:term":[{"taxonomy":"category","embeddable":true,"href":"https:\/\/aconteceunovale.com.br\/portal\/index.php?rest_route=%2Fwp%2Fv2%2Fcategories&post=19926"},{"taxonomy":"post_tag","embeddable":true,"href":"https:\/\/aconteceunovale.com.br\/portal\/index.php?rest_route=%2Fwp%2Fv2%2Ftags&post=19926"}],"curies":[{"name":"wp","href":"https:\/\/api.w.org\/{rel}","templated":true}]}}