{"id":19893,"date":"2014-01-31T11:25:48","date_gmt":"2014-01-31T13:25:48","guid":{"rendered":"http:\/\/aconteceunovale.com.br\/portal\/?p=19893"},"modified":"2014-01-31T11:37:56","modified_gmt":"2014-01-31T13:37:56","slug":"grafica-fica-parcialmente-destruida-apos-incendio-em-montes-claros","status":"publish","type":"post","link":"https:\/\/aconteceunovale.com.br\/portal\/?p=19893","title":{"rendered":"Gr\u00e1fica fica parcialmente destru\u00edda ap\u00f3s inc\u00eandio em Montes Claros"},"content":{"rendered":"<p>O telhado e as paredes de uma gr\u00e1fica, que fica na regi\u00e3o Central de Montes Claros (MG), ficaram parcialmente destru\u00eddos ap\u00f3s um inc\u00eandio na noite desta quinta-feira (30\/01).<\/p>\n<p>M\u00f3veis e eletrodom\u00e9sticos tamb\u00e9m foram danificados. Ningu\u00e9m ficou ferido.<\/p>\n<p>De acordo com o Corpo de Bombeiros, ainda n\u00e3o \u00e9 poss\u00edvel afirmar o que teria causado o fogo. Cinco mil litros de \u00e1gua foram utilizados para conter o inc\u00eandio e evitar que as chamas se alastrassem para os im\u00f3veis vizinhos.<\/p>\n<p><img decoding=\"async\" src=\"http:\/\/aconteceunovale.com.br\/portal\/wp-content\/uploads\/2014\/01\/incendio_grafica_moc.jpg\" alt=\"\" \/><br \/>\n<em>(Foto: Corpo de Bombeiros)<\/em><\/p>\n","protected":false},"excerpt":{"rendered":"<p>O telhado e as paredes de uma gr\u00e1fica, que fica na regi\u00e3o Central de Montes Claros (MG), ficaram parcialmente destru\u00eddos ap\u00f3s um inc\u00eandio na noite desta quinta-feira (30\/01). M\u00f3veis e eletrodom\u00e9sticos tamb\u00e9m foram danificados. Ningu\u00e9m ficou ferido. De acordo com o Corpo de Bombeiros, ainda n\u00e3o \u00e9 poss\u00edvel afirmar o que teria causado o fogo. [&hellip;]<\/p>\n","protected":false},"author":1,"featured_media":19894,"comment_status":"open","ping_status":"closed","sticky":false,"template":"","format":"standard","meta":{"amp_status":"","footnotes":""},"categories":[1236],"tags":[3758,210],"class_list":["post-19893","post","type-post","status-publish","format-standard","has-post-thumbnail","hentry","category-norte_de_minas","tag-grafica-fica-parcialmente-destruida-apos-incendio-em-montes-claros","tag-montes-claros"],"_links":{"self":[{"href":"https:\/\/aconteceunovale.com.br\/portal\/index.php?rest_route=\/wp\/v2\/posts\/19893","targetHints":{"allow":["GET"]}}],"collection":[{"href":"https:\/\/aconteceunovale.com.br\/portal\/index.php?rest_route=\/wp\/v2\/posts"}],"about":[{"href":"https:\/\/aconteceunovale.com.br\/portal\/index.php?rest_route=\/wp\/v2\/types\/post"}],"author":[{"embeddable":true,"href":"https:\/\/aconteceunovale.com.br\/portal\/index.php?rest_route=\/wp\/v2\/users\/1"}],"replies":[{"embeddable":true,"href":"https:\/\/aconteceunovale.com.br\/portal\/index.php?rest_route=%2Fwp%2Fv2%2Fcomments&post=19893"}],"version-history":[{"count":0,"href":"https:\/\/aconteceunovale.com.br\/portal\/index.php?rest_route=\/wp\/v2\/posts\/19893\/revisions"}],"wp:featuredmedia":[{"embeddable":true,"href":"https:\/\/aconteceunovale.com.br\/portal\/index.php?rest_route=\/wp\/v2\/media\/19894"}],"wp:attachment":[{"href":"https:\/\/aconteceunovale.com.br\/portal\/index.php?rest_route=%2Fwp%2Fv2%2Fmedia&parent=19893"}],"wp:term":[{"taxonomy":"category","embeddable":true,"href":"https:\/\/aconteceunovale.com.br\/portal\/index.php?rest_route=%2Fwp%2Fv2%2Fcategories&post=19893"},{"taxonomy":"post_tag","embeddable":true,"href":"https:\/\/aconteceunovale.com.br\/portal\/index.php?rest_route=%2Fwp%2Fv2%2Ftags&post=19893"}],"curies":[{"name":"wp","href":"https:\/\/api.w.org\/{rel}","templated":true}]}}