{"id":19875,"date":"2014-01-30T22:57:05","date_gmt":"2014-01-31T00:57:05","guid":{"rendered":"http:\/\/aconteceunovale.com.br\/portal\/?p=19875"},"modified":"2014-01-30T22:57:05","modified_gmt":"2014-01-31T00:57:05","slug":"funcionarios-dos-correios-entram-em-greve","status":"publish","type":"post","link":"https:\/\/aconteceunovale.com.br\/portal\/?p=19875","title":{"rendered":"Funcion\u00e1rios dos Correios entram em greve"},"content":{"rendered":"<p>O sindicato dos trabalhadores dos Correios anunciou que os funcion\u00e1rios de Minas Gerais, Mato Grosso, Rio Grande do Sul, Campinas, S\u00e3o Jos\u00e9 do Rio Preto, Piau\u00ed, Amazonas, Paran\u00e1, Cear\u00e1, Santa Catarina, Pernambuco, Para\u00edba, Vale do Para\u00edba, Roraima est\u00e3o de greve a partir desta quinta-feira (30\/01) por tempo indeterminado.<\/p>\n<p>Os funcion\u00e1rios querem impedir que a Empresa dos Correios e Tel\u00e9grafos (ECT) privatize o conv\u00eanio m\u00e9dico da categoria, que segundo o sindicato, \u00e9 o maior benef\u00edcio dos trabalhadores.<\/p>\n<p>O n\u00famero de cidades em greve deve aumentar ao longo dos pr\u00f3ximos dias, visto que ainda ser\u00e3o realizadas outras assembl\u00e9ias.<\/p>\n<p><strong>Em Te\u00f3filo Otoni<\/strong><\/p>\n<p>Na manh\u00e3 desta quinta-feira (30\/01), 10% dos trabalhadores aderiram \u00e0 paralisa\u00e7\u00e3o. <\/p>\n<p><img decoding=\"async\" src=\"http:\/\/aconteceunovale.com.br\/portal\/wp-content\/uploads\/2014\/01\/teofilo_otoni_greve_correios.jpg\" alt=\"\" \/><br \/>\n<em>(Foto: Elvis Passos)<\/em><\/p>\n","protected":false},"excerpt":{"rendered":"<p>O sindicato dos trabalhadores dos Correios anunciou que os funcion\u00e1rios de Minas Gerais, Mato Grosso, Rio Grande do Sul, Campinas, S\u00e3o Jos\u00e9 do Rio Preto, Piau\u00ed, Amazonas, Paran\u00e1, Cear\u00e1, Santa Catarina, Pernambuco, Para\u00edba, Vale do Para\u00edba, Roraima est\u00e3o de greve a partir desta quinta-feira (30\/01) por tempo indeterminado. Os funcion\u00e1rios querem impedir que a Empresa [&hellip;]<\/p>\n","protected":false},"author":1,"featured_media":19876,"comment_status":"open","ping_status":"closed","sticky":false,"template":"","format":"standard","meta":{"amp_status":"","footnotes":""},"categories":[6],"tags":[246,3754,164],"class_list":["post-19875","post","type-post","status-publish","format-standard","has-post-thumbnail","hentry","category-br","tag-correios","tag-funcionarios-dos-correios-entram-em-greve","tag-teofilo-otoni"],"_links":{"self":[{"href":"https:\/\/aconteceunovale.com.br\/portal\/index.php?rest_route=\/wp\/v2\/posts\/19875","targetHints":{"allow":["GET"]}}],"collection":[{"href":"https:\/\/aconteceunovale.com.br\/portal\/index.php?rest_route=\/wp\/v2\/posts"}],"about":[{"href":"https:\/\/aconteceunovale.com.br\/portal\/index.php?rest_route=\/wp\/v2\/types\/post"}],"author":[{"embeddable":true,"href":"https:\/\/aconteceunovale.com.br\/portal\/index.php?rest_route=\/wp\/v2\/users\/1"}],"replies":[{"embeddable":true,"href":"https:\/\/aconteceunovale.com.br\/portal\/index.php?rest_route=%2Fwp%2Fv2%2Fcomments&post=19875"}],"version-history":[{"count":0,"href":"https:\/\/aconteceunovale.com.br\/portal\/index.php?rest_route=\/wp\/v2\/posts\/19875\/revisions"}],"wp:featuredmedia":[{"embeddable":true,"href":"https:\/\/aconteceunovale.com.br\/portal\/index.php?rest_route=\/wp\/v2\/media\/19876"}],"wp:attachment":[{"href":"https:\/\/aconteceunovale.com.br\/portal\/index.php?rest_route=%2Fwp%2Fv2%2Fmedia&parent=19875"}],"wp:term":[{"taxonomy":"category","embeddable":true,"href":"https:\/\/aconteceunovale.com.br\/portal\/index.php?rest_route=%2Fwp%2Fv2%2Fcategories&post=19875"},{"taxonomy":"post_tag","embeddable":true,"href":"https:\/\/aconteceunovale.com.br\/portal\/index.php?rest_route=%2Fwp%2Fv2%2Ftags&post=19875"}],"curies":[{"name":"wp","href":"https:\/\/api.w.org\/{rel}","templated":true}]}}