{"id":19872,"date":"2014-01-30T22:43:56","date_gmt":"2014-01-31T00:43:56","guid":{"rendered":"http:\/\/aconteceunovale.com.br\/portal\/?p=19872"},"modified":"2014-01-30T22:43:56","modified_gmt":"2014-01-31T00:43:56","slug":"time-de-montes-claros-demonstra-interesse-em-contratar-o-goleiro-bruno","status":"publish","type":"post","link":"https:\/\/aconteceunovale.com.br\/portal\/?p=19872","title":{"rendered":"Time de Montes Claros demonstra interesse em contratar o goleiro Bruno"},"content":{"rendered":"<p>O advogado do ex-goleiro Bruno trabalha para que o retorno do ex-jogador aos gramados aconte\u00e7a antes do esperado. O Montes Claros Futebol Clube, equipe do M\u00f3dulo II do Campeonato Mineiro, manifestou interesse em contar com o ex-camisa 1 do Flamengo, condenado a 22 anos e tr\u00eas meses de pris\u00e3o pela morte da ex-modelo Eliza Samudio.<\/p>\n<p><img decoding=\"async\" src=\"http:\/\/aconteceunovale.com.br\/portal\/wp-content\/uploads\/2014\/01\/goleiro_bruno.jpg\" alt=\"\" \/><\/p>\n<p>No entanto, para que Bruno retome suas atividades nos gramados, \u00e9 preciso que ele consiga decis\u00f5es favor\u00e1veis da Justi\u00e7a. Dentre os pedidos que precisam ser analisados pelo Tribunal de Justi\u00e7a de Minas est\u00e1 o da transfer\u00eancia do ex-goleiro, da Penitenci\u00e1ria Nelson Hungria, em Contagem, para a cidade de Francisco S\u00e1, que fica a 62 quil\u00f4metros de Montes Claros e que possui uma penitenci\u00e1ria de seguran\u00e7a m\u00e1xima. <\/p>\n<p>Caso consiga o benef\u00edcio da transfer\u00eancia, o advogado do ex-goleiro, Francisco Simim, ir\u00e1 entregar ao juiz do munic\u00edpio escolhido um contrato assinado pelo detento e pelo clube. &#8220;Se o Bruno conseguir ser transferido, n\u00f3s iremos entregar ao juiz da cidade um acordo assinado pelas duas partes comprovando que ele ir\u00e1 trabalhar. O magistrado ir\u00e1 decidir se ele poder\u00e1 deixar a cadeia para trabalhar ou n\u00e3o&#8221;, declara.<\/p>\n<p>Se o magistrado concordar com o benef\u00edcio, o ex-goleiro deixar\u00e1 a penitenci\u00e1ria no per\u00edodo da manh\u00e3 para trabalhar e retornar\u00e1 \u00e0 noite, de acordo com a defesa. Segundo o advogado, ainda n\u00e3o se sabe se o goleiro poder\u00e1, por exemplo, sair da pris\u00e3o \u00e0 noite para disputar jogos pelo clube nem se ele ser\u00e1 autorizado a viajar com o elenco. &#8220;Isso depende de o juiz autorizar&#8221;, esclarece Simin.<\/p>\n<p>Apesar do interesse do Montes Claros em Bruno, a prefer\u00eancia do ex-jogador e de seu advogado \u00e9 que haja autoriza\u00e7\u00e3o de transfer\u00eancia do ex-atleta para a Associa\u00e7\u00e3o de Prote\u00e7\u00e3o e Assist\u00eancia aos Condenados (Apac) em Nova Lima, na regi\u00e3o metropolitana de Belo Horizonte. A inten\u00e7\u00e3o \u00e9 que Bruno retome sua carreira no Villa Nova, clube que disputa a divis\u00e3o principal do Campeonato Mineiro.<\/p>\n<p>\u201cO Montes Claros manifestou o interesse em contar com o Bruno e, por isso, tamb\u00e9m fizemos o pedido de transfer\u00eancia do meu cliente para o Norte de Minas Gerais. No entanto, tamb\u00e9m aguardamos uma resposta sobre o pedido de transfer\u00eancia para Nova Lima, pois o Bruno quer ficar perto de Belo Horizonte e o Villa Nova quer contar com o jogador\u201d, disse Francisco Simim.<\/p>\n<p>Ainda de acordo com Simim, Bruno participa frequentemente de \u201cpeladas\u201d na Nelson Hungria e improvisou alguns \u201cpesos\u201d para manter a boa forma f\u00edsica.<\/p>\n<p>\u201c\u00c9 claro que o Bruno n\u00e3o tem a boa condi\u00e7\u00e3o de seu tempos \u00e1ureos no futebol, mas o biotipo dele \u00e9 extraordin\u00e1rio. Ele faz atividades regulares na penitenci\u00e1ria e, caso volte mesmo a jogar futebol como profissional, precisar\u00e1, apenas, recuperar o bom reflexo que mostrou no Atl\u00e9tico e no Flamengo\u201d, comentou o advogado.<\/p>\n<p>Simim espera que em at\u00e9 dez dias haja uma decis\u00e3o da Justi\u00e7a em rela\u00e7\u00e3o aos pedidos de transfer\u00eancia do ex-goleiro.<\/p>\n<p>A reportagem tentou contato com o presidente do Montes Claros Futebol Clube, Ville Mocellin, mas o dirigente n\u00e3o foi encontrado para comentar o caso. Por\u00e9m, em entrevista ao site Globoesporte.com, Mocellin afirmou que o Montes Claros realiza programas sociais e gostaria de ajudar Bruno em sua reinser\u00e7\u00e3o na sociedade. <\/p>\n<p><em>(Fonte: O Tempo)<\/em><\/p>\n","protected":false},"excerpt":{"rendered":"<p>O advogado do ex-goleiro Bruno trabalha para que o retorno do ex-jogador aos gramados aconte\u00e7a antes do esperado. O Montes Claros Futebol Clube, equipe do M\u00f3dulo II do Campeonato Mineiro, manifestou interesse em contar com o ex-camisa 1 do Flamengo, condenado a 22 anos e tr\u00eas meses de pris\u00e3o pela morte da ex-modelo Eliza Samudio. [&hellip;]<\/p>\n","protected":false},"author":1,"featured_media":19873,"comment_status":"open","ping_status":"closed","sticky":false,"template":"","format":"standard","meta":{"amp_status":"","footnotes":""},"categories":[1236],"tags":[3752,210,3753,3751],"class_list":["post-19872","post","type-post","status-publish","format-standard","has-post-thumbnail","hentry","category-norte_de_minas","tag-goleiro-bruno","tag-montes-claros","tag-montes-claros-futebol-clube","tag-time-de-montes-claros-demonstra-interesse-em-contratar-o-goleiro-bruno"],"_links":{"self":[{"href":"https:\/\/aconteceunovale.com.br\/portal\/index.php?rest_route=\/wp\/v2\/posts\/19872","targetHints":{"allow":["GET"]}}],"collection":[{"href":"https:\/\/aconteceunovale.com.br\/portal\/index.php?rest_route=\/wp\/v2\/posts"}],"about":[{"href":"https:\/\/aconteceunovale.com.br\/portal\/index.php?rest_route=\/wp\/v2\/types\/post"}],"author":[{"embeddable":true,"href":"https:\/\/aconteceunovale.com.br\/portal\/index.php?rest_route=\/wp\/v2\/users\/1"}],"replies":[{"embeddable":true,"href":"https:\/\/aconteceunovale.com.br\/portal\/index.php?rest_route=%2Fwp%2Fv2%2Fcomments&post=19872"}],"version-history":[{"count":0,"href":"https:\/\/aconteceunovale.com.br\/portal\/index.php?rest_route=\/wp\/v2\/posts\/19872\/revisions"}],"wp:featuredmedia":[{"embeddable":true,"href":"https:\/\/aconteceunovale.com.br\/portal\/index.php?rest_route=\/wp\/v2\/media\/19873"}],"wp:attachment":[{"href":"https:\/\/aconteceunovale.com.br\/portal\/index.php?rest_route=%2Fwp%2Fv2%2Fmedia&parent=19872"}],"wp:term":[{"taxonomy":"category","embeddable":true,"href":"https:\/\/aconteceunovale.com.br\/portal\/index.php?rest_route=%2Fwp%2Fv2%2Fcategories&post=19872"},{"taxonomy":"post_tag","embeddable":true,"href":"https:\/\/aconteceunovale.com.br\/portal\/index.php?rest_route=%2Fwp%2Fv2%2Ftags&post=19872"}],"curies":[{"name":"wp","href":"https:\/\/api.w.org\/{rel}","templated":true}]}}