{"id":19870,"date":"2014-01-30T22:33:08","date_gmt":"2014-01-31T00:33:08","guid":{"rendered":"http:\/\/aconteceunovale.com.br\/portal\/?p=19870"},"modified":"2014-01-30T22:33:08","modified_gmt":"2014-01-31T00:33:08","slug":"prefeito-de-varzelandia-protocola-nota-de-esclarecimento-na-oab-sobre-denuncia-de-ataque-a-quilombolas","status":"publish","type":"post","link":"https:\/\/aconteceunovale.com.br\/portal\/?p=19870","title":{"rendered":"Prefeito de Varzel\u00e2ndia protocola nota de esclarecimento na OAB sobre den\u00fancia de ataque a quilombolas"},"content":{"rendered":"<p>O prefeito do munic\u00edpio de Varzel\u00e2ndia, no Norte do Estado, Felisberto Rodrigues Neto (PSB) protocolou na Ordem dos Advogados do Brasil (OAB) de Belo Horizonte, na tarde desta quinta-feira (30), uma nota de esclarecimento sobre a den\u00fancia feita pelo l\u00edder da Comunidade Quilombola Brejo dos Crioulos, de que ele e seu filho teriam tentado mat\u00e1-lo no \u00faltimo dia 9 de janeiro.<\/p>\n<p><img decoding=\"async\" src=\"http:\/\/aconteceunovale.com.br\/portal\/wp-content\/uploads\/2014\/01\/fazenda_torto_verdelandia.jpg\" alt=\"\" \/><br \/>\n<em><strong>(Fazenda onde aconteceu o ataque aos quilombolas)<\/strong><\/em><\/p>\n<p>O l\u00edder quilombola Jos\u00e9 Carlos de Oliveira Neto, de 52 anos, conhecido como \u201cVeio\u201d, e o seu filho Marcos Ant\u00f4nio Oliveira, de 21, denunciaram ao Minist\u00e9rio P\u00fablico que foram atacados a tiros na fazenda, que pertenceria ao prefeito e foi invadida pela comunidade. O terreno foi contemplado pelo Decreto de Delimita\u00e7\u00e3o da \u00c1rea Quilombola, que foi assinado em dezembro do ano passado pela presidente Dilma Rousseff.<\/p>\n<p>A den\u00fancia d\u00e1 conta que o prefeito, seu filho e outros dois homens desconhecidos teriam chegado ao local com o objetivo de reaver a propriedade. Ap\u00f3s algum tempo, teria acontecido uma discuss\u00e3o e, em seguida, um dos homens teriam sacado uma arma e atirado. Nem o l\u00edder e nem o seu filho ficaram feridos, segundo eles por terem corrido.<\/p>\n<p>A den\u00fancia feita por &#8220;Veio&#8221; d\u00e1 conta que policiais militares tamb\u00e9m estariam na companhia do prefeito na hora da confus\u00e3o. O comandante da Pol\u00edcia Militar da cidade entrou em contato com a promotora que investiga o caso e afirmou que, no momento do atrito, os policiais n\u00e3o estavam mais na propriedade. A PM informa que os militares foram em carro diferente ao do prefeito at\u00e9 a fazenda e, como n\u00e3o havia ningu\u00e9m, teriam voltado para a cidade e aconselhado o prefeito a sair do terreno. <\/p>\n<p>Na nota protocolada por Felisberto ele afirma que \u00e9 v\u00edtima de acusa\u00e7\u00f5es falsas, que est\u00e3o sendo usadas por opositores pol\u00edticos para denegrir sua imagem como prefeito. Ele alega que tem Boletins de Ocorr\u00eancia que comprovam que ele e seu filho foram at\u00e9 o local ap\u00f3s planta\u00e7\u00f5es terem sido incendiadas pelos quilombolas e a sede da fazenda danificada. &#8220;S\u00e3o un\u00e2nimes nos BO&#8217;s lavrados por ambas as partes que eu e meu filho n\u00e3o est\u00e1vamos armados nem tentamos contra a vida deles&#8221;, diz a nota. <\/p>\n<p>No documento protocolado o prefeito ainda afirma que est\u00e1 \u00e0 disposi\u00e7\u00e3o para colaborar com a investiga\u00e7\u00e3o.<\/p>\n<p><strong>A disputa<\/strong><\/p>\n<p>Em 2011, os quilombolas conseguiram o direto pela terra, mas, de l\u00e1 para c\u00e1, as brigas na regi\u00e3o ficaram ainda mais intensas. No ano passado, a fazenda do prefeito foi retomada pelos quilombolas, j\u00e1 que est\u00e1 inserida no territ\u00f3rio de 17.302 hectares pertencentes a eles e demarcada pelo Instituto Nacional de Coloniza\u00e7\u00e3o e Reforma Agr\u00e1ria (Incra). \u00c1reas de outros dois munic\u00edpios tamb\u00e9m s\u00e3o do grupo.<\/p>\n<p>&#8220;No ano passado, por determina\u00e7\u00e3o judicial, foi designada for\u00e7a tarefa na regi\u00e3o para desarmar e prender jagun\u00e7os. A ordem foi cumprida e v\u00e1rias armas de diversos calibres e muni\u00e7\u00f5es foram apreendidas, mas n\u00e3o diminuiu a tens\u00e3o no local\u201d, disse Willian Santos, presidente da Comiss\u00e3o de Direitos Humanos da OAB durante reuni\u00e3o para tratar sobre o assunto.<\/p>\n<p><strong>A Nota<\/strong><\/p>\n<p>Veja a nota protocolada pelo prefeito na \u00edntegra: <\/p>\n<p>&#8220;Diante das not\u00edcia veiculadas nos jornais da regi\u00e3o tomei conhecimento que houve uma reuni\u00e3o na OAB\/MG, na regi\u00e3o Centro-Sul da capital, na manh\u00e3 do dia 14 de janeiro do corrente ano, com presen\u00e7a do Minist\u00e9rio P\u00fablico de Minas Gerais, da Comiss\u00e3o de Direitos Humanos da Assembl\u00e9ia Legislativa e da Comiss\u00e3o Pastoral da Terra, para tratar do assunto relacionado aos Quilombolas de Varzel\u00e2ndia, onde consta da reportagem, cuja pr\u00f3pria segue anexa, que Willian Santos, Presidente da Comiss\u00e3o de Direitos Humanos da OAB, teceu coment\u00e1rios sobre um suposto crime cometido por mim. Diante dos fatos narrados venho ESCLARECER que n\u00e3o houve crime de tentativa de homic\u00eddio narrado na reportagem, na verdade estou sendo v\u00edtima de acusa\u00e7\u00f5es falsas e desprovidas de fundamento, uma vez que estive realmente na fazenda, acompanhado dos policiais militares, conforme Boletim de Ocorr\u00eancia (BO) lavrado \u00e0s 9h10 do dia 9 de janeiro, onde consta que a fazenda de minha propriedade foi abandonada pelos Quilombolas ap\u00f3s colocarem fogo, destruindo um plantio de cana e as matas ciliares, al\u00e9m de danificar a sede da fazenda. Na realidade, ap\u00f3s lavratura do BO fui surpreendido pelo senhor Jos\u00e9 Carlos de Oliveira Neto e de seu filho, que relataram na ocorr\u00eancia lavrada no fim do mesmo dia que teve conhecimento que eu estava na fazenda recebendo dos policiais militares a posse da mesma. No entanto, s\u00e3o un\u00e2nimes nos BO&#8217;s lavrados por ambas as partes que eu e meu filho n\u00e3o est\u00e1vamos armados ou tentamos contra a vida deles, conforme foi veiculado por jornais. Portanto, n\u00e3o houve tentativa de homic\u00eddio, essas informa\u00e7\u00f5es inver\u00eddicas est\u00e3o sendo utilizadas pelos opositores pol\u00edticos e pelo senhor Jos\u00e9 Carlos Oliveira Neto para denegrir a minha imagem, pelo fato de, no momento, ser um homem p\u00fablico, prefeito de Varzel\u00e2ndia. Devo ressaltar que me coloquei \u00e0 disposi\u00e7\u00e3o das autoridades policiais no intuito de colaborar com a elucida\u00e7\u00e3o dos fatos e tornar p\u00fablica a minha inoc\u00eancia. Nesta oportunidade estou entregando \u00e0s autoridades que participaram da reuni\u00e3o em quest\u00e3o os documentos (BO&#8217;s) da Pol\u00edcia Militar que comprovam os fatos acima narrados, que por si s\u00f3 me inocenta das acusa\u00e7\u00f5es.&#8221;<\/p>\n<p><em>(Fonte: O Tempo)<\/em><\/p>\n","protected":false},"excerpt":{"rendered":"<p>O prefeito do munic\u00edpio de Varzel\u00e2ndia, no Norte do Estado, Felisberto Rodrigues Neto (PSB) protocolou na Ordem dos Advogados do Brasil (OAB) de Belo Horizonte, na tarde desta quinta-feira (30), uma nota de esclarecimento sobre a den\u00fancia feita pelo l\u00edder da Comunidade Quilombola Brejo dos Crioulos, de que ele e seu filho teriam tentado mat\u00e1-lo [&hellip;]<\/p>\n","protected":false},"author":1,"featured_media":18993,"comment_status":"open","ping_status":"closed","sticky":false,"template":"","format":"standard","meta":{"amp_status":"","footnotes":""},"categories":[1236],"tags":[2959,3750,1713],"class_list":["post-19870","post","type-post","status-publish","format-standard","has-post-thumbnail","hentry","category-norte_de_minas","tag-felisberto-rodrigues-neto","tag-prefeito-de-varzelandia-protocola-nota-de-esclarecimento-na-oab-sobre-denuncia-de-ataque-a-quilombolas","tag-varzelandia"],"_links":{"self":[{"href":"https:\/\/aconteceunovale.com.br\/portal\/index.php?rest_route=\/wp\/v2\/posts\/19870","targetHints":{"allow":["GET"]}}],"collection":[{"href":"https:\/\/aconteceunovale.com.br\/portal\/index.php?rest_route=\/wp\/v2\/posts"}],"about":[{"href":"https:\/\/aconteceunovale.com.br\/portal\/index.php?rest_route=\/wp\/v2\/types\/post"}],"author":[{"embeddable":true,"href":"https:\/\/aconteceunovale.com.br\/portal\/index.php?rest_route=\/wp\/v2\/users\/1"}],"replies":[{"embeddable":true,"href":"https:\/\/aconteceunovale.com.br\/portal\/index.php?rest_route=%2Fwp%2Fv2%2Fcomments&post=19870"}],"version-history":[{"count":0,"href":"https:\/\/aconteceunovale.com.br\/portal\/index.php?rest_route=\/wp\/v2\/posts\/19870\/revisions"}],"wp:featuredmedia":[{"embeddable":true,"href":"https:\/\/aconteceunovale.com.br\/portal\/index.php?rest_route=\/wp\/v2\/media\/18993"}],"wp:attachment":[{"href":"https:\/\/aconteceunovale.com.br\/portal\/index.php?rest_route=%2Fwp%2Fv2%2Fmedia&parent=19870"}],"wp:term":[{"taxonomy":"category","embeddable":true,"href":"https:\/\/aconteceunovale.com.br\/portal\/index.php?rest_route=%2Fwp%2Fv2%2Fcategories&post=19870"},{"taxonomy":"post_tag","embeddable":true,"href":"https:\/\/aconteceunovale.com.br\/portal\/index.php?rest_route=%2Fwp%2Fv2%2Ftags&post=19870"}],"curies":[{"name":"wp","href":"https:\/\/api.w.org\/{rel}","templated":true}]}}