{"id":19868,"date":"2014-01-30T22:20:47","date_gmt":"2014-01-31T00:20:47","guid":{"rendered":"http:\/\/aconteceunovale.com.br\/portal\/?p=19868"},"modified":"2014-01-30T22:20:47","modified_gmt":"2014-01-31T00:20:47","slug":"corpo-de-bombeiros-realiza-treinamento-em-turmalina","status":"publish","type":"post","link":"https:\/\/aconteceunovale.com.br\/portal\/?p=19868","title":{"rendered":"Corpo de Bombeiros realiza treinamento em Turmalina"},"content":{"rendered":"<p>A Prefeitura Municipal de Turmalina abriu as portas do seu audit\u00f3rio para receber os integrantes do Corpo de Bombeiros do 7\u00ba Batalh\u00e3o de Montes Claros. Durante 02 dias eles estar\u00e3o ministrando um curso sobre sistemas de comando em opera\u00e7\u00f5es, que visa capacitar uma m\u00e9dia de 20 funcion\u00e1rios da Prefeitura de Turmalina, al\u00e9m de pessoas de prefeituras de outros munic\u00edpios que sofreram com os efeitos das \u00faltimas chuvas.<\/p>\n<p>De Turmalina a maioria dos funcion\u00e1rios \u00e9 do setor de obras e meio ambiente. Tamb\u00e9m est\u00e3o presentes no curso, policiais civis e militares e t\u00e9cnicos da SAMU. Al\u00e9m de todas as pessoas que direta ou indiretamente estiveram envolvidos no socorro as v\u00edtimas das chuvas. De acordo com o vice-prefeito Geraldinho, Turmalina se ofereceu para sediar o treinamento. \u201cParticipamos de uma reuni\u00e3o com o Corpo de Bombeiros e a Prefeitura de Turmalina teve um grande interesse no treinamento ofertado\u201d, relata.<\/p>\n<p>De acordo com o engenheiro Reinaldo Viana a chuva provocou v\u00e1rios estragos no munic\u00edpio. \u201cEstamos finalizando um relat\u00f3rio que ser\u00e1 enviado para Bras\u00edlia, sobre os efeitos da chuva no munic\u00edpio de Turmalina\u201d, explica. O relat\u00f3rio dever\u00e1 incluir dados como queda de barreiras em estradas vicinais e danos provocados em diversas pontes, como a Ponte do Funil, Macedos, Vargem Funda, S\u00e3o Miguel e outras. Na cidade, al\u00e9m dos buracos que a enxurrada deixou em diversas ruas, 05 resid\u00eancias foram afetadas parcialmente. 03 delas ficam no Bairro do Ros\u00e1rio e as outras 02 no Bairro Manga da Roda.  A equipe do Corpo de Bombeiros que ministra o treinamento que termina nesta sexta-feira (31) \u00e9 composta pelos tenentes Dilson, Vagner, Luis Paulo e pelo soldado Lu\u00eds.<\/p>\n<p>Segundo o radialista Tom Lopes o \u00edndice de precipita\u00e7\u00e3o em Turmalina no final do ano passado foi acima do previsto. \u201cO pluvi\u00f4metro da R\u00e1dio Cidade FM j\u00e1 acusou mais de 600 mil\u00edmetros de chuvas, s\u00f3 nesse per\u00edodo\u201d, disse na \u00e9poca. At\u00e9 o ano de 2012 a m\u00e9dia anual de chuvas na cidade era em torno de 350 mil\u00edmetros.<\/p>\n<p><img decoding=\"async\" src=\"http:\/\/aconteceunovale.com.br\/portal\/wp-content\/uploads\/2013\/12\/corpo_de_bombeiros_mg.jpg\" alt=\"\" \/><\/p>\n<p><em>(Fonte: R\u00e1dio Turmalina, por Ailton Santanna)<\/em><\/p>\n","protected":false},"excerpt":{"rendered":"<p>A Prefeitura Municipal de Turmalina abriu as portas do seu audit\u00f3rio para receber os integrantes do Corpo de Bombeiros do 7\u00ba Batalh\u00e3o de Montes Claros. Durante 02 dias eles estar\u00e3o ministrando um curso sobre sistemas de comando em opera\u00e7\u00f5es, que visa capacitar uma m\u00e9dia de 20 funcion\u00e1rios da Prefeitura de Turmalina, al\u00e9m de pessoas de [&hellip;]<\/p>\n","protected":false},"author":1,"featured_media":16072,"comment_status":"open","ping_status":"closed","sticky":false,"template":"","format":"standard","meta":{"amp_status":"","footnotes":""},"categories":[120],"tags":[3749,178],"class_list":["post-19868","post","type-post","status-publish","format-standard","has-post-thumbnail","hentry","category-jequi","tag-corpo-de-bombeiros-realiza-treinamento-em-turmalina","tag-turmalina"],"_links":{"self":[{"href":"https:\/\/aconteceunovale.com.br\/portal\/index.php?rest_route=\/wp\/v2\/posts\/19868","targetHints":{"allow":["GET"]}}],"collection":[{"href":"https:\/\/aconteceunovale.com.br\/portal\/index.php?rest_route=\/wp\/v2\/posts"}],"about":[{"href":"https:\/\/aconteceunovale.com.br\/portal\/index.php?rest_route=\/wp\/v2\/types\/post"}],"author":[{"embeddable":true,"href":"https:\/\/aconteceunovale.com.br\/portal\/index.php?rest_route=\/wp\/v2\/users\/1"}],"replies":[{"embeddable":true,"href":"https:\/\/aconteceunovale.com.br\/portal\/index.php?rest_route=%2Fwp%2Fv2%2Fcomments&post=19868"}],"version-history":[{"count":0,"href":"https:\/\/aconteceunovale.com.br\/portal\/index.php?rest_route=\/wp\/v2\/posts\/19868\/revisions"}],"wp:featuredmedia":[{"embeddable":true,"href":"https:\/\/aconteceunovale.com.br\/portal\/index.php?rest_route=\/wp\/v2\/media\/16072"}],"wp:attachment":[{"href":"https:\/\/aconteceunovale.com.br\/portal\/index.php?rest_route=%2Fwp%2Fv2%2Fmedia&parent=19868"}],"wp:term":[{"taxonomy":"category","embeddable":true,"href":"https:\/\/aconteceunovale.com.br\/portal\/index.php?rest_route=%2Fwp%2Fv2%2Fcategories&post=19868"},{"taxonomy":"post_tag","embeddable":true,"href":"https:\/\/aconteceunovale.com.br\/portal\/index.php?rest_route=%2Fwp%2Fv2%2Ftags&post=19868"}],"curies":[{"name":"wp","href":"https:\/\/api.w.org\/{rel}","templated":true}]}}