{"id":19862,"date":"2014-01-30T22:07:51","date_gmt":"2014-01-31T00:07:51","guid":{"rendered":"http:\/\/aconteceunovale.com.br\/portal\/?p=19862"},"modified":"2014-01-30T22:07:51","modified_gmt":"2014-01-31T00:07:51","slug":"homem-e-preso-com-grande-quantidade-de-drogas-dentro-de-onibus-em-rio-vermelho","status":"publish","type":"post","link":"https:\/\/aconteceunovale.com.br\/portal\/?p=19862","title":{"rendered":"Homem \u00e9 preso com grande quantidade de drogas dentro de \u00f4nibus em Rio Vermelho"},"content":{"rendered":"<p>Na manh\u00e3 de quarta-feira (29\/01), passageiros de um \u00f4nibus que saiu de S\u00e3o Paulo em dire\u00e7\u00e3o \u00e0 cidade de Rio Vermelho, foram surpreendidos por uma a\u00e7\u00e3o da Pol\u00edcia Militar. Ap\u00f3s receberem denuncias an\u00f4nimas de que um homem estaria transportando uma grande quantidade de drogas, os militares pararam o ve\u00edculo, abordaram o suspeito e localizaram a mercadoria. <\/p>\n<p><img decoding=\"async\" src=\"http:\/\/aconteceunovale.com.br\/portal\/wp-content\/uploads\/2014\/01\/drogas_apreendidas_rv_4.jpg\" alt=\"\" \/><br \/>\n<em>(Foto: Pol\u00edcia Militar de Rio Vermelho)<\/em><\/p>\n<p>De acordo com informa\u00e7\u00f5es do delegado de Sabin\u00f3polis, Dr. Cristiano Arantes, que responde pelo caso, o homem de iniciais W.C.F., de 35 anos, \u00e9 natural de Osasco e vinha de S\u00e3o Paulo com a droga dentro de um aparelho de televis\u00e3o de 14 polegadas. <\/p>\n<p>\u201cNo momento da abordagem, os militares n\u00e3o encontraram nada, e o suspeito alegou que n\u00e3o trazia bagagem, por\u00e9m, o motorista do \u00f4nibus confirmou que o homem estava com uma mochila no bagageiro. Dentro dela, encontraram a TV. Os investigadores de pol\u00edcia abriram o aparelho numa eletr\u00f4nica e dentro dele encontraram a droga em tr\u00eas por\u00e7\u00f5es distintas: 210 pedras de crack prontas para a venda, 737 c\u00e1psulas de coca\u00edna e uma pedra grande de 745 gramas de crack\u201d, detalhou o delegado. <\/p>\n<p>Dr. Cristiano acrescentou ainda, que a Pol\u00edcia trabalha com a hip\u00f3tese de que a mercadoria era destinada ao abastecimento dos dois dias de festa da cidade, que se iniciam nesta quinta-feira (30). \u201cExtraoficialmente W.C.F, disse que a droga seria vendida na festa, mas posteriormente, quando teve acesso ao advogado de defesa, negou as informa\u00e7\u00f5es. Caindo em contradi\u00e7\u00e3o v\u00e1rias vezes\u201d, contou. <\/p>\n<p>Diante dos fatos, o suspeito que segundo o delegado, j\u00e1 tem antecedentes criminais, uma passagem por roubo e outra por tr\u00e1fico, foi preso em flagrante pelo crime de tr\u00e1fico de drogas, conduzido \u00e0 delegacia de Rio Vermelho e posteriormente a Cadeia P\u00fablica da cidade. \u201cW.C.F, vai responder pelo crime de tr\u00e1fico de drogas com um agravante que pode subir a pena de um a dois ter\u00e7os, por se tratar de um delito interestadual\u201d, ponderou Dr. Cristiano. <\/p>\n<p>O delegado finalizou informando que a Pol\u00edcia vai continuar as investiga\u00e7\u00f5es, afim de identificar para quem a droga seria repassada. <\/p>\n<p>Participaram da ocorr\u00eancia os militares: Sargento Ferreira, Soldado Sirqueira, Soldado \u00cdtalo e Sargento Cl\u00e1udio. <\/p>\n<p><img decoding=\"async\" src=\"http:\/\/aconteceunovale.com.br\/portal\/wp-content\/uploads\/2014\/01\/drogas_apreendidas_rv_1.jpg\" alt=\"\" \/><br \/>\n<em>(Foto: Pol\u00edcia Militar de Rio Vermelho)<\/em><\/p>\n<p><img decoding=\"async\" src=\"http:\/\/aconteceunovale.com.br\/portal\/wp-content\/uploads\/2014\/01\/drogas_apreendidas_rv_2.jpg\" alt=\"\" \/><br \/>\n<em>(Foto: Pol\u00edcia Militar de Rio Vermelho)<\/em><\/p>\n<p><img decoding=\"async\" src=\"http:\/\/aconteceunovale.com.br\/portal\/wp-content\/uploads\/2014\/01\/drogas_apreendidas_rv_3.jpg\" alt=\"\" \/><br \/>\n<em>(Foto: Pol\u00edcia Militar de Rio Vermelho)<\/em><\/p>\n<p><em>(Via Folha de Guanh\u00e3es)<\/em><\/p>\n","protected":false},"excerpt":{"rendered":"<p>Na manh\u00e3 de quarta-feira (29\/01), passageiros de um \u00f4nibus que saiu de S\u00e3o Paulo em dire\u00e7\u00e3o \u00e0 cidade de Rio Vermelho, foram surpreendidos por uma a\u00e7\u00e3o da Pol\u00edcia Militar. Ap\u00f3s receberem denuncias an\u00f4nimas de que um homem estaria transportando uma grande quantidade de drogas, os militares pararam o ve\u00edculo, abordaram o suspeito e localizaram a [&hellip;]<\/p>\n","protected":false},"author":1,"featured_media":19866,"comment_status":"open","ping_status":"closed","sticky":false,"template":"","format":"standard","meta":{"amp_status":"","footnotes":""},"categories":[6],"tags":[3747,3748,445,310,2382],"class_list":["post-19862","post","type-post","status-publish","format-standard","has-post-thumbnail","hentry","category-br","tag-homem-e-preso-com-grande-quantidade-de-drogas-dentro-de-onibus-em-rio-vermelho","tag-osasco","tag-rio-vermelho","tag-sabinopolis","tag-sao-paulo"],"_links":{"self":[{"href":"https:\/\/aconteceunovale.com.br\/portal\/index.php?rest_route=\/wp\/v2\/posts\/19862","targetHints":{"allow":["GET"]}}],"collection":[{"href":"https:\/\/aconteceunovale.com.br\/portal\/index.php?rest_route=\/wp\/v2\/posts"}],"about":[{"href":"https:\/\/aconteceunovale.com.br\/portal\/index.php?rest_route=\/wp\/v2\/types\/post"}],"author":[{"embeddable":true,"href":"https:\/\/aconteceunovale.com.br\/portal\/index.php?rest_route=\/wp\/v2\/users\/1"}],"replies":[{"embeddable":true,"href":"https:\/\/aconteceunovale.com.br\/portal\/index.php?rest_route=%2Fwp%2Fv2%2Fcomments&post=19862"}],"version-history":[{"count":0,"href":"https:\/\/aconteceunovale.com.br\/portal\/index.php?rest_route=\/wp\/v2\/posts\/19862\/revisions"}],"wp:featuredmedia":[{"embeddable":true,"href":"https:\/\/aconteceunovale.com.br\/portal\/index.php?rest_route=\/wp\/v2\/media\/19866"}],"wp:attachment":[{"href":"https:\/\/aconteceunovale.com.br\/portal\/index.php?rest_route=%2Fwp%2Fv2%2Fmedia&parent=19862"}],"wp:term":[{"taxonomy":"category","embeddable":true,"href":"https:\/\/aconteceunovale.com.br\/portal\/index.php?rest_route=%2Fwp%2Fv2%2Fcategories&post=19862"},{"taxonomy":"post_tag","embeddable":true,"href":"https:\/\/aconteceunovale.com.br\/portal\/index.php?rest_route=%2Fwp%2Fv2%2Ftags&post=19862"}],"curies":[{"name":"wp","href":"https:\/\/api.w.org\/{rel}","templated":true}]}}