{"id":19856,"date":"2014-01-30T21:51:37","date_gmt":"2014-01-30T23:51:37","guid":{"rendered":"http:\/\/aconteceunovale.com.br\/portal\/?p=19856"},"modified":"2014-01-30T21:52:48","modified_gmt":"2014-01-30T23:52:48","slug":"ief-discute-plano-de-acoes-para-area-de-protecao-do-alto-mucuri","status":"publish","type":"post","link":"https:\/\/aconteceunovale.com.br\/portal\/?p=19856","title":{"rendered":"IEF discute plano de a\u00e7\u00f5es para \u00e1rea de prote\u00e7\u00e3o do Alto Mucuri"},"content":{"rendered":"<p>O Instituto Estadual de Florestas (IEF), por meio da Regional Nordeste, realizou nesta quinta-feira, (30\/01), em Ladainha, uma reuni\u00e3o de trabalho com vistas ao planejamento das a\u00e7\u00f5es a serem executadas no territ\u00f3rio de abrang\u00eancia da \u00c1rea de Prote\u00e7\u00e3o Ambiental (APA) Alto Mucuri.<\/p>\n<p><img decoding=\"async\" src=\"http:\/\/aconteceunovale.com.br\/portal\/wp-content\/uploads\/2014\/01\/apa_alto_mucuri_1.jpg\" alt=\"\" \/><br \/>\n<em><strong>A chefe do IEF\/Regional Nordeste, Jana\u00edna Mendon\u00e7a<\/strong><\/em><\/p>\n<p>De acordo com a chefe do IEF\/Regional Nordeste, Jana\u00edna Mendon\u00e7a, foram discutidas quest\u00f5es referentes a forma\u00e7\u00e3o do conselho consultivo da APA, do plano de manejo a ser contratado para a unidade de conserva\u00e7\u00e3o, al\u00e9m de tra\u00e7ar um plano de a\u00e7\u00e3o a curto prazo, levando em considera\u00e7\u00e3o as peculiaridades de cada munic\u00edpio.<\/p>\n<p>Segundo a regional Nordeste do IEF fazem parte da APA Alto Mucuri os munic\u00edpios de Cara\u00ed, Catuji, Itaip\u00e9, Ladainha, Novo Cruzeiro, Malacacheta, Pot\u00e9 e Te\u00f3filo Otoni.<\/p>\n<p><strong>\u00c1REA DE PROTE\u00c7\u00c3O AMBIENTAL<\/strong><\/p>\n<p>A APA Alto Mucuri vai garantir a produ\u00e7\u00e3o e a recupera\u00e7\u00e3o da qualidade das \u00e1guas da regi\u00e3o, al\u00e9m da prote\u00e7\u00e3o dos solos, da fauna e da flora, recupera\u00e7\u00e3o das \u00e1reas degradadas e conectividade entre fragmentos florestais. Simultaneamente, vai buscar promover atividades econ\u00f4micas compat\u00edveis com a qualidade ambiental desej\u00e1vel para a regi\u00e3o do Mucuri. A nova unidade abrange \u00e1rea de 325 mil hectares, com per\u00edmetro de 426 mil metros. O Instituto Estadual de Florestas (IEF), integrante do Sistema Estadual de Meio Ambiente (Sisema), ser\u00e1 o respons\u00e1vel por implant\u00e1-la e administr\u00e1-la.<\/p>\n<p><img decoding=\"async\" src=\"http:\/\/aconteceunovale.com.br\/portal\/wp-content\/uploads\/2014\/01\/apa_alto_mucuri_2.jpg\" alt=\"\" \/><br \/>\n<em><strong>A APA Alto Mucuri abrange uma \u00e1rea de 325 mil hectares<\/strong><\/em><\/p>\n<p><em>(Fonte: Di\u00e1rio de Te\u00f3filo Otoni)<\/em><\/p>\n","protected":false},"excerpt":{"rendered":"<p>O Instituto Estadual de Florestas (IEF), por meio da Regional Nordeste, realizou nesta quinta-feira, (30\/01), em Ladainha, uma reuni\u00e3o de trabalho com vistas ao planejamento das a\u00e7\u00f5es a serem executadas no territ\u00f3rio de abrang\u00eancia da \u00c1rea de Prote\u00e7\u00e3o Ambiental (APA) Alto Mucuri. A chefe do IEF\/Regional Nordeste, Jana\u00edna Mendon\u00e7a De acordo com a chefe do [&hellip;]<\/p>\n","protected":false},"author":1,"featured_media":19858,"comment_status":"open","ping_status":"closed","sticky":false,"template":"","format":"standard","meta":{"amp_status":"","footnotes":""},"categories":[122],"tags":[490,660,3746,191,344,226,175,3139,164],"class_list":["post-19856","post","type-post","status-publish","format-standard","has-post-thumbnail","hentry","category-mucuri","tag-carai","tag-catuji","tag-ief-discute-plano-de-acoes-para-area-de-protecao-do-alto-mucuri","tag-itaipe","tag-ladainha","tag-malacacheta","tag-novo-cruzeiro","tag-pote","tag-teofilo-otoni"],"_links":{"self":[{"href":"https:\/\/aconteceunovale.com.br\/portal\/index.php?rest_route=\/wp\/v2\/posts\/19856","targetHints":{"allow":["GET"]}}],"collection":[{"href":"https:\/\/aconteceunovale.com.br\/portal\/index.php?rest_route=\/wp\/v2\/posts"}],"about":[{"href":"https:\/\/aconteceunovale.com.br\/portal\/index.php?rest_route=\/wp\/v2\/types\/post"}],"author":[{"embeddable":true,"href":"https:\/\/aconteceunovale.com.br\/portal\/index.php?rest_route=\/wp\/v2\/users\/1"}],"replies":[{"embeddable":true,"href":"https:\/\/aconteceunovale.com.br\/portal\/index.php?rest_route=%2Fwp%2Fv2%2Fcomments&post=19856"}],"version-history":[{"count":0,"href":"https:\/\/aconteceunovale.com.br\/portal\/index.php?rest_route=\/wp\/v2\/posts\/19856\/revisions"}],"wp:featuredmedia":[{"embeddable":true,"href":"https:\/\/aconteceunovale.com.br\/portal\/index.php?rest_route=\/wp\/v2\/media\/19858"}],"wp:attachment":[{"href":"https:\/\/aconteceunovale.com.br\/portal\/index.php?rest_route=%2Fwp%2Fv2%2Fmedia&parent=19856"}],"wp:term":[{"taxonomy":"category","embeddable":true,"href":"https:\/\/aconteceunovale.com.br\/portal\/index.php?rest_route=%2Fwp%2Fv2%2Fcategories&post=19856"},{"taxonomy":"post_tag","embeddable":true,"href":"https:\/\/aconteceunovale.com.br\/portal\/index.php?rest_route=%2Fwp%2Fv2%2Ftags&post=19856"}],"curies":[{"name":"wp","href":"https:\/\/api.w.org\/{rel}","templated":true}]}}