{"id":19850,"date":"2014-01-30T21:36:35","date_gmt":"2014-01-30T23:36:35","guid":{"rendered":"http:\/\/aconteceunovale.com.br\/portal\/?p=19850"},"modified":"2014-01-30T21:36:35","modified_gmt":"2014-01-30T23:36:35","slug":"ladroes-furtam-baterias-de-torre-de-celular-em-itaobim","status":"publish","type":"post","link":"https:\/\/aconteceunovale.com.br\/portal\/?p=19850","title":{"rendered":"Ladr\u00f5es furtam baterias de torre de celular em Itaobim"},"content":{"rendered":"<p>Uma nova modalidade de  crime vem se tornando comum na regi\u00e3o:bandidos est\u00e3o furtando baterias de antenas de operadoras de celular.<\/p>\n<p>As baterias ficam dentro de pequenos c\u00f4modos localizados geralmente em pontos distantes da cidade,  e servem para garantir o funcionamento das torres de telefonia m\u00f3vel.<\/p>\n<p>Na tarde de ter\u00e7a-feira (28\/01) t\u00e9cnicos das operadoras, Oi e Vivo, em Itaobim, no Vale do Jequitinhonha registraram ocorr\u00eancia policial, informando que 12 baterias marca Power Safe, tinham sido furtadas do abrigo, localizado a cerca de 3 km de Itaobim, na Serra Boa Vista, pr\u00f3ximo ao trevo de entrada da cidade.<\/p>\n<p>Segundo o t\u00e9cnico de Comunica\u00e7\u00f5es da Oi, Carlos Roberto da Silva, de 45 anos, os criminosos levaram 12 das 16 baterias da operadora e que as quatro restantes foram deixadas no ch\u00e3o.<\/p>\n<p>Os ladr\u00f5es arrombaram os cadeados dos port\u00f5es e dos &#8220;containers &#8220;onde ficam os equipamentos. N\u00e3o h\u00e1 vigias no local.<\/p>\n<p>No mesmo dia, C\u00edcero Ramalho de Siqueira, 34 anos, t\u00e9cnico da Vivo, registrou ocorr\u00eancia policial, informando o furto de 30 metros de fios de cobre , na mesma localidade onde est\u00e3o instalados os equipamentos da Oi.<\/p>\n<p>H\u00e1 suspeitas de que as baterias s\u00e3o desmontadas para venda em ferros -velhos, junto com os fios de cobre.<\/p>\n<p>As operadoras j\u00e1 regularizaram o sistema de telefonia na cidade.<\/p>\n<p>At\u00e9 o momento ningu\u00e9m foi preso.<\/p>\n<p><em>(Imagem ilustrativa)<\/em><br \/>\n<img decoding=\"async\" src=\"http:\/\/aconteceunovale.com.br\/portal\/wp-content\/uploads\/2014\/01\/bateria_cel_cachoeira_pajeu.jpg\" alt=\"\" \/><\/p>\n<p><em><strong>(Fonte: Gazeta de Ara\u00e7ua\u00ed, por S\u00e9rgio Vasconcelos)<\/strong><\/em><\/p>\n","protected":false},"excerpt":{"rendered":"<p>Uma nova modalidade de crime vem se tornando comum na regi\u00e3o:bandidos est\u00e3o furtando baterias de antenas de operadoras de celular. As baterias ficam dentro de pequenos c\u00f4modos localizados geralmente em pontos distantes da cidade, e servem para garantir o funcionamento das torres de telefonia m\u00f3vel. Na tarde de ter\u00e7a-feira (28\/01) t\u00e9cnicos das operadoras, Oi e [&hellip;]<\/p>\n","protected":false},"author":1,"featured_media":19851,"comment_status":"open","ping_status":"closed","sticky":false,"template":"","format":"standard","meta":{"amp_status":"","footnotes":""},"categories":[120],"tags":[391,3744],"class_list":["post-19850","post","type-post","status-publish","format-standard","has-post-thumbnail","hentry","category-jequi","tag-itaobim","tag-ladroes-furtam-baterias-de-torre-de-celular-em-itaobim"],"_links":{"self":[{"href":"https:\/\/aconteceunovale.com.br\/portal\/index.php?rest_route=\/wp\/v2\/posts\/19850","targetHints":{"allow":["GET"]}}],"collection":[{"href":"https:\/\/aconteceunovale.com.br\/portal\/index.php?rest_route=\/wp\/v2\/posts"}],"about":[{"href":"https:\/\/aconteceunovale.com.br\/portal\/index.php?rest_route=\/wp\/v2\/types\/post"}],"author":[{"embeddable":true,"href":"https:\/\/aconteceunovale.com.br\/portal\/index.php?rest_route=\/wp\/v2\/users\/1"}],"replies":[{"embeddable":true,"href":"https:\/\/aconteceunovale.com.br\/portal\/index.php?rest_route=%2Fwp%2Fv2%2Fcomments&post=19850"}],"version-history":[{"count":0,"href":"https:\/\/aconteceunovale.com.br\/portal\/index.php?rest_route=\/wp\/v2\/posts\/19850\/revisions"}],"wp:featuredmedia":[{"embeddable":true,"href":"https:\/\/aconteceunovale.com.br\/portal\/index.php?rest_route=\/wp\/v2\/media\/19851"}],"wp:attachment":[{"href":"https:\/\/aconteceunovale.com.br\/portal\/index.php?rest_route=%2Fwp%2Fv2%2Fmedia&parent=19850"}],"wp:term":[{"taxonomy":"category","embeddable":true,"href":"https:\/\/aconteceunovale.com.br\/portal\/index.php?rest_route=%2Fwp%2Fv2%2Fcategories&post=19850"},{"taxonomy":"post_tag","embeddable":true,"href":"https:\/\/aconteceunovale.com.br\/portal\/index.php?rest_route=%2Fwp%2Fv2%2Ftags&post=19850"}],"curies":[{"name":"wp","href":"https:\/\/api.w.org\/{rel}","templated":true}]}}