{"id":19845,"date":"2014-01-30T21:25:04","date_gmt":"2014-01-30T23:25:04","guid":{"rendered":"http:\/\/aconteceunovale.com.br\/portal\/?p=19845"},"modified":"2014-01-30T21:25:04","modified_gmt":"2014-01-30T23:25:04","slug":"designacao-de-professores-gera-insatisfacao-em-montes-claros","status":"publish","type":"post","link":"https:\/\/aconteceunovale.com.br\/portal\/?p=19845","title":{"rendered":"Designa\u00e7\u00e3o de professores gera insatisfa\u00e7\u00e3o em Montes Claros"},"content":{"rendered":"<p>O cronograma de designa\u00e7\u00e3o dos professores est\u00e1 determinado entre os dias 28 a 30 de janeiro de 2014. Mas j\u00e1 se passaram dois dias e nenhuma contrata\u00e7\u00e3o ainda foi feita. Profissionais comparecem a Escola Pl\u00ednio Ribeiro e reclamam da falta de informa\u00e7\u00e3o e se preocupam com o ano letivo que se inicia na pr\u00f3xima semana na rede estadual.<\/p>\n<p><img decoding=\"async\" src=\"http:\/\/aconteceunovale.com.br\/portal\/wp-content\/uploads\/2014\/01\/insatisfacao_professores_moc.jpg\" alt=\"\" \/><br \/>\n<em><strong>Convoca\u00e7\u00e3o de profissionais da educa\u00e7\u00e3o gera frusta\u00e7\u00f5es aos servidores. (Foto: Jucilene Magalh\u00e3es)<\/strong><\/em><\/p>\n<p>No site da Superintend\u00eancia Regional de Montes Claros informa a disciplina, dia, local e hor\u00e1rio para a convoca\u00e7\u00e3o. Na sede tem funcion\u00e1rios de plant\u00e3o, mas que dizem n\u00e3o ter recebido autoriza\u00e7\u00e3o de Belo Horizonte para a libera\u00e7\u00e3o e preenchimento das vagas.<\/p>\n<p>Maur\u00edcio Soares Barbosa, professor de matem\u00e1tica e f\u00edsica, entrou em contato com a Secretaria e foi informado que a convoca\u00e7\u00e3o aconteceria \u00e0s 8h. O profissional diz que isso s\u00f3 atrapalha o trabalho dos professores e lamenta o descaso do Estado para com os servidores.<\/p>\n<p>\u201cEm primeiro lugar n\u00e3o tem como se fazer um plano de aula previamente porque n\u00e3o se sabe qual \u00e9 a turma, s\u00e9rie e ano que vai trabalhar. Outra coisa \u00e9 a falta de esclarecimento da Secretaria, pois a gente gasta combust\u00edvel com deslocamento pra chegar aqui e nem saber se vai ser atendido ou divulgada as vagas\u201d, diz.<\/p>\n<p>O coordenador regional do Sind-Ute, Carlos Alberto Athayde Morais, teme pelo comprometimento do calend\u00e1rio escolar. \u201cTodos os anos acontecem v\u00e1rios problemas, mas 2014 \u00e9 um ano at\u00edpico por causa da Copa do Mundo, ent\u00e3o a qualidade da educa\u00e7\u00e3o e o pr\u00f3prio funcionamento b\u00e1sico das escolas fique prejudicado\u201d.<\/p>\n<p>Carlos afirma que o sindicato cobra todos os anos da Secretaria Estadual de Educa\u00e7\u00e3o uma maior agilidade na convoca\u00e7\u00e3o dos profissionais. \u201cO que est\u00e1 acontecendo \u00e9 a publica\u00e7\u00e3o das vagas s\u00f3 que a Secretaria n\u00e3o est\u00e1 autorizando a posse destas, ent\u00e3o est\u00e1 havendo uma falta de respeito e os profissionais de educa\u00e7\u00e3o saem daqui decepcionados e frustrados\u201d, revela.<\/p>\n<p>Robson Figueiredo, superintendente regional de educa\u00e7\u00e3o, afirma que h\u00e1 problemas t\u00e9cnicos no desenrolar das convoca\u00e7\u00f5es. \u201cEst\u00e1 havendo uma sobrecarga em todas as superintend\u00eancias e n\u00e3o est\u00e1 tendo tempo h\u00e1bil para libera\u00e7\u00e3o. \u00c9 um problema eletr\u00f4nico e n\u00e3o administrativo, tanto \u00e9 que estamos com o cronograma preparado e autorizado por Belo Horizonte\u201d, ressalta.<\/p>\n<p>O superintendente garante que at\u00e9 ter\u00e7a-feira a maioria das designa\u00e7\u00f5es estar\u00e1 solucionada. Quando perguntado sobre o ano letivo come\u00e7ar e n\u00e3o ter ocorrido a contrata\u00e7\u00e3o de todos os professores, ele respondeu que o ano letivo vai funcionar normalmente.<\/p>\n<p>\u201cTemos uma margem para agilizar nosso calend\u00e1rio e tamb\u00e9m as escolas que tem seus efetivos e efetivados v\u00e3o estar com um hor\u00e1rio provis\u00f3rio atendendo nossos alunos\u201d informa.<\/p>\n<p><em>(Fonte: Inter TV Grande Minas)<\/em><\/p>\n","protected":false},"excerpt":{"rendered":"<p>O cronograma de designa\u00e7\u00e3o dos professores est\u00e1 determinado entre os dias 28 a 30 de janeiro de 2014. Mas j\u00e1 se passaram dois dias e nenhuma contrata\u00e7\u00e3o ainda foi feita. Profissionais comparecem a Escola Pl\u00ednio Ribeiro e reclamam da falta de informa\u00e7\u00e3o e se preocupam com o ano letivo que se inicia na pr\u00f3xima semana [&hellip;]<\/p>\n","protected":false},"author":1,"featured_media":19846,"comment_status":"open","ping_status":"closed","sticky":false,"template":"","format":"standard","meta":{"amp_status":"","footnotes":""},"categories":[1236],"tags":[3742,210],"class_list":["post-19845","post","type-post","status-publish","format-standard","has-post-thumbnail","hentry","category-norte_de_minas","tag-designacao-de-professores-gera-insatisfacao-em-montes-claros","tag-montes-claros"],"_links":{"self":[{"href":"https:\/\/aconteceunovale.com.br\/portal\/index.php?rest_route=\/wp\/v2\/posts\/19845","targetHints":{"allow":["GET"]}}],"collection":[{"href":"https:\/\/aconteceunovale.com.br\/portal\/index.php?rest_route=\/wp\/v2\/posts"}],"about":[{"href":"https:\/\/aconteceunovale.com.br\/portal\/index.php?rest_route=\/wp\/v2\/types\/post"}],"author":[{"embeddable":true,"href":"https:\/\/aconteceunovale.com.br\/portal\/index.php?rest_route=\/wp\/v2\/users\/1"}],"replies":[{"embeddable":true,"href":"https:\/\/aconteceunovale.com.br\/portal\/index.php?rest_route=%2Fwp%2Fv2%2Fcomments&post=19845"}],"version-history":[{"count":0,"href":"https:\/\/aconteceunovale.com.br\/portal\/index.php?rest_route=\/wp\/v2\/posts\/19845\/revisions"}],"wp:featuredmedia":[{"embeddable":true,"href":"https:\/\/aconteceunovale.com.br\/portal\/index.php?rest_route=\/wp\/v2\/media\/19846"}],"wp:attachment":[{"href":"https:\/\/aconteceunovale.com.br\/portal\/index.php?rest_route=%2Fwp%2Fv2%2Fmedia&parent=19845"}],"wp:term":[{"taxonomy":"category","embeddable":true,"href":"https:\/\/aconteceunovale.com.br\/portal\/index.php?rest_route=%2Fwp%2Fv2%2Fcategories&post=19845"},{"taxonomy":"post_tag","embeddable":true,"href":"https:\/\/aconteceunovale.com.br\/portal\/index.php?rest_route=%2Fwp%2Fv2%2Ftags&post=19845"}],"curies":[{"name":"wp","href":"https:\/\/api.w.org\/{rel}","templated":true}]}}