{"id":19839,"date":"2014-01-30T21:13:00","date_gmt":"2014-01-30T23:13:00","guid":{"rendered":"http:\/\/aconteceunovale.com.br\/portal\/?p=19839"},"modified":"2014-01-30T21:13:00","modified_gmt":"2014-01-30T23:13:00","slug":"dois-homens-sao-presos-suspeitos-de-roubo-de-cargas-em-sao-joao-da-ponte","status":"publish","type":"post","link":"https:\/\/aconteceunovale.com.br\/portal\/?p=19839","title":{"rendered":"Dois homens s\u00e3o presos suspeitos de roubo de cargas em S\u00e3o Jo\u00e3o da Ponte"},"content":{"rendered":"<p>Duas pessoas foram presas nesta quinta-feira (30\/01) suspeitos de envolvimento com roubo de cargas em S\u00e3o Jo\u00e3o da Ponte, Norte de Minas Gerais. Segundo a Pol\u00edcia Militar, com os suspeitos foi encontrada uma carreta, com uma carga avaliada em aproximadamente R$ 260 mil, e cerca de R$ 900.<\/p>\n<p><img decoding=\"async\" src=\"http:\/\/aconteceunovale.com.br\/portal\/wp-content\/uploads\/2014\/01\/presos_roubo_carga_sj_ponte.jpg\" alt=\"\" \/><br \/>\n<em><strong>Suspeitos estariam revendendo a mercadoria em cidades da regi\u00e3o. (Foto: Valdivan Veloso)<\/strong><\/em><\/p>\n<p>A carreta tranportava uma carga de Contagem (MG) para Feira de Santana (BA). Ela teria sido roubada no dia 27 de janeiro e escondida em uma mata no distrito de Bom Jardim, a cerca de 70 quil\u00f4metros de Montes Claros. Os suspeitos utilizavam um caminh\u00e3o ca\u00e7amba para retirar a carga do ve\u00edculo.<\/p>\n<p>Segundo o tenente Edson Faustino, h\u00e1 suspeitas de que a carga estava sendo comercializada na regi\u00e3o.<\/p>\n<p>\u201cEsta \u00e9 uma carga bem diversificada, com eletrodom\u00e9sticos, ferramentas e outros. Eles usavam uma ca\u00e7amba para n\u00e3o chamar tanto a aten\u00e7\u00e3o. Temos fortes ind\u00edcios de que eles vendiam este material aqui mesmo na regi\u00e3o\u201d, afirma.<\/p>\n<p>Na ocorr\u00eancia foram presos Alexandre Fabian Cordeiro, de 42 anos, e Alexandre Coelho Soares, de 25 anos. O dono do caminh\u00e3o ca\u00e7amba Cl\u00e1udio Medeiros de Assis, de 36 anos, \u00e9 considerado foragido pela pol\u00edcia.<\/p>\n<p>\u201cInclusive ele tem quatro passagens por sumi\u00e7o de cargas. Nesta opera\u00e7\u00e3o ele ser\u00e1 inclu\u00eddo como co-autor no crime\u201d, afirma Faustino.<\/p>\n<p><em>(Fonte: Inter TV Grande Minas)<\/em><\/p>\n","protected":false},"excerpt":{"rendered":"<p>Duas pessoas foram presas nesta quinta-feira (30\/01) suspeitos de envolvimento com roubo de cargas em S\u00e3o Jo\u00e3o da Ponte, Norte de Minas Gerais. Segundo a Pol\u00edcia Militar, com os suspeitos foi encontrada uma carreta, com uma carga avaliada em aproximadamente R$ 260 mil, e cerca de R$ 900. Suspeitos estariam revendendo a mercadoria em cidades [&hellip;]<\/p>\n","protected":false},"author":1,"featured_media":19840,"comment_status":"open","ping_status":"closed","sticky":false,"template":"","format":"standard","meta":{"amp_status":"","footnotes":""},"categories":[1236],"tags":[3738,3737,3739,3736,2448],"class_list":["post-19839","post","type-post","status-publish","format-standard","has-post-thumbnail","hentry","category-norte_de_minas","tag-alexandre-coelho-soares","tag-alexandre-fabian-cordeiro","tag-claudio-medeiros-de-assis","tag-dois-homens-sao-presos-suspeitos-de-roubo-de-cargas-em-sao-joao-da-ponte","tag-sao-joao-da-ponte"],"_links":{"self":[{"href":"https:\/\/aconteceunovale.com.br\/portal\/index.php?rest_route=\/wp\/v2\/posts\/19839","targetHints":{"allow":["GET"]}}],"collection":[{"href":"https:\/\/aconteceunovale.com.br\/portal\/index.php?rest_route=\/wp\/v2\/posts"}],"about":[{"href":"https:\/\/aconteceunovale.com.br\/portal\/index.php?rest_route=\/wp\/v2\/types\/post"}],"author":[{"embeddable":true,"href":"https:\/\/aconteceunovale.com.br\/portal\/index.php?rest_route=\/wp\/v2\/users\/1"}],"replies":[{"embeddable":true,"href":"https:\/\/aconteceunovale.com.br\/portal\/index.php?rest_route=%2Fwp%2Fv2%2Fcomments&post=19839"}],"version-history":[{"count":0,"href":"https:\/\/aconteceunovale.com.br\/portal\/index.php?rest_route=\/wp\/v2\/posts\/19839\/revisions"}],"wp:featuredmedia":[{"embeddable":true,"href":"https:\/\/aconteceunovale.com.br\/portal\/index.php?rest_route=\/wp\/v2\/media\/19840"}],"wp:attachment":[{"href":"https:\/\/aconteceunovale.com.br\/portal\/index.php?rest_route=%2Fwp%2Fv2%2Fmedia&parent=19839"}],"wp:term":[{"taxonomy":"category","embeddable":true,"href":"https:\/\/aconteceunovale.com.br\/portal\/index.php?rest_route=%2Fwp%2Fv2%2Fcategories&post=19839"},{"taxonomy":"post_tag","embeddable":true,"href":"https:\/\/aconteceunovale.com.br\/portal\/index.php?rest_route=%2Fwp%2Fv2%2Ftags&post=19839"}],"curies":[{"name":"wp","href":"https:\/\/api.w.org\/{rel}","templated":true}]}}