{"id":19836,"date":"2014-01-30T21:08:48","date_gmt":"2014-01-30T23:08:48","guid":{"rendered":"http:\/\/aconteceunovale.com.br\/portal\/?p=19836"},"modified":"2014-01-30T21:08:48","modified_gmt":"2014-01-30T23:08:48","slug":"indigenas-se-reunem-com-ministerio-publico-federal-em-montes-claros","status":"publish","type":"post","link":"https:\/\/aconteceunovale.com.br\/portal\/?p=19836","title":{"rendered":"Ind\u00edgenas se re\u00fanem com Minist\u00e9rio P\u00fablico Federal em Montes Claros"},"content":{"rendered":"<p>Lideran\u00e7as de comunidades ind\u00edgenas das comunidades Xakriab\u00e1, Tupiniquim, Patach\u00f3 e Pankararu participaram na tarde desta quinta-feira (30\/01) de uma audi\u00eancia p\u00fablica com o Minist\u00e9rio P\u00fablico Federal em Montes Claros. Eles discutem quest\u00f5es a situa\u00e7\u00e3o da sa\u00fade e tamb\u00e9m problemas territoriais enfrentados pelos \u00edndios.<\/p>\n<p><img decoding=\"async\" src=\"http:\/\/aconteceunovale.com.br\/portal\/wp-content\/uploads\/2014\/01\/indios_mpf_moc.jpg\" alt=\"\" \/><br \/>\n<em><strong>\u00cdndios xakriab\u00e1s dan\u00e7am enquanto esperam o t\u00e9rmino da reuni\u00e3o. (Foto: Valdivan Veloso)<\/strong><\/em><\/p>\n<p>Cerca de 80 \u00edndios estiveram na sede do MPF, mas nem todos puderam participar da reuni\u00e3o. Segundo o l\u00edder Xakiab\u00e1, Hil\u00e1rio Xakriab\u00e1, o procurador Marcelo Malheiros informou que a sala n\u00e3o poderia acomodar todos os presentes.<\/p>\n<p>Ainda segundo Hil\u00e1rio Xakriab\u00e1, o cen\u00e1rio da sa\u00fade para os \u00edndio piorou com a Secretaria Especializada em Sa\u00fade Ind\u00edgena (Sesai). \u201cN\u00f3s pens\u00e1vamos que a sa\u00edda da Funasa iria melhorar muito o atendimento da sa\u00fade para os \u00edndios, mas infelizmente estamos regredindo\u201d, afirma.<\/p>\n<p>Enquanto aguardavam o t\u00e9rmino da reuni\u00e3o, os \u00edndios dan\u00e7aram em frente ao Mist\u00e9rio P\u00fablico Federal.<\/p>\n<p>Segundo o procurador do Minist\u00e9rio P\u00fablico Federal, Marcelo Malheiros, a audi\u00eancia, que come\u00e7ou \u00e0s 14h, teve como objetivo colher depoimentos da comunidade que estava insatisfeita com os servi\u00e7os do Distrito Sanit\u00e1rio de Sa\u00fade Ind\u00edgena.<\/p>\n<p>Um representante do Distrito de Sa\u00fade tamb\u00e9m foi ouvido, mas nada foi instaurado. Segundo o procurador, nenhuma decis\u00e3o foi tomada de imediato.<\/p>\n<p><em>(Fonte: Inter TV Grande Minas)<\/em><\/p>\n","protected":false},"excerpt":{"rendered":"<p>Lideran\u00e7as de comunidades ind\u00edgenas das comunidades Xakriab\u00e1, Tupiniquim, Patach\u00f3 e Pankararu participaram na tarde desta quinta-feira (30\/01) de uma audi\u00eancia p\u00fablica com o Minist\u00e9rio P\u00fablico Federal em Montes Claros. Eles discutem quest\u00f5es a situa\u00e7\u00e3o da sa\u00fade e tamb\u00e9m problemas territoriais enfrentados pelos \u00edndios. \u00cdndios xakriab\u00e1s dan\u00e7am enquanto esperam o t\u00e9rmino da reuni\u00e3o. (Foto: Valdivan Veloso) [&hellip;]<\/p>\n","protected":false},"author":1,"featured_media":19837,"comment_status":"open","ping_status":"closed","sticky":false,"template":"","format":"standard","meta":{"amp_status":"","footnotes":""},"categories":[1236],"tags":[3731,210,3735,3734,3733,3732],"class_list":["post-19836","post","type-post","status-publish","format-standard","has-post-thumbnail","hentry","category-norte_de_minas","tag-indigenas-se-reunem-com-ministerio-publico-federal-em-montes-claros","tag-montes-claros","tag-pankararu","tag-patacho","tag-tupiniquim","tag-xakriaba"],"_links":{"self":[{"href":"https:\/\/aconteceunovale.com.br\/portal\/index.php?rest_route=\/wp\/v2\/posts\/19836","targetHints":{"allow":["GET"]}}],"collection":[{"href":"https:\/\/aconteceunovale.com.br\/portal\/index.php?rest_route=\/wp\/v2\/posts"}],"about":[{"href":"https:\/\/aconteceunovale.com.br\/portal\/index.php?rest_route=\/wp\/v2\/types\/post"}],"author":[{"embeddable":true,"href":"https:\/\/aconteceunovale.com.br\/portal\/index.php?rest_route=\/wp\/v2\/users\/1"}],"replies":[{"embeddable":true,"href":"https:\/\/aconteceunovale.com.br\/portal\/index.php?rest_route=%2Fwp%2Fv2%2Fcomments&post=19836"}],"version-history":[{"count":0,"href":"https:\/\/aconteceunovale.com.br\/portal\/index.php?rest_route=\/wp\/v2\/posts\/19836\/revisions"}],"wp:featuredmedia":[{"embeddable":true,"href":"https:\/\/aconteceunovale.com.br\/portal\/index.php?rest_route=\/wp\/v2\/media\/19837"}],"wp:attachment":[{"href":"https:\/\/aconteceunovale.com.br\/portal\/index.php?rest_route=%2Fwp%2Fv2%2Fmedia&parent=19836"}],"wp:term":[{"taxonomy":"category","embeddable":true,"href":"https:\/\/aconteceunovale.com.br\/portal\/index.php?rest_route=%2Fwp%2Fv2%2Fcategories&post=19836"},{"taxonomy":"post_tag","embeddable":true,"href":"https:\/\/aconteceunovale.com.br\/portal\/index.php?rest_route=%2Fwp%2Fv2%2Ftags&post=19836"}],"curies":[{"name":"wp","href":"https:\/\/api.w.org\/{rel}","templated":true}]}}