{"id":19833,"date":"2014-01-30T21:04:09","date_gmt":"2014-01-30T23:04:09","guid":{"rendered":"http:\/\/aconteceunovale.com.br\/portal\/?p=19833"},"modified":"2014-01-30T21:04:09","modified_gmt":"2014-01-30T23:04:09","slug":"patrimonio-natural-do-vale-do-aco-comemora-70-anos-de-historia","status":"publish","type":"post","link":"https:\/\/aconteceunovale.com.br\/portal\/?p=19833","title":{"rendered":"Patrim\u00f4nio Natural do Vale do A\u00e7o comemora 70 anos de hist\u00f3ria"},"content":{"rendered":"<p>O Instituto Estadual de Florestas (IEF)  abriu nesta quinta-feira (30\/01), \u00e0s 9h, as comemora\u00e7\u00f5es oficiais dos 70 anos de funda\u00e7\u00e3o do Parque Estadual do Rio Doce. As festividades, que v\u00e3o durar o ano inteiro, ser\u00e3o iniciadas com um encontro na Associa\u00e7\u00e3o dos Aposentados e Pensionistas de Tim\u00f3teo, no bairro Olaria, para homenagem a 21 colaboradores que contribu\u00edram de forma significativa para o crescimento e desenvolvimento da reserva ambiental.<\/p>\n<p><img decoding=\"async\" src=\"http:\/\/aconteceunovale.com.br\/portal\/wp-content\/uploads\/2014\/01\/parque_estadual_do_rio_doce.jpg\" alt=\"\" \/><br \/>\n<em><strong>Mais de 40 lagoas, \u00e1rvores centen\u00e1rias, madeiras nobres de grande porte e uma infinidade de animais nativos comp\u00f5em o cen\u00e1rio do Parque Estadual do Rio Doce. (Foto: Assessoria de Imprensa Parque Estadual)<\/strong><\/em><\/p>\n<p>Durante o evento desta quinta-feira foi apresentado o cronograma de atividades comemorativas do anivers\u00e1rio do Parque do Rio Doce, a primeira unidade de conserva\u00e7\u00e3o de Minas Gerais, criada oficialmente no dia 14 de julho de 1944, pelo Decreto Lei n\u00ba 1.119.  A programa\u00e7\u00e3o acontecer\u00e1 durante todo o ano, tendo seu \u00e1pice em julho. A programa\u00e7\u00e3o conta com a parceria da Prefetura de Tim\u00f3teo.<\/p>\n<p>As comemora\u00e7\u00f5es dos 70 anos do parque v\u00e3o tamb\u00e9m homenagear o bispo Dom Helv\u00e9cio Gomes de Oliveira, que teve grande atua\u00e7\u00e3o ambiental na regi\u00e3o. Dom Helv\u00e9cio, que d\u00e1 nome \u00e0 principal lagoa da reserva, iniciou a luta pela preserva\u00e7\u00e3o da maior por\u00e7\u00e3o cont\u00ednua de Mata Atl\u00e2ntica de Minas Gerais, no in\u00edcio da d\u00e9cada de 1930, mas foi s\u00f3 em 1944 que criou-se oficialmente o Parque do Rio Doce.<\/p>\n<p>O IEF, atrav\u00e9s do escrit\u00f3rio regional Rio Doce e da administra\u00e7\u00e3o do parque, est\u00e1 mobilizando institui\u00e7\u00f5es parceiras e comunidades do entorno para participar do encontro nesta quinta-feira. O evento servir\u00e1 tamb\u00e9m para consolidar a  iniciativa de constru\u00e7\u00e3o de uma grande rede de coopera\u00e7\u00e3o com foco na conserva\u00e7\u00e3o ambiental,  desenvolvimento sustent\u00e1vel e bem estar das comunidades locais.<\/p>\n<p>Lucas Rachel, de 19 anos, est\u00e1 no primeiro ano do curso de t\u00e9cnico de meio ambiente. O estudante diz que \u00e9 apaixonado pela natureza e agradece por contar com o parque estadual do rio doce em sua regi\u00e3o, pois assim ele tem a oportunidade de ver de perto tudo aquilo que \u00e9 ensinado pelo professor na sala de aula.<\/p>\n<p>\u201c\u00c9 um complexo da natureza. No parque eu encontro milhares da diversidade da fauna e da flora do Brasil. Sinto-me honrado por morar na regi\u00e3o pr\u00f3ximo ao parque, pois posso colocar em pratica tudo que meus professores ensinam, al\u00e9m de poder admirar essa perfei\u00e7\u00e3o feita por Deus\u201d, conta.<\/p>\n<p><strong>Patrim\u00f4nio Natural <\/strong><\/p>\n<p>Mais de 40 lagoas, \u00e1rvores centen\u00e1rias, madeiras nobres de grande porte e uma infinidade de animais nativos comp\u00f5em o cen\u00e1rio do Parque Estadual do Rio Doce. As lagoas abrigam uma grande diversidade de peixes, que servem de importante instrumento para estudos e pesquisas da fauna aqu\u00e1tica nativa.<\/p>\n<p>O parque possui tamb\u00e9m um herb\u00e1rio, que, de forma sustent\u00e1vel, possibilita a identifica\u00e7\u00e3o de esp\u00e9cies atrav\u00e9s da an\u00e1lise de suas caracter\u00edsticas morfol\u00f3gicas, constituindo a base de in\u00fameras pesquisas.<\/p>\n<p>Na reserva \u00e9 poss\u00edvel encontrar esp\u00e9cies da avifauna, como o beija-flor besourinho, chau\u00e1, jacu-a\u00e7u, sa\u00edra, anumar\u00e1, entre outros. Animais conhecidos da fauna brasileira tamb\u00e9m s\u00e3o freq\u00fcentes, como capivara, anta, macacos-prego, sau\u00e1, paca e cotia, al\u00e9m de esp\u00e9cies amea\u00e7adas de extin\u00e7\u00e3o, como a on\u00e7a pintada, o macuco e o mono-carvoeiro, maior primata das Am\u00e9ricas.<\/p>\n<p>O Parque do Rio Doce ocupa uma \u00e1rea de 35.974 hectares e oferece tamb\u00e9m uma completa infraestrutura para atendimento a turistas e pesquisadores. Localizada a 248 quil\u00f4metros de dist\u00e2ncia de Belo Horizonte e a aproximadamente 20 quil\u00f4metros de Tim\u00f3teo, a reserva ambiental ocupa mais de um ter\u00e7o da \u00e1rea do munic\u00edpios, al\u00e9m de territ\u00f3rios de Marli\u00e9ria e Dion\u00edsio.<\/p>\n<p>Al\u00e9m de apreciar as belezas naturais, Ronaldo Mathias de Ara\u00fajo diz que o parque estadual \u00e9 mais uma op\u00e7\u00e3o de lazer para regi\u00e3o. O comerciante relata que pelo menos tr\u00eas vezes ao ano ele e toda fam\u00edlia realizam passeios no local.<\/p>\n<p>\u201cSempre venho acampar no parque e adora tomar banho na lagoa. Tenho a sensa\u00e7\u00e3o que \u00e1gua \u00e9 pura al\u00e9m de parecer cristalina. Minha fam\u00edlia adora este lugar e meus filhos al\u00e9m de vir comigo se divertir ele vem tamb\u00e9m praticamente todo ano com a escola conhecer um pouco da diversidade do parque\u201d, relata.<\/p>\n<p><em>(Fonte: Inter TV dos Vales)<\/em><\/p>\n","protected":false},"excerpt":{"rendered":"<p>O Instituto Estadual de Florestas (IEF) abriu nesta quinta-feira (30\/01), \u00e0s 9h, as comemora\u00e7\u00f5es oficiais dos 70 anos de funda\u00e7\u00e3o do Parque Estadual do Rio Doce. As festividades, que v\u00e3o durar o ano inteiro, ser\u00e3o iniciadas com um encontro na Associa\u00e7\u00e3o dos Aposentados e Pensionistas de Tim\u00f3teo, no bairro Olaria, para homenagem a 21 colaboradores [&hellip;]<\/p>\n","protected":false},"author":1,"featured_media":19834,"comment_status":"open","ping_status":"closed","sticky":false,"template":"","format":"standard","meta":{"amp_status":"","footnotes":""},"categories":[121],"tags":[1727,1742,3730,3729,3728,1105],"class_list":["post-19833","post","type-post","status-publish","format-standard","has-post-thumbnail","hentry","category-leste","tag-dionisio","tag-marlieria","tag-omemoracoes-dos-70-anos-de-fundacao-do-parque-estadual-do-rio-doce","tag-parque-estadual-do-rio-doce","tag-patrimonio-natural-do-vale-do-aco-comemora-70-anos-de-historia","tag-timoteo"],"_links":{"self":[{"href":"https:\/\/aconteceunovale.com.br\/portal\/index.php?rest_route=\/wp\/v2\/posts\/19833","targetHints":{"allow":["GET"]}}],"collection":[{"href":"https:\/\/aconteceunovale.com.br\/portal\/index.php?rest_route=\/wp\/v2\/posts"}],"about":[{"href":"https:\/\/aconteceunovale.com.br\/portal\/index.php?rest_route=\/wp\/v2\/types\/post"}],"author":[{"embeddable":true,"href":"https:\/\/aconteceunovale.com.br\/portal\/index.php?rest_route=\/wp\/v2\/users\/1"}],"replies":[{"embeddable":true,"href":"https:\/\/aconteceunovale.com.br\/portal\/index.php?rest_route=%2Fwp%2Fv2%2Fcomments&post=19833"}],"version-history":[{"count":0,"href":"https:\/\/aconteceunovale.com.br\/portal\/index.php?rest_route=\/wp\/v2\/posts\/19833\/revisions"}],"wp:featuredmedia":[{"embeddable":true,"href":"https:\/\/aconteceunovale.com.br\/portal\/index.php?rest_route=\/wp\/v2\/media\/19834"}],"wp:attachment":[{"href":"https:\/\/aconteceunovale.com.br\/portal\/index.php?rest_route=%2Fwp%2Fv2%2Fmedia&parent=19833"}],"wp:term":[{"taxonomy":"category","embeddable":true,"href":"https:\/\/aconteceunovale.com.br\/portal\/index.php?rest_route=%2Fwp%2Fv2%2Fcategories&post=19833"},{"taxonomy":"post_tag","embeddable":true,"href":"https:\/\/aconteceunovale.com.br\/portal\/index.php?rest_route=%2Fwp%2Fv2%2Ftags&post=19833"}],"curies":[{"name":"wp","href":"https:\/\/api.w.org\/{rel}","templated":true}]}}