{"id":19829,"date":"2014-01-30T20:49:44","date_gmt":"2014-01-30T22:49:44","guid":{"rendered":"http:\/\/aconteceunovale.com.br\/portal\/?p=19829"},"modified":"2014-01-30T20:51:23","modified_gmt":"2014-01-30T22:51:23","slug":"gestores-do-norte-de-minas-discutem-acoes-para-a-destinacao-correta-de-residuos-solidos","status":"publish","type":"post","link":"https:\/\/aconteceunovale.com.br\/portal\/?p=19829","title":{"rendered":"Gestores do Norte de Minas e Vale do Jequitinhonha discutem a\u00e7\u00f5es para a destina\u00e7\u00e3o correta de res\u00edduos s\u00f3lidos"},"content":{"rendered":"<p><em><strong>Representantes de 50 prefeituras participaram de encontros promovidos pela Secretaria de Desenvolvimento Regional, Pol\u00edtica Urbana e Gest\u00e3o Metropolitana<\/strong><\/em><\/p>\n<p><img decoding=\"async\" src=\"http:\/\/aconteceunovale.com.br\/portal\/wp-content\/uploads\/2014\/01\/gestores-do-norte-de-minas-discutem-acoes-para-a-destinacao-correta-de-residuos-solidos.jpg\" alt=\"\" \/><br \/>\n<em><strong>Encontros com gestores promovidos pela Sedru nesta semana foram realizados na Cidade Administrativa &#8211; (Foto: Rafael Rebuiti)<\/strong><\/em><\/p>\n<p>O Governo de Minas, por meio da Secretaria de Estado de Desenvolvimento Regional, Pol\u00edtica Urbana e Gest\u00e3o Metropolitana (Sedru), realizou, na Cidade Administrativa, encontros com cinquenta prefeituras do Norte de Minas para discutir o planejamento das a\u00e7\u00f5es que v\u00e3o proporcionar a destina\u00e7\u00e3o final correta dos res\u00edduos s\u00f3lidos na regi\u00e3o.<\/p>\n<p>As reuni\u00f5es, promovidas pela Sedru, nesta quarta-feira (29) e quinta-feira (30), tiveram o objetivo de sensibilizar dois agrupamentos de munic\u00edpios da regi\u00e3o, que receberam nos \u00faltimos anos recursos do PAC 1 e PAC 2 para a elabora\u00e7\u00e3o de projetos para obras na \u00e1rea de res\u00edduos s\u00f3lidos, sobre a necessidade deles se unirem, por meio de Cons\u00f3rcios Intermunicipais para Destina\u00e7\u00e3o Final de Res\u00edduos S\u00f3lidos. Essa medida vai contribuir para elabora\u00e7\u00e3o dos projetos de engenharia, os estudos ambientais de obras e servi\u00e7os de infraestrutura dos sistemas integrados de destina\u00e7\u00e3o final de res\u00edduos s\u00f3lidos e, futuramente, para conseguir recursos para a execu\u00e7\u00e3o das obras. <\/p>\n<p>Ao todo, ser\u00e3o beneficiados 50 munic\u00edpios mineiros, sendo que 35 fazem parte do agrupamento formado por cidades do entorno de Montes Claros e os outros 15 munic\u00edpios pertencem \u00e0 regi\u00e3o de Janu\u00e1ria.<\/p>\n<p>Para a assessora especial da Sedru e gerente do Programa Estrat\u00e9gico Saneamento de Minas, Edicleusa Veloso, o Governo de Minas vem trabalhando cada vez mais pr\u00f3ximo dos munic\u00edpios mineiros para encontrar alternativas de exterminar a destina\u00e7\u00e3o inadequada do lixo. \u201cA legisla\u00e7\u00e3o estabelece que o prazo para os munic\u00edpios destinarem corretamente seus res\u00edduos seja at\u00e9 agosto deste ano, desta forma o governo estadual vem intensificando o apoio para que grande parte das prefeituras mineiras possa cumprir o prazo\u201d disse.<\/p>\n<p>A Sedru, al\u00e9m de auxiliar os munic\u00edpios na formata\u00e7\u00e3o dos Cons\u00f3rcios de Res\u00edduos, \u00e9 respons\u00e1vel, em parceria com a Companhia de Saneamento de Minas Gerais (Copasa), por fazer o processo licitat\u00f3rio para a contrata\u00e7\u00e3o dos projetos. A previs\u00e3o \u00e9 que seja dada ordem de in\u00edcio dos projetos no in\u00edcio de mar\u00e7o. Ser\u00e3o investidos nesta etapa R$ 2,1 milh\u00f5es.<\/p>\n<p>Al\u00e9m do Norte de Minas, as regi\u00f5es do Vale do Mucuri, Sul, Tri\u00e2ngulo e Centro Oeste tamb\u00e9m receberam recursos para a elabora\u00e7\u00e3o de projetos na \u00e1rea de res\u00edduos s\u00f3lidos. Ao todo, o Governo de Minas captou, junto a Uni\u00e3o, R$7,2 milh\u00f5es.  <\/p>\n<p>No agrupamento do entorno de Janu\u00e1ria ser\u00e3o beneficiados os munic\u00edpios de Janu\u00e1ria, Manga, Juven\u00edlia, Mirav\u00e2nia, Montalv\u00e2nia, Itacarambi, S\u00e3o Jo\u00e3o das Miss\u00f5es, Bonito de Minas, C\u00f4nego Marinho, Pedras de Maria da Cruz, Luisl\u00e2ndia, S\u00e3o Francisco, Bras\u00edlia de Minas, Icara\u00ed de Minas e Uba\u00ed.<\/p>\n<p>Por sua vez, no agrupamento da regi\u00e3o de Montes Claros ser\u00e3o contempladas as cidades de Bocai\u00fava, Botumirim, Buritizeiro, Campo Azul, Capit\u00e3o En\u00e9as, Claro dos Po\u00e7\u00f5es, Cora\u00e7\u00e3o de Jesus, Crist\u00e1lia, Engenheiro Navarro, Francisco Dumont, Francisco S\u00e1, Glaucil\u00e2ndia, Gr\u00e3o Mogol, Guaraciama, Ibia\u00ed, Ibiracatu, Itacambira, Japonvar, Jequita\u00ed, Josen\u00f3polis, Juramento, Lagoa dos Patos, Lontra, Mirabela, Montes Claros, Olhos-D&#8217;\u00e1gua, Padre Carvalho, Patis, Pirapora, Ponto Chique, S\u00e3o Jo\u00e3o da Lagoa, S\u00e3o Jo\u00e3o da Ponte, S\u00e3o Jo\u00e3o do Pacu\u00ed, V\u00e1rzea da Palma e Varzel\u00e2ndia.<\/p>\n<p><strong>Vale do Jequitinhonha<\/strong><\/p>\n<p>O Baixo Jequitinhonha est\u00e1 prestes a ter um Cons\u00f3rcio Intermunicipal de Gest\u00e3o Integrada de Res\u00edduos S\u00f3lidos. Na manh\u00e3 desta quinta-feira (30), em Belo Horizonte, representantes de 13 prefeituras localizadas na regi\u00e3o se reuniram para registrar o consorciamento, atrav\u00e9s da emiss\u00e3o do CNPJ.    <\/p>\n<p>Fazem parte do Cons\u00f3rcio os munic\u00edpios de Santa Maria do Salto, Jord\u00e2nia, Salto da Divisa, Almenara, Divis\u00f3polis, Pedra Azul, Bandeira, Santo Ant\u00f4nio Jacinto, Rubim, Mata Verde, Jequitinhonha e Felisburgo. <\/p>\n","protected":false},"excerpt":{"rendered":"<p>Representantes de 50 prefeituras participaram de encontros promovidos pela Secretaria de Desenvolvimento Regional, Pol\u00edtica Urbana e Gest\u00e3o Metropolitana Encontros com gestores promovidos pela Sedru nesta semana foram realizados na Cidade Administrativa &#8211; (Foto: Rafael Rebuiti) O Governo de Minas, por meio da Secretaria de Estado de Desenvolvimento Regional, Pol\u00edtica Urbana e Gest\u00e3o Metropolitana (Sedru), realizou, [&hellip;]<\/p>\n","protected":false},"author":1,"featured_media":19830,"comment_status":"open","ping_status":"closed","sticky":false,"template":"","format":"standard","meta":{"amp_status":"","footnotes":""},"categories":[1236],"tags":[142,353,645,1799,1714,195,1535,1703,1429,2801,3055,1801,1715,354,1691,136,1692,1395,3722,3727,1693,1153,1694,1695,1704,1803,1696,1705,205,3058,3724,475,2247,1697,1706,1698,1796,1707,1356,355,1699,3056,1709,210,973,877,1700,455,3723,254,1711,407,409,699,3726,1522,3725,2448,1810,1701,1712,206030,1340,1713],"class_list":["post-19829","post","type-post","status-publish","format-standard","has-post-thumbnail","hentry","category-norte_de_minas","tag-almenara","tag-bandeira","tag-bocaiuva","tag-bonito-de-minas","tag-botumirim","tag-brasilia-de-minas","tag-buritizeiro","tag-campo-azul","tag-capitao-eneas","tag-claro-dos-pocoes","tag-conego-marinho","tag-coracao-de-jesus","tag-cristalia","tag-divisopolis","tag-engenheiro-navarro","tag-felisburgo","tag-francisco-dumont","tag-francisco-sa","tag-gestores-do-norte-de-minas-discutem-acoes-para-a-destinacao-correta-de-residuos-solidos","tag-gestores-do-norte-de-minas-e-vale-do-jequitinhonha-discutem-acoes-para-a-destinacao-correta-de-residuos-solidos","tag-glaucilandia","tag-grao-mogol","tag-guaraciama","tag-ibiai","tag-ibiracatu","tag-icarai-de-minas","tag-itacambira","tag-itacarambi","tag-januaria","tag-japonvar","tag-jequitai","tag-jordania","tag-josenopolis","tag-juramento","tag-juvenilia","tag-lagoa-dos-patos","tag-lontra","tag-luislandia","tag-manga","tag-mata-verde","tag-mirabela","tag-miravania","tag-montalvania","tag-montes-claros","tag-olhos-dagua","tag-padre-carvalho","tag-patis","tag-pedra-azul","tag-pedras-de-maria-da-cruz","tag-pirapora","tag-ponto-chique","tag-rubim","tag-salto-da-divisa","tag-santa-maria-do-salto","tag-santo-antonio-jacinto","tag-sao-francisco","tag-sao-joao-da-lagoa","tag-sao-joao-da-ponte","tag-sao-joao-das-missoes","tag-sao-joao-do-pacui","tag-ubai","tag-jequi","tag-varzea-da-palma","tag-varzelandia"],"_links":{"self":[{"href":"https:\/\/aconteceunovale.com.br\/portal\/index.php?rest_route=\/wp\/v2\/posts\/19829","targetHints":{"allow":["GET"]}}],"collection":[{"href":"https:\/\/aconteceunovale.com.br\/portal\/index.php?rest_route=\/wp\/v2\/posts"}],"about":[{"href":"https:\/\/aconteceunovale.com.br\/portal\/index.php?rest_route=\/wp\/v2\/types\/post"}],"author":[{"embeddable":true,"href":"https:\/\/aconteceunovale.com.br\/portal\/index.php?rest_route=\/wp\/v2\/users\/1"}],"replies":[{"embeddable":true,"href":"https:\/\/aconteceunovale.com.br\/portal\/index.php?rest_route=%2Fwp%2Fv2%2Fcomments&post=19829"}],"version-history":[{"count":0,"href":"https:\/\/aconteceunovale.com.br\/portal\/index.php?rest_route=\/wp\/v2\/posts\/19829\/revisions"}],"wp:featuredmedia":[{"embeddable":true,"href":"https:\/\/aconteceunovale.com.br\/portal\/index.php?rest_route=\/wp\/v2\/media\/19830"}],"wp:attachment":[{"href":"https:\/\/aconteceunovale.com.br\/portal\/index.php?rest_route=%2Fwp%2Fv2%2Fmedia&parent=19829"}],"wp:term":[{"taxonomy":"category","embeddable":true,"href":"https:\/\/aconteceunovale.com.br\/portal\/index.php?rest_route=%2Fwp%2Fv2%2Fcategories&post=19829"},{"taxonomy":"post_tag","embeddable":true,"href":"https:\/\/aconteceunovale.com.br\/portal\/index.php?rest_route=%2Fwp%2Fv2%2Ftags&post=19829"}],"curies":[{"name":"wp","href":"https:\/\/api.w.org\/{rel}","templated":true}]}}