{"id":19826,"date":"2014-01-30T20:41:04","date_gmt":"2014-01-30T22:41:04","guid":{"rendered":"http:\/\/aconteceunovale.com.br\/portal\/?p=19826"},"modified":"2014-01-30T20:41:04","modified_gmt":"2014-01-30T22:41:04","slug":"ampliacao-da-unimontes-leva-ensino-superior-gratuito-para-o-vale-do-jequitinhonha","status":"publish","type":"post","link":"https:\/\/aconteceunovale.com.br\/portal\/?p=19826","title":{"rendered":"Amplia\u00e7\u00e3o da Unimontes leva ensino superior gratuito para o Vale do Jequitinhonha"},"content":{"rendered":"<p><em><strong>Universidade vai ampliar suas atividades em Joa\u00edma e ir\u00e1 instalar um campus em Pedra Azul<\/strong><\/em><\/p>\n<p><img decoding=\"async\" src=\"http:\/\/aconteceunovale.com.br\/portal\/wp-content\/uploads\/2014\/01\/ampliacao-da-unimontes-leva-ensino-superior-gratuito-para-o-vale-do-jequitinhonha.jpg\" alt=\"\" \/><br \/>\n<em><strong>Secretario Narcio Rodrigues anunciou amplia\u00e7\u00e3o das atividades da Unimontes no Vale do Jequitinhonha<\/strong><\/em><\/p>\n<p>O secretario de Ci\u00eancia, Tecnologia e Ensino Superior, Narcio Rodrigues, participou nesta quinta-feira (30\/01), na cidade de Joa\u00edma, no Vale do Jequitinhonha, de solenidade que marcou expans\u00e3o das atividades presenciais da Universidade Estadual de Montes Claros (Unimontes) naquele munic\u00edpio. O n\u00facleo da Unimontes em Joa\u00edma ficou desativado, mas est\u00e1 retomando suas atividades e j\u00e1 realizou na \u00faltima semana vestibular destinado a alunos da cidade e regi\u00e3o.<\/p>\n<p>Narcio Rodrigues destacou que o Governo de Minas est\u00e1 investindo na expans\u00e3o de vagas de acesso gratuito ao ensino superior em Minas Gerais como instrumento para acelerar a transforma\u00e7\u00e3o econ\u00f4mica e social de algumas regi\u00f5es do Estado, especialmente os Vales do Jequitinhonha, Mucuri, Norte e Noroeste.<\/p>\n<p>Em Joa\u00edma, j\u00e1 esteve em funcionamento um n\u00facleo da Unimontes, que iniciou suas atividades com cursos modulares entre 2003 a 2005, ofertando Geografia, Artes e Educa\u00e7\u00e3o F\u00edsica, com a formatura de 105 alunos. Al\u00e9m dos modulares, a unidade tamb\u00e9m ofereceu cursos presenciais entre 2005 e 2011, formando tr\u00eas turmas com um total de 76 graduados. Em 2014, a perspectiva \u00e9 lan\u00e7ar mais o curso presencial de matem\u00e1tica em Joa\u00edma.<\/p>\n<p><strong>PEDRA AZUL<\/strong><\/p>\n<p>Na \u00faltima quarta-feira (29\/01), Narcio esteve, juntamente com o reitor da Unimontes, Jo\u00e3o dos Reis Canela, na cidade de Pedra Azul, na mesma regi\u00e3o, e assinou termo de coopera\u00e7\u00e3o com a prefeitura local para a implanta\u00e7\u00e3o de um campus no munic\u00edpio. As atividades se iniciar\u00e3o no pr\u00f3ximo semestre com a realiza\u00e7\u00e3o do vestibular. Nos dois munic\u00edpios, Narcio Rodrigues assinou tamb\u00e9m, conv\u00eanio no valor de R$1,186 milh\u00e3o para investimento na aquisi\u00e7\u00e3o de instrumentos e implanta\u00e7\u00e3o de laborat\u00f3rios.<\/p>\n<p>A Unimontes est\u00e1 estruturando a grade de cursos a ser ofertado no seu campus em Pedra Azul.  Os cursos de licenciatura em Hist\u00f3ria, Ci\u00eancias da Religi\u00e3o, Educa\u00e7\u00e3o jF\u00edsica, Letras\/Portugu\u00eas e Pedagogia, al\u00e9m de Tecn\u00f3logo em Gest\u00e3o P\u00fablica, j\u00e1 est\u00e3o assegurados.<\/p>\n<p>Para adequar o pr\u00e9dio da Escola Municipal Clemente de Faria, que abrigar\u00e1 o campus da Unimontes em Pedra Azul, a Secretaria de Educa\u00e7\u00e3o destinou R$420 mil para a reforma do atual pr\u00e9dio. Representando a secretaria de Estado de Educa\u00e7\u00e3o, Ana L\u00facia Gazolla, participou da solenidade a superintendente regional de Ensino de Almenara, Diciola das Gra\u00e7as Moraes.<\/p>\n<p>\u201cA Unimontes est\u00e1 construindo um novo tempo nestas regi\u00f5es em que atua. A institui\u00e7\u00e3o \u00e9 o bra\u00e7o forte do Governo de Minas na sua tarefa de levar forma\u00e7\u00e3o educacional e desenvolvimento econ\u00f4mico para as regi\u00f5es do Jequitinhonha, Norte, Mucuri e Noroeste\u201d, acrescentou Narcio.<\/p>\n<p>O reitor Jo\u00e3o dos Reis Canela fez um balan\u00e7o das atividades da Unimontes. \u201cHoje temos 8 mil alunos e estaremos chegando a 13 mil. A universidade oferece 56 cursos de gradua\u00e7\u00e3o e quatro doutorados. J\u00e1 formamos mais de 50 mil alunos nestes anos de sua exist\u00eancia\u201d, afirmou.<\/p>\n<p>Os prefeitos de Pedra Azul, Daniel Pires de Oliveira Costa e de Joa\u00edma, Donizete Gomes Lemos, agradeceram ao governador Antonio Anastasia pelas iniciativas do Governo de Minas na regi\u00e3o.<\/p>\n","protected":false},"excerpt":{"rendered":"<p>Universidade vai ampliar suas atividades em Joa\u00edma e ir\u00e1 instalar um campus em Pedra Azul Secretario Narcio Rodrigues anunciou amplia\u00e7\u00e3o das atividades da Unimontes no Vale do Jequitinhonha O secretario de Ci\u00eancia, Tecnologia e Ensino Superior, Narcio Rodrigues, participou nesta quinta-feira (30\/01), na cidade de Joa\u00edma, no Vale do Jequitinhonha, de solenidade que marcou expans\u00e3o [&hellip;]<\/p>\n","protected":false},"author":1,"featured_media":19827,"comment_status":"open","ping_status":"closed","sticky":false,"template":"","format":"standard","meta":{"amp_status":"","footnotes":""},"categories":[120],"tags":[3721,611,455,763],"class_list":["post-19826","post","type-post","status-publish","format-standard","has-post-thumbnail","hentry","category-jequi","tag-ampliacao-da-unimontes-leva-ensino-superior-gratuito-para-o-vale-do-jequitinhonha","tag-joaima","tag-pedra-azul","tag-unimontes"],"_links":{"self":[{"href":"https:\/\/aconteceunovale.com.br\/portal\/index.php?rest_route=\/wp\/v2\/posts\/19826","targetHints":{"allow":["GET"]}}],"collection":[{"href":"https:\/\/aconteceunovale.com.br\/portal\/index.php?rest_route=\/wp\/v2\/posts"}],"about":[{"href":"https:\/\/aconteceunovale.com.br\/portal\/index.php?rest_route=\/wp\/v2\/types\/post"}],"author":[{"embeddable":true,"href":"https:\/\/aconteceunovale.com.br\/portal\/index.php?rest_route=\/wp\/v2\/users\/1"}],"replies":[{"embeddable":true,"href":"https:\/\/aconteceunovale.com.br\/portal\/index.php?rest_route=%2Fwp%2Fv2%2Fcomments&post=19826"}],"version-history":[{"count":0,"href":"https:\/\/aconteceunovale.com.br\/portal\/index.php?rest_route=\/wp\/v2\/posts\/19826\/revisions"}],"wp:featuredmedia":[{"embeddable":true,"href":"https:\/\/aconteceunovale.com.br\/portal\/index.php?rest_route=\/wp\/v2\/media\/19827"}],"wp:attachment":[{"href":"https:\/\/aconteceunovale.com.br\/portal\/index.php?rest_route=%2Fwp%2Fv2%2Fmedia&parent=19826"}],"wp:term":[{"taxonomy":"category","embeddable":true,"href":"https:\/\/aconteceunovale.com.br\/portal\/index.php?rest_route=%2Fwp%2Fv2%2Fcategories&post=19826"},{"taxonomy":"post_tag","embeddable":true,"href":"https:\/\/aconteceunovale.com.br\/portal\/index.php?rest_route=%2Fwp%2Fv2%2Ftags&post=19826"}],"curies":[{"name":"wp","href":"https:\/\/api.w.org\/{rel}","templated":true}]}}