{"id":19817,"date":"2014-01-30T16:28:07","date_gmt":"2014-01-30T18:28:07","guid":{"rendered":"http:\/\/aconteceunovale.com.br\/portal\/?p=19817"},"modified":"2014-01-30T16:28:07","modified_gmt":"2014-01-30T18:28:07","slug":"adolescente-com-peca-metalica-presa-em-dedo-e-socorrido-por-bombeiros-no-norte-de-minas","status":"publish","type":"post","link":"https:\/\/aconteceunovale.com.br\/portal\/?p=19817","title":{"rendered":"Adolescente com pe\u00e7a met\u00e1lica presa em dedo \u00e9 socorrido por bombeiros no Norte de Minas"},"content":{"rendered":"<p>Um adolescente de 14 anos precisou da ajuda de militares do Corpo de Bombeiros de Montes Claros para a retirada de uma pe\u00e7a met\u00e1lica de um dos dedos. O caso aconteceu nesta quinta-feira (30\/01).<\/p>\n<p><img decoding=\"async\" src=\"http:\/\/aconteceunovale.com.br\/portal\/wp-content\/uploads\/2014\/01\/sao_francisco_anel_preso.jpg\" alt=\"\" \/><br \/>\n<em><strong>Bombeiros usaram corta-anel e uma mini-serra para retirarem a pe\u00e7a<\/strong><\/em><\/p>\n<p>O rapaz, morador do munic\u00edpio de S\u00e3o Francisco, no Norte de Minas, brincava com o material que se assemelha a um anel, quando ficou com o dedo preso. Ap\u00f3s tentar a retirada do material, sem sucesso, a v\u00edtima acompanhada do pai seguiu para Montes Claros em busca de ajuda.<\/p>\n<p>No batalh\u00e3o da corpora\u00e7\u00e3o, os militares utilizaram um equipamento chamado corta-anel e uma mini serra. O dedo do jovem estava com edema leve e n\u00e3o precisou ser conduzido ao hospital.<\/p>\n<p>Na oportunidade, os bombeiros refor\u00e7am para que todos fiquem atentos ao uso de adornos, joias e at\u00e9 mesmo pe\u00e7as met\u00e1licas, j\u00e1 que s\u00e3o in\u00fameros os casos de pessoas que procuram a corpora\u00e7\u00e3o para solucionar casos como esse. Situa\u00e7\u00f5es iguais tamb\u00e9m s\u00e3o bastante frequentes no maior hospital de Minas, o Pronto Socorro Jo\u00e3o XXIII. Por ano, a unidade de sa\u00fade atende mais de 500 pacientes com problemas devido ao uso indevido de an\u00e9is.<\/p>\n","protected":false},"excerpt":{"rendered":"<p>Um adolescente de 14 anos precisou da ajuda de militares do Corpo de Bombeiros de Montes Claros para a retirada de uma pe\u00e7a met\u00e1lica de um dos dedos. O caso aconteceu nesta quinta-feira (30\/01). Bombeiros usaram corta-anel e uma mini-serra para retirarem a pe\u00e7a O rapaz, morador do munic\u00edpio de S\u00e3o Francisco, no Norte de [&hellip;]<\/p>\n","protected":false},"author":1,"featured_media":19818,"comment_status":"open","ping_status":"closed","sticky":false,"template":"","format":"standard","meta":{"amp_status":"","footnotes":""},"categories":[1236],"tags":[3717,210,1522],"class_list":["post-19817","post","type-post","status-publish","format-standard","has-post-thumbnail","hentry","category-norte_de_minas","tag-adolescente-com-peca-metalica-presa-em-dedo-e-socorrido-por-bombeiros-no-norte-de-minas","tag-montes-claros","tag-sao-francisco"],"_links":{"self":[{"href":"https:\/\/aconteceunovale.com.br\/portal\/index.php?rest_route=\/wp\/v2\/posts\/19817","targetHints":{"allow":["GET"]}}],"collection":[{"href":"https:\/\/aconteceunovale.com.br\/portal\/index.php?rest_route=\/wp\/v2\/posts"}],"about":[{"href":"https:\/\/aconteceunovale.com.br\/portal\/index.php?rest_route=\/wp\/v2\/types\/post"}],"author":[{"embeddable":true,"href":"https:\/\/aconteceunovale.com.br\/portal\/index.php?rest_route=\/wp\/v2\/users\/1"}],"replies":[{"embeddable":true,"href":"https:\/\/aconteceunovale.com.br\/portal\/index.php?rest_route=%2Fwp%2Fv2%2Fcomments&post=19817"}],"version-history":[{"count":0,"href":"https:\/\/aconteceunovale.com.br\/portal\/index.php?rest_route=\/wp\/v2\/posts\/19817\/revisions"}],"wp:featuredmedia":[{"embeddable":true,"href":"https:\/\/aconteceunovale.com.br\/portal\/index.php?rest_route=\/wp\/v2\/media\/19818"}],"wp:attachment":[{"href":"https:\/\/aconteceunovale.com.br\/portal\/index.php?rest_route=%2Fwp%2Fv2%2Fmedia&parent=19817"}],"wp:term":[{"taxonomy":"category","embeddable":true,"href":"https:\/\/aconteceunovale.com.br\/portal\/index.php?rest_route=%2Fwp%2Fv2%2Fcategories&post=19817"},{"taxonomy":"post_tag","embeddable":true,"href":"https:\/\/aconteceunovale.com.br\/portal\/index.php?rest_route=%2Fwp%2Fv2%2Ftags&post=19817"}],"curies":[{"name":"wp","href":"https:\/\/api.w.org\/{rel}","templated":true}]}}