{"id":197907,"date":"2025-02-21T15:50:06","date_gmt":"2025-02-21T18:50:06","guid":{"rendered":"https:\/\/aconteceunovale.com.br\/portal\/?p=197907"},"modified":"2025-02-21T15:50:46","modified_gmt":"2025-02-21T18:50:46","slug":"capelinha-celebra-112-anos-com-programacao-na-praca-do-povo","status":"publish","type":"post","link":"https:\/\/aconteceunovale.com.br\/portal\/?p=197907","title":{"rendered":"Capelinha celebra 112 anos com programa\u00e7\u00e3o na Pra\u00e7a do Povo"},"content":{"rendered":"\n<p>Na pr\u00f3xima segunda-feira, dia 24 de fevereiro, a cidade de Capelinha, no Vale do Jequitinhonha, completar\u00e1 112 anos de emancipa\u00e7\u00e3o pol\u00edtico-administrativa. Para marcar a data, a Pra\u00e7a do Povo ser\u00e1 palco de uma festa gratuita no domingo (23), organizada pela Prefeitura Municipal em parceria com a Secretaria Municipal de Cultura e Turismo. As atividades ter\u00e3o in\u00edcio \u00e0s 16h e prometem atrair moradores de todas as idades com uma agenda repleta de atra\u00e7\u00f5es musicais e op\u00e7\u00f5es de lazer.<\/p>\n\n\n<div class=\"wp-block-image\">\n<figure class=\"alignright size-full is-resized\"><img loading=\"lazy\" decoding=\"async\" width=\"360\" height=\"450\" src=\"https:\/\/aconteceunovale.com.br\/portal\/wp-content\/uploads\/2025\/02\/aniversario_capelinha_1.jpg\" alt=\"\" class=\"wp-image-197908\" style=\"width:392px;height:auto\" srcset=\"https:\/\/aconteceunovale.com.br\/portal\/wp-content\/uploads\/2025\/02\/aniversario_capelinha_1.jpg 360w, https:\/\/aconteceunovale.com.br\/portal\/wp-content\/uploads\/2025\/02\/aniversario_capelinha_1-240x300.jpg 240w, https:\/\/aconteceunovale.com.br\/portal\/wp-content\/uploads\/2025\/02\/aniversario_capelinha_1-336x420.jpg 336w\" sizes=\"auto, (max-width: 360px) 100vw, 360px\" \/><\/figure>\n<\/div>\n\n\n<p>A programa\u00e7\u00e3o come\u00e7a \u00e0s 17h, com a apresenta\u00e7\u00e3o da Banda de M\u00fasica de Itamarandiba. \u00c0s 18h, autoridades locais far\u00e3o um pronunciamento oficial em celebra\u00e7\u00e3o ao anivers\u00e1rio da cidade. Em seguida, \u00e0s 18h40, o p\u00fablico poder\u00e1 conferir a apresenta\u00e7\u00e3o de Juvenal Cordeiro &amp; Filhos. \u00c0s 19h30, ser\u00e1 a vez do show gospel de Ander Silva &amp; Banda. A noite segue com Clemilson Sampaio, \u00e0s 20h30, e encerra-se com a dupla Brianne &amp; Allan, \u00e0s 22h.<\/p>\n\n\n\n<p>De acordo com a administra\u00e7\u00e3o municipal, a festividade foi viabilizada gra\u00e7as \u00e0 iniciativa de uma empresa local do setor de entretenimento, que assumiu os custos do evento. <em>\u201cN\u00e3o poder\u00edamos deixar essa data t\u00e3o importante passar em branco. \u00c9 com grande alegria que comemoramos essa ocasi\u00e3o especial, gra\u00e7as \u00e0 parceria e ao apoio generoso de uma empresa do ramo do entretenimento que doou a festa para Capelinha, permitindo que essa celebra\u00e7\u00e3o fosse realizada\u201d<\/em>, informou a Prefeitura em nota oficial.<\/p>\n\n\n\n<p>Al\u00e9m das apresenta\u00e7\u00f5es musicais, a organiza\u00e7\u00e3o destaca que haver\u00e1 brinquedos e diversas atividades voltadas para o p\u00fablico infantil, garantindo divers\u00e3o para as crian\u00e7as durante toda a tarde e noite. A expectativa \u00e9 de que o evento re\u00fana fam\u00edlias e visitantes em um momento de confraterniza\u00e7\u00e3o e valoriza\u00e7\u00e3o da hist\u00f3ria do munic\u00edpio.<\/p>\n\n\n\n<p>A realiza\u00e7\u00e3o da festa conta com o suporte da Prefeitura de Capelinha e da Secretaria Municipal de Cultura e Turismo, que convidam toda a popula\u00e7\u00e3o a participar dessa celebra\u00e7\u00e3o.<\/p>\n","protected":false},"excerpt":{"rendered":"<p>Na pr\u00f3xima segunda-feira, dia 24 de fevereiro, a cidade de Capelinha, no Vale do Jequitinhonha, completar\u00e1 112 anos de emancipa\u00e7\u00e3o pol\u00edtico-administrativa. Para marcar a data, a Pra\u00e7a do Povo ser\u00e1 palco de uma festa gratuita no domingo (23), organizada pela Prefeitura Municipal em parceria com a Secretaria Municipal de Cultura e Turismo. As atividades ter\u00e3o [&hellip;]<\/p>\n","protected":false},"author":4,"featured_media":197909,"comment_status":"open","ping_status":"closed","sticky":false,"template":"","format":"standard","meta":{"amp_status":"","footnotes":""},"categories":[125,120],"tags":[272311,32582,132,272310,272312,268656,65998,272313],"class_list":["post-197907","post","type-post","status-publish","format-standard","has-post-thumbnail","hentry","category-noticias","category-jequi","tag-112-anos-de-capelinha","tag-aniversario-de-capelinha","tag-capelinha","tag-capelinha-celebra-112-anos-com-programacao-na-praca-do-povo","tag-festa-de-aniversario-de-112-anos-de-capelinha","tag-festa-em-capelinha","tag-prefeitura-de-capelinha","tag-programacao-do-aniversario-de-capelinha"],"_links":{"self":[{"href":"https:\/\/aconteceunovale.com.br\/portal\/index.php?rest_route=\/wp\/v2\/posts\/197907","targetHints":{"allow":["GET"]}}],"collection":[{"href":"https:\/\/aconteceunovale.com.br\/portal\/index.php?rest_route=\/wp\/v2\/posts"}],"about":[{"href":"https:\/\/aconteceunovale.com.br\/portal\/index.php?rest_route=\/wp\/v2\/types\/post"}],"author":[{"embeddable":true,"href":"https:\/\/aconteceunovale.com.br\/portal\/index.php?rest_route=\/wp\/v2\/users\/4"}],"replies":[{"embeddable":true,"href":"https:\/\/aconteceunovale.com.br\/portal\/index.php?rest_route=%2Fwp%2Fv2%2Fcomments&post=197907"}],"version-history":[{"count":1,"href":"https:\/\/aconteceunovale.com.br\/portal\/index.php?rest_route=\/wp\/v2\/posts\/197907\/revisions"}],"predecessor-version":[{"id":197910,"href":"https:\/\/aconteceunovale.com.br\/portal\/index.php?rest_route=\/wp\/v2\/posts\/197907\/revisions\/197910"}],"wp:featuredmedia":[{"embeddable":true,"href":"https:\/\/aconteceunovale.com.br\/portal\/index.php?rest_route=\/wp\/v2\/media\/197909"}],"wp:attachment":[{"href":"https:\/\/aconteceunovale.com.br\/portal\/index.php?rest_route=%2Fwp%2Fv2%2Fmedia&parent=197907"}],"wp:term":[{"taxonomy":"category","embeddable":true,"href":"https:\/\/aconteceunovale.com.br\/portal\/index.php?rest_route=%2Fwp%2Fv2%2Fcategories&post=197907"},{"taxonomy":"post_tag","embeddable":true,"href":"https:\/\/aconteceunovale.com.br\/portal\/index.php?rest_route=%2Fwp%2Fv2%2Ftags&post=197907"}],"curies":[{"name":"wp","href":"https:\/\/api.w.org\/{rel}","templated":true}]}}