{"id":197663,"date":"2025-02-14T19:44:41","date_gmt":"2025-02-14T22:44:41","guid":{"rendered":"https:\/\/aconteceunovale.com.br\/portal\/?p=197663"},"modified":"2025-02-14T19:45:19","modified_gmt":"2025-02-14T22:45:19","slug":"trio-colombiano-e-preso-com-produtos-furtados-em-governador-valadares","status":"publish","type":"post","link":"https:\/\/aconteceunovale.com.br\/portal\/?p=197663","title":{"rendered":"Trio colombiano \u00e9 preso com produtos furtados em Governador Valadares"},"content":{"rendered":"\n<p class=\"wp-block-paragraph\">Na noite de ter\u00e7a-feira (13\/2), a Pol\u00edcia Militar de Minas Gerais (PMMG) prendeu dois homens, de 49 e 21 anos, e uma mulher, de 37 anos, todos de nacionalidade colombiana, suspeitos de envolvimento em um furto na cidade de Governador Valadares. A a\u00e7\u00e3o foi conduzida pela 18\u00aa Companhia Independente, em Mantena, e resultou na apreens\u00e3o de diversos produtos, incluindo um macaco hidr\u00e1ulico, pe\u00e7as de roupas, bolsas, aparelhos celulares e a quantia de R$ 2.110,00 em dinheiro.<\/p>\n\n\n\n<figure class=\"wp-block-gallery has-nested-images columns-default is-cropped wp-block-gallery-1 is-layout-flex wp-block-gallery-is-layout-flex\">\n<figure class=\"wp-block-image size-large\"><img loading=\"lazy\" decoding=\"async\" width=\"672\" height=\"450\" data-id=\"197664\" src=\"https:\/\/aconteceunovale.com.br\/portal\/wp-content\/uploads\/2025\/02\/colombianos_presos_2.png\" alt=\"\" class=\"wp-image-197664\" srcset=\"https:\/\/aconteceunovale.com.br\/portal\/wp-content\/uploads\/2025\/02\/colombianos_presos_2.png 672w, https:\/\/aconteceunovale.com.br\/portal\/wp-content\/uploads\/2025\/02\/colombianos_presos_2-300x201.png 300w, https:\/\/aconteceunovale.com.br\/portal\/wp-content\/uploads\/2025\/02\/colombianos_presos_2-627x420.png 627w\" sizes=\"auto, (max-width: 672px) 100vw, 672px\" \/><figcaption class=\"wp-element-caption\"><em>Foto: Divulga\u00e7\u00e3o \/ PMMG<\/em><\/figcaption><\/figure>\n<\/figure>\n\n\n\n<p class=\"wp-block-paragraph\">A opera\u00e7\u00e3o teve in\u00edcio ap\u00f3s a equipe de intelig\u00eancia da PMMG receber informa\u00e7\u00f5es de que um ve\u00edculo GM Astra, de cor preta, seguia pela rodovia MGTC-381, transportando os suspeitos do furto. Os militares iniciaram o rastreamento e avistaram o autom\u00f3vel no per\u00edmetro urbano de Mantena, seguindo em dire\u00e7\u00e3o ao Esp\u00edrito Santo.<\/p>\n\n\n\n<p class=\"wp-block-paragraph\">Diante da situa\u00e7\u00e3o, os policiais acompanharam o ve\u00edculo e, com o apoio da Pol\u00edcia Militar capixaba, realizaram a abordagem na cidade de Barra de S\u00e3o Francisco (ES). Os tr\u00eas suspeitos foram detidos e a ocorr\u00eancia foi finalizada na delegacia de Pol\u00edcia Civil do munic\u00edpio.<\/p>\n","protected":false},"excerpt":{"rendered":"<p>Na noite de ter\u00e7a-feira (13\/2), a Pol\u00edcia Militar de Minas Gerais (PMMG) prendeu dois homens, de 49 e 21 anos, e uma mulher, de 37 anos, todos de nacionalidade colombiana, suspeitos de envolvimento em um furto na cidade de Governador Valadares. A a\u00e7\u00e3o foi conduzida pela 18\u00aa Companhia Independente, em Mantena, e resultou na apreens\u00e3o [&hellip;]<\/p>\n","protected":false},"author":4,"featured_media":197664,"comment_status":"open","ping_status":"closed","sticky":false,"template":"","format":"standard","meta":{"amp_status":"","footnotes":""},"categories":[121],"tags":[29402,272052,272051,1018,247,1516,38187,272050],"class_list":["post-197663","post","type-post","status-publish","format-standard","has-post-thumbnail","hentry","category-leste","tag-barra-de-sao-francisco","tag-colombianos-presos-em-barra-de-sao-francisco","tag-colombianos-presos-por-furto-em-governador-valadares","tag-destaque","tag-governador-valadares","tag-mantena","tag-pmmg","tag-trio-colombiano-e-preso-com-produtos-furtados-em-governador-valadares"],"yoast_head":"<!-- This site is optimized with the Yoast SEO plugin v28.3 - https:\/\/yoast.com\/product\/yoast-seo-wordpress\/ -->\n<title>Trio colombiano \u00e9 preso com produtos furtados em Governador Valadares - Aconteceu no Vale<\/title>\n<meta name=\"robots\" content=\"index, follow, max-snippet:-1, max-image-preview:large, max-video-preview:-1\" \/>\n<link rel=\"canonical\" href=\"https:\/\/aconteceunovale.com.br\/portal\/?p=197663\" \/>\n<meta property=\"og:locale\" content=\"pt_BR\" \/>\n<meta property=\"og:type\" content=\"article\" \/>\n<meta property=\"og:title\" content=\"Trio colombiano \u00e9 preso com produtos furtados em Governador Valadares - Aconteceu no Vale\" \/>\n<meta property=\"og:description\" content=\"Na noite de ter\u00e7a-feira (13\/2), a Pol\u00edcia Militar de Minas Gerais (PMMG) prendeu dois homens, de 49 e 21 anos, e uma mulher, de 37 anos, todos de nacionalidade colombiana, suspeitos de envolvimento em um furto na cidade de Governador Valadares. A a\u00e7\u00e3o foi conduzida pela 18\u00aa Companhia Independente, em Mantena, e resultou na apreens\u00e3o [&hellip;]\" \/>\n<meta property=\"og:url\" content=\"https:\/\/aconteceunovale.com.br\/portal\/?p=197663\" \/>\n<meta property=\"og:site_name\" content=\"Aconteceu no Vale\" \/>\n<meta property=\"article:publisher\" content=\"https:\/\/www.facebook.com\/aconteceunovale\/\" \/>\n<meta property=\"article:published_time\" content=\"2025-02-14T22:44:41+00:00\" \/>\n<meta property=\"article:modified_time\" content=\"2025-02-14T22:45:19+00:00\" \/>\n<meta property=\"og:image\" content=\"https:\/\/aconteceunovale.com.br\/portal\/wp-content\/uploads\/2025\/02\/colombianos_presos_2.png\" \/>\n\t<meta property=\"og:image:width\" content=\"672\" \/>\n\t<meta property=\"og:image:height\" content=\"450\" \/>\n\t<meta property=\"og:image:type\" content=\"image\/png\" \/>\n<meta name=\"author\" content=\"Reda\u00e7\u00e3o Aconteceu no Vale\" \/>\n<meta name=\"twitter:card\" content=\"summary_large_image\" \/>\n<meta name=\"twitter:creator\" content=\"@noticiadosvales\" \/>\n<meta name=\"twitter:site\" content=\"@noticiadosvales\" \/>\n<meta name=\"twitter:label1\" content=\"Escrito por\" \/>\n\t<meta name=\"twitter:data1\" content=\"Reda\u00e7\u00e3o Aconteceu no Vale\" \/>\n\t<meta name=\"twitter:label2\" content=\"Est. tempo de leitura\" \/>\n\t<meta name=\"twitter:data2\" content=\"1 minuto\" \/>\n<script type=\"application\/ld+json\" class=\"yoast-schema-graph\">{\"@context\":\"https:\\\/\\\/schema.org\",\"@graph\":[{\"@type\":\"Article\",\"@id\":\"https:\\\/\\\/aconteceunovale.com.br\\\/portal\\\/?p=197663#article\",\"isPartOf\":{\"@id\":\"https:\\\/\\\/aconteceunovale.com.br\\\/portal\\\/?p=197663\"},\"author\":{\"name\":\"Reda\u00e7\u00e3o Aconteceu no Vale\",\"@id\":\"https:\\\/\\\/aconteceunovale.com.br\\\/portal\\\/#\\\/schema\\\/person\\\/7d2f26d1483f8a63de73da1ee0754d35\"},\"headline\":\"Trio colombiano \u00e9 preso com produtos furtados em Governador Valadares\",\"datePublished\":\"2025-02-14T22:44:41+00:00\",\"dateModified\":\"2025-02-14T22:45:19+00:00\",\"mainEntityOfPage\":{\"@id\":\"https:\\\/\\\/aconteceunovale.com.br\\\/portal\\\/?p=197663\"},\"wordCount\":202,\"commentCount\":0,\"image\":{\"@id\":\"https:\\\/\\\/aconteceunovale.com.br\\\/portal\\\/?p=197663#primaryimage\"},\"thumbnailUrl\":\"https:\\\/\\\/aconteceunovale.com.br\\\/portal\\\/wp-content\\\/uploads\\\/2025\\\/02\\\/colombianos_presos_2.png\",\"keywords\":[\"Barra de S\u00e3o Francisco\",\"Colombianos presos em Barra de S\u00e3o Francisco\",\"Colombianos presos por furto em Governador Valadares\",\"destaque\",\"Governador Valadares\",\"Mantena\",\"PMMG\",\"Trio colombiano \u00e9 preso com produtos furtados em Governador Valadares\"],\"articleSection\":[\"Leste de Minas\"],\"inLanguage\":\"pt-BR\",\"potentialAction\":[{\"@type\":\"CommentAction\",\"name\":\"Comment\",\"target\":[\"https:\\\/\\\/aconteceunovale.com.br\\\/portal\\\/?p=197663#respond\"]}]},{\"@type\":\"WebPage\",\"@id\":\"https:\\\/\\\/aconteceunovale.com.br\\\/portal\\\/?p=197663\",\"url\":\"https:\\\/\\\/aconteceunovale.com.br\\\/portal\\\/?p=197663\",\"name\":\"Trio colombiano \u00e9 preso com produtos furtados em Governador Valadares - Aconteceu no Vale\",\"isPartOf\":{\"@id\":\"https:\\\/\\\/aconteceunovale.com.br\\\/portal\\\/#website\"},\"primaryImageOfPage\":{\"@id\":\"https:\\\/\\\/aconteceunovale.com.br\\\/portal\\\/?p=197663#primaryimage\"},\"image\":{\"@id\":\"https:\\\/\\\/aconteceunovale.com.br\\\/portal\\\/?p=197663#primaryimage\"},\"thumbnailUrl\":\"https:\\\/\\\/aconteceunovale.com.br\\\/portal\\\/wp-content\\\/uploads\\\/2025\\\/02\\\/colombianos_presos_2.png\",\"datePublished\":\"2025-02-14T22:44:41+00:00\",\"dateModified\":\"2025-02-14T22:45:19+00:00\",\"author\":{\"@id\":\"https:\\\/\\\/aconteceunovale.com.br\\\/portal\\\/#\\\/schema\\\/person\\\/7d2f26d1483f8a63de73da1ee0754d35\"},\"breadcrumb\":{\"@id\":\"https:\\\/\\\/aconteceunovale.com.br\\\/portal\\\/?p=197663#breadcrumb\"},\"inLanguage\":\"pt-BR\",\"potentialAction\":[{\"@type\":\"ReadAction\",\"target\":[\"https:\\\/\\\/aconteceunovale.com.br\\\/portal\\\/?p=197663\"]}]},{\"@type\":\"ImageObject\",\"inLanguage\":\"pt-BR\",\"@id\":\"https:\\\/\\\/aconteceunovale.com.br\\\/portal\\\/?p=197663#primaryimage\",\"url\":\"https:\\\/\\\/aconteceunovale.com.br\\\/portal\\\/wp-content\\\/uploads\\\/2025\\\/02\\\/colombianos_presos_2.png\",\"contentUrl\":\"https:\\\/\\\/aconteceunovale.com.br\\\/portal\\\/wp-content\\\/uploads\\\/2025\\\/02\\\/colombianos_presos_2.png\",\"width\":672,\"height\":450,\"caption\":\"Foto: Divulga\u00e7\u00e3o \\\/ PMMG\"},{\"@type\":\"BreadcrumbList\",\"@id\":\"https:\\\/\\\/aconteceunovale.com.br\\\/portal\\\/?p=197663#breadcrumb\",\"itemListElement\":[{\"@type\":\"ListItem\",\"position\":1,\"name\":\"In\u00edcio\",\"item\":\"https:\\\/\\\/aconteceunovale.com.br\\\/portal\\\/\"},{\"@type\":\"ListItem\",\"position\":2,\"name\":\"Trio colombiano \u00e9 preso com produtos furtados em Governador Valadares\"}]},{\"@type\":\"WebSite\",\"@id\":\"https:\\\/\\\/aconteceunovale.com.br\\\/portal\\\/#website\",\"url\":\"https:\\\/\\\/aconteceunovale.com.br\\\/portal\\\/\",\"name\":\"Aconteceu no Vale\",\"description\":\"Portal de Not\u00edcias\",\"potentialAction\":[{\"@type\":\"SearchAction\",\"target\":{\"@type\":\"EntryPoint\",\"urlTemplate\":\"https:\\\/\\\/aconteceunovale.com.br\\\/portal\\\/?s={search_term_string}\"},\"query-input\":{\"@type\":\"PropertyValueSpecification\",\"valueRequired\":true,\"valueName\":\"search_term_string\"}}],\"inLanguage\":\"pt-BR\"},{\"@type\":\"Person\",\"@id\":\"https:\\\/\\\/aconteceunovale.com.br\\\/portal\\\/#\\\/schema\\\/person\\\/7d2f26d1483f8a63de73da1ee0754d35\",\"name\":\"Reda\u00e7\u00e3o Aconteceu no Vale\",\"description\":\"Equipe de reportagem do Aconteceu no Vale, portal de not\u00edcias do Vale do Jequitinhonha, em Minas Gerais. Cobrimos as 51 cidades do Vale desde 2013. Sugest\u00f5es de pauta e pedidos de corre\u00e7\u00e3o: contato@aconteceunovale.com.br\",\"url\":\"https:\\\/\\\/aconteceunovale.com.br\\\/portal\\\/?author=4\"}]}<\/script>\n<!-- \/ Yoast SEO plugin. -->","yoast_head_json":{"title":"Trio colombiano \u00e9 preso com produtos furtados em Governador Valadares - Aconteceu no Vale","robots":{"index":"index","follow":"follow","max-snippet":"max-snippet:-1","max-image-preview":"max-image-preview:large","max-video-preview":"max-video-preview:-1"},"canonical":"https:\/\/aconteceunovale.com.br\/portal\/?p=197663","og_locale":"pt_BR","og_type":"article","og_title":"Trio colombiano \u00e9 preso com produtos furtados em Governador Valadares - Aconteceu no Vale","og_description":"Na noite de ter\u00e7a-feira (13\/2), a Pol\u00edcia Militar de Minas Gerais (PMMG) prendeu dois homens, de 49 e 21 anos, e uma mulher, de 37 anos, todos de nacionalidade colombiana, suspeitos de envolvimento em um furto na cidade de Governador Valadares. A a\u00e7\u00e3o foi conduzida pela 18\u00aa Companhia Independente, em Mantena, e resultou na apreens\u00e3o [&hellip;]","og_url":"https:\/\/aconteceunovale.com.br\/portal\/?p=197663","og_site_name":"Aconteceu no Vale","article_publisher":"https:\/\/www.facebook.com\/aconteceunovale\/","article_published_time":"2025-02-14T22:44:41+00:00","article_modified_time":"2025-02-14T22:45:19+00:00","og_image":[{"width":672,"height":450,"url":"https:\/\/aconteceunovale.com.br\/portal\/wp-content\/uploads\/2025\/02\/colombianos_presos_2.png","type":"image\/png"}],"author":"Reda\u00e7\u00e3o Aconteceu no Vale","twitter_card":"summary_large_image","twitter_creator":"@noticiadosvales","twitter_site":"@noticiadosvales","twitter_misc":{"Escrito por":"Reda\u00e7\u00e3o Aconteceu no Vale","Est. tempo de leitura":"1 minuto"},"schema":{"@context":"https:\/\/schema.org","@graph":[{"@type":"Article","@id":"https:\/\/aconteceunovale.com.br\/portal\/?p=197663#article","isPartOf":{"@id":"https:\/\/aconteceunovale.com.br\/portal\/?p=197663"},"author":{"name":"Reda\u00e7\u00e3o Aconteceu no Vale","@id":"https:\/\/aconteceunovale.com.br\/portal\/#\/schema\/person\/7d2f26d1483f8a63de73da1ee0754d35"},"headline":"Trio colombiano \u00e9 preso com produtos furtados em Governador Valadares","datePublished":"2025-02-14T22:44:41+00:00","dateModified":"2025-02-14T22:45:19+00:00","mainEntityOfPage":{"@id":"https:\/\/aconteceunovale.com.br\/portal\/?p=197663"},"wordCount":202,"commentCount":0,"image":{"@id":"https:\/\/aconteceunovale.com.br\/portal\/?p=197663#primaryimage"},"thumbnailUrl":"https:\/\/aconteceunovale.com.br\/portal\/wp-content\/uploads\/2025\/02\/colombianos_presos_2.png","keywords":["Barra de S\u00e3o Francisco","Colombianos presos em Barra de S\u00e3o Francisco","Colombianos presos por furto em Governador Valadares","destaque","Governador Valadares","Mantena","PMMG","Trio colombiano \u00e9 preso com produtos furtados em Governador Valadares"],"articleSection":["Leste de Minas"],"inLanguage":"pt-BR","potentialAction":[{"@type":"CommentAction","name":"Comment","target":["https:\/\/aconteceunovale.com.br\/portal\/?p=197663#respond"]}]},{"@type":"WebPage","@id":"https:\/\/aconteceunovale.com.br\/portal\/?p=197663","url":"https:\/\/aconteceunovale.com.br\/portal\/?p=197663","name":"Trio colombiano \u00e9 preso com produtos furtados em Governador Valadares - Aconteceu no Vale","isPartOf":{"@id":"https:\/\/aconteceunovale.com.br\/portal\/#website"},"primaryImageOfPage":{"@id":"https:\/\/aconteceunovale.com.br\/portal\/?p=197663#primaryimage"},"image":{"@id":"https:\/\/aconteceunovale.com.br\/portal\/?p=197663#primaryimage"},"thumbnailUrl":"https:\/\/aconteceunovale.com.br\/portal\/wp-content\/uploads\/2025\/02\/colombianos_presos_2.png","datePublished":"2025-02-14T22:44:41+00:00","dateModified":"2025-02-14T22:45:19+00:00","author":{"@id":"https:\/\/aconteceunovale.com.br\/portal\/#\/schema\/person\/7d2f26d1483f8a63de73da1ee0754d35"},"breadcrumb":{"@id":"https:\/\/aconteceunovale.com.br\/portal\/?p=197663#breadcrumb"},"inLanguage":"pt-BR","potentialAction":[{"@type":"ReadAction","target":["https:\/\/aconteceunovale.com.br\/portal\/?p=197663"]}]},{"@type":"ImageObject","inLanguage":"pt-BR","@id":"https:\/\/aconteceunovale.com.br\/portal\/?p=197663#primaryimage","url":"https:\/\/aconteceunovale.com.br\/portal\/wp-content\/uploads\/2025\/02\/colombianos_presos_2.png","contentUrl":"https:\/\/aconteceunovale.com.br\/portal\/wp-content\/uploads\/2025\/02\/colombianos_presos_2.png","width":672,"height":450,"caption":"Foto: Divulga\u00e7\u00e3o \/ PMMG"},{"@type":"BreadcrumbList","@id":"https:\/\/aconteceunovale.com.br\/portal\/?p=197663#breadcrumb","itemListElement":[{"@type":"ListItem","position":1,"name":"In\u00edcio","item":"https:\/\/aconteceunovale.com.br\/portal\/"},{"@type":"ListItem","position":2,"name":"Trio colombiano \u00e9 preso com produtos furtados em Governador Valadares"}]},{"@type":"WebSite","@id":"https:\/\/aconteceunovale.com.br\/portal\/#website","url":"https:\/\/aconteceunovale.com.br\/portal\/","name":"Aconteceu no Vale","description":"Portal de Not\u00edcias","potentialAction":[{"@type":"SearchAction","target":{"@type":"EntryPoint","urlTemplate":"https:\/\/aconteceunovale.com.br\/portal\/?s={search_term_string}"},"query-input":{"@type":"PropertyValueSpecification","valueRequired":true,"valueName":"search_term_string"}}],"inLanguage":"pt-BR"},{"@type":"Person","@id":"https:\/\/aconteceunovale.com.br\/portal\/#\/schema\/person\/7d2f26d1483f8a63de73da1ee0754d35","name":"Reda\u00e7\u00e3o Aconteceu no Vale","description":"Equipe de reportagem do Aconteceu no Vale, portal de not\u00edcias do Vale do Jequitinhonha, em Minas Gerais. Cobrimos as 51 cidades do Vale desde 2013. Sugest\u00f5es de pauta e pedidos de corre\u00e7\u00e3o: contato@aconteceunovale.com.br","url":"https:\/\/aconteceunovale.com.br\/portal\/?author=4"}]}},"_links":{"self":[{"href":"https:\/\/aconteceunovale.com.br\/portal\/index.php?rest_route=\/wp\/v2\/posts\/197663","targetHints":{"allow":["GET"]}}],"collection":[{"href":"https:\/\/aconteceunovale.com.br\/portal\/index.php?rest_route=\/wp\/v2\/posts"}],"about":[{"href":"https:\/\/aconteceunovale.com.br\/portal\/index.php?rest_route=\/wp\/v2\/types\/post"}],"author":[{"embeddable":true,"href":"https:\/\/aconteceunovale.com.br\/portal\/index.php?rest_route=\/wp\/v2\/users\/4"}],"replies":[{"embeddable":true,"href":"https:\/\/aconteceunovale.com.br\/portal\/index.php?rest_route=%2Fwp%2Fv2%2Fcomments&post=197663"}],"version-history":[{"count":1,"href":"https:\/\/aconteceunovale.com.br\/portal\/index.php?rest_route=\/wp\/v2\/posts\/197663\/revisions"}],"predecessor-version":[{"id":197665,"href":"https:\/\/aconteceunovale.com.br\/portal\/index.php?rest_route=\/wp\/v2\/posts\/197663\/revisions\/197665"}],"wp:featuredmedia":[{"embeddable":true,"href":"https:\/\/aconteceunovale.com.br\/portal\/index.php?rest_route=\/wp\/v2\/media\/197664"}],"wp:attachment":[{"href":"https:\/\/aconteceunovale.com.br\/portal\/index.php?rest_route=%2Fwp%2Fv2%2Fmedia&parent=197663"}],"wp:term":[{"taxonomy":"category","embeddable":true,"href":"https:\/\/aconteceunovale.com.br\/portal\/index.php?rest_route=%2Fwp%2Fv2%2Fcategories&post=197663"},{"taxonomy":"post_tag","embeddable":true,"href":"https:\/\/aconteceunovale.com.br\/portal\/index.php?rest_route=%2Fwp%2Fv2%2Ftags&post=197663"}],"curies":[{"name":"wp","href":"https:\/\/api.w.org\/{rel}","templated":true}]}}