{"id":197651,"date":"2025-02-14T17:29:33","date_gmt":"2025-02-14T20:29:33","guid":{"rendered":"https:\/\/aconteceunovale.com.br\/portal\/?p=197651"},"modified":"2025-02-14T17:31:18","modified_gmt":"2025-02-14T20:31:18","slug":"veterinario-e-vigilante-ambiental-sao-presos-por-maus-tratos-em-canil-municipal-de-campos-altos","status":"publish","type":"post","link":"https:\/\/aconteceunovale.com.br\/portal\/?p=197651","title":{"rendered":"Veterin\u00e1rio e vigilante ambiental s\u00e3o presos por maus-tratos em canil municipal de Campos Altos"},"content":{"rendered":"\n<p class=\"wp-block-paragraph\">O m\u00e9dico veterin\u00e1rio respons\u00e1vel pelo canil p\u00fablico de Campos Altos e o vigilante ambiental do munic\u00edpio foram presos em flagrante na quinta-feira (13), durante uma per\u00edcia t\u00e9cnica realizada pelo Minist\u00e9rio P\u00fablico de Minas Gerais (MPMG). A a\u00e7\u00e3o foi conduzida pela Promotoria de Justi\u00e7a \u00danica da Comarca de Campos Altos e pela Coordenadoria de Defesa dos Animais (Ceda), com o apoio da Pol\u00edcia Militar do Meio Ambiente.<\/p>\n\n\n\n<figure class=\"wp-block-gallery has-nested-images columns-default is-cropped wp-block-gallery-1 is-layout-flex wp-block-gallery-is-layout-flex\">\n<figure class=\"wp-block-image size-large\"><img loading=\"lazy\" decoding=\"async\" width=\"650\" height=\"433\" data-id=\"197652\" src=\"https:\/\/aconteceunovale.com.br\/portal\/wp-content\/uploads\/2025\/02\/canil_mg_1.jpg\" alt=\"\" class=\"wp-image-197652\" srcset=\"https:\/\/aconteceunovale.com.br\/portal\/wp-content\/uploads\/2025\/02\/canil_mg_1.jpg 650w, https:\/\/aconteceunovale.com.br\/portal\/wp-content\/uploads\/2025\/02\/canil_mg_1-300x200.jpg 300w, https:\/\/aconteceunovale.com.br\/portal\/wp-content\/uploads\/2025\/02\/canil_mg_1-630x420.jpg 630w\" sizes=\"auto, (max-width: 650px) 100vw, 650px\" \/><figcaption class=\"wp-element-caption\"><em>Foto: Divulga\u00e7\u00e3o \/ MPMG<\/em><\/figcaption><\/figure>\n<\/figure>\n\n\n\n<p class=\"wp-block-paragraph\">Durante a inspe\u00e7\u00e3o, o perito do Minist\u00e9rio P\u00fablico constatou ind\u00edcios de maus-tratos a animais, conforme previsto no artigo 32, \u00a71.\u00ba-A, da Lei 9.605\/1998. Foram encontrados tr\u00eas cadelas em estado de extrema magreza e com les\u00f5es pelo corpo, al\u00e9m de dois animais mortos no local. Os suspeitos foram encaminhados \u00e0 autoridade policial.<\/p>\n\n\n\n<p class=\"wp-block-paragraph\">A per\u00edcia j\u00e1 estava previamente agendada para verificar o cumprimento de exig\u00eancias feitas pelo MPMG em uma A\u00e7\u00e3o Civil P\u00fablica (n.\u00ba 5000539-47.2024.8.13.0115). O processo foi movido devido ao descumprimento de um Termo de Compromisso firmado em 2019 entre o munic\u00edpio e o Minist\u00e9rio P\u00fablico, com o objetivo de estabelecer pol\u00edticas de controle populacional de c\u00e3es e gatos.<\/p>\n\n\n\n<p class=\"wp-block-paragraph\">Dois dias antes da dilig\u00eancia, a Promotoria de Justi\u00e7a recebeu uma den\u00fancia an\u00f4nima relatando maus-tratos aos animais abrigados no canil. A informa\u00e7\u00e3o foi encaminhada \u00e0 Ceda, que solicitou o apoio da Pol\u00edcia Militar Ambiental para atuar na fiscaliza\u00e7\u00e3o.<\/p>\n\n\n\n<p class=\"wp-block-paragraph\">O caso segue em investiga\u00e7\u00e3o, e as autoridades devem analisar as responsabilidades dos envolvidos na gest\u00e3o do canil municipal.<\/p>\n\n\n\n<figure class=\"wp-block-gallery has-nested-images columns-1 is-cropped wp-block-gallery-2 is-layout-flex wp-block-gallery-is-layout-flex\">\n<figure class=\"wp-block-image size-large\"><img loading=\"lazy\" decoding=\"async\" width=\"650\" height=\"433\" data-id=\"197653\" src=\"https:\/\/aconteceunovale.com.br\/portal\/wp-content\/uploads\/2025\/02\/canil_mg_3.jpg\" alt=\"\" class=\"wp-image-197653\" srcset=\"https:\/\/aconteceunovale.com.br\/portal\/wp-content\/uploads\/2025\/02\/canil_mg_3.jpg 650w, https:\/\/aconteceunovale.com.br\/portal\/wp-content\/uploads\/2025\/02\/canil_mg_3-300x200.jpg 300w, https:\/\/aconteceunovale.com.br\/portal\/wp-content\/uploads\/2025\/02\/canil_mg_3-630x420.jpg 630w\" sizes=\"auto, (max-width: 650px) 100vw, 650px\" \/><figcaption class=\"wp-element-caption\"><em>Foto: Divulga\u00e7\u00e3o \/ MPMG<\/em><\/figcaption><\/figure>\n\n\n\n<figure class=\"wp-block-image size-large\"><img loading=\"lazy\" decoding=\"async\" width=\"678\" height=\"450\" data-id=\"197654\" src=\"https:\/\/aconteceunovale.com.br\/portal\/wp-content\/uploads\/2025\/02\/canil_mg_2.jpg\" alt=\"\" class=\"wp-image-197654\" srcset=\"https:\/\/aconteceunovale.com.br\/portal\/wp-content\/uploads\/2025\/02\/canil_mg_2.jpg 678w, https:\/\/aconteceunovale.com.br\/portal\/wp-content\/uploads\/2025\/02\/canil_mg_2-300x199.jpg 300w, https:\/\/aconteceunovale.com.br\/portal\/wp-content\/uploads\/2025\/02\/canil_mg_2-633x420.jpg 633w\" sizes=\"auto, (max-width: 678px) 100vw, 678px\" \/><figcaption class=\"wp-element-caption\"><em>Foto: Divulga\u00e7\u00e3o \/ MPMG<\/em><\/figcaption><\/figure>\n<\/figure>\n","protected":false},"excerpt":{"rendered":"<p>O m\u00e9dico veterin\u00e1rio respons\u00e1vel pelo canil p\u00fablico de Campos Altos e o vigilante ambiental do munic\u00edpio foram presos em flagrante na quinta-feira (13), durante uma per\u00edcia t\u00e9cnica realizada pelo Minist\u00e9rio P\u00fablico de Minas Gerais (MPMG). A a\u00e7\u00e3o foi conduzida pela Promotoria de Justi\u00e7a \u00danica da Comarca de Campos Altos e pela Coordenadoria de Defesa dos [&hellip;]<\/p>\n","protected":false},"author":4,"featured_media":197654,"comment_status":"open","ping_status":"closed","sticky":false,"template":"","format":"standard","meta":{"amp_status":"","footnotes":""},"categories":[123],"tags":[1506,272037,272036,272035,272034,272033],"class_list":["post-197651","post","type-post","status-publish","format-standard","has-post-thumbnail","hentry","category-gerais","tag-campos-altos","tag-canil-publico-de-campos-altos","tag-maus-tratos-no-canil-de-campos-altos","tag-operacao-no-canil-de-campos-altos","tag-pericia-no-canil-de-campos-altos","tag-veterinario-e-vigilante-ambiental-sao-presos-por-maus-tratos-em-canil-municipal-de-campos-altos"],"yoast_head":"<!-- This site is optimized with the Yoast SEO plugin v28.3 - https:\/\/yoast.com\/product\/yoast-seo-wordpress\/ -->\n<title>Veterin\u00e1rio e vigilante ambiental s\u00e3o presos por maus-tratos em canil municipal de Campos Altos - Aconteceu no Vale<\/title>\n<meta name=\"robots\" content=\"index, follow, max-snippet:-1, max-image-preview:large, max-video-preview:-1\" \/>\n<link rel=\"canonical\" href=\"https:\/\/aconteceunovale.com.br\/portal\/?p=197651\" \/>\n<meta property=\"og:locale\" content=\"pt_BR\" \/>\n<meta property=\"og:type\" content=\"article\" \/>\n<meta property=\"og:title\" content=\"Veterin\u00e1rio e vigilante ambiental s\u00e3o presos por maus-tratos em canil municipal de Campos Altos - Aconteceu no Vale\" \/>\n<meta property=\"og:description\" content=\"O m\u00e9dico veterin\u00e1rio respons\u00e1vel pelo canil p\u00fablico de Campos Altos e o vigilante ambiental do munic\u00edpio foram presos em flagrante na quinta-feira (13), durante uma per\u00edcia t\u00e9cnica realizada pelo Minist\u00e9rio P\u00fablico de Minas Gerais (MPMG). A a\u00e7\u00e3o foi conduzida pela Promotoria de Justi\u00e7a \u00danica da Comarca de Campos Altos e pela Coordenadoria de Defesa dos [&hellip;]\" \/>\n<meta property=\"og:url\" content=\"https:\/\/aconteceunovale.com.br\/portal\/?p=197651\" \/>\n<meta property=\"og:site_name\" content=\"Aconteceu no Vale\" \/>\n<meta property=\"article:publisher\" content=\"https:\/\/www.facebook.com\/aconteceunovale\/\" \/>\n<meta property=\"article:published_time\" content=\"2025-02-14T20:29:33+00:00\" \/>\n<meta property=\"article:modified_time\" content=\"2025-02-14T20:31:18+00:00\" \/>\n<meta property=\"og:image\" content=\"https:\/\/aconteceunovale.com.br\/portal\/wp-content\/uploads\/2025\/02\/canil_mg_2.jpg\" \/>\n\t<meta property=\"og:image:width\" content=\"678\" \/>\n\t<meta property=\"og:image:height\" content=\"450\" \/>\n\t<meta property=\"og:image:type\" content=\"image\/jpeg\" \/>\n<meta name=\"author\" content=\"Reda\u00e7\u00e3o Aconteceu no Vale\" \/>\n<meta name=\"twitter:card\" content=\"summary_large_image\" \/>\n<meta name=\"twitter:creator\" content=\"@noticiadosvales\" \/>\n<meta name=\"twitter:site\" content=\"@noticiadosvales\" \/>\n<meta name=\"twitter:label1\" content=\"Escrito por\" \/>\n\t<meta name=\"twitter:data1\" content=\"Reda\u00e7\u00e3o Aconteceu no Vale\" \/>\n\t<meta name=\"twitter:label2\" content=\"Est. tempo de leitura\" \/>\n\t<meta name=\"twitter:data2\" content=\"1 minuto\" \/>\n<script type=\"application\/ld+json\" class=\"yoast-schema-graph\">{\"@context\":\"https:\\\/\\\/schema.org\",\"@graph\":[{\"@type\":\"Article\",\"@id\":\"https:\\\/\\\/aconteceunovale.com.br\\\/portal\\\/?p=197651#article\",\"isPartOf\":{\"@id\":\"https:\\\/\\\/aconteceunovale.com.br\\\/portal\\\/?p=197651\"},\"author\":{\"name\":\"Reda\u00e7\u00e3o Aconteceu no Vale\",\"@id\":\"https:\\\/\\\/aconteceunovale.com.br\\\/portal\\\/#\\\/schema\\\/person\\\/7d2f26d1483f8a63de73da1ee0754d35\"},\"headline\":\"Veterin\u00e1rio e vigilante ambiental s\u00e3o presos por maus-tratos em canil municipal de Campos Altos\",\"datePublished\":\"2025-02-14T20:29:33+00:00\",\"dateModified\":\"2025-02-14T20:31:18+00:00\",\"mainEntityOfPage\":{\"@id\":\"https:\\\/\\\/aconteceunovale.com.br\\\/portal\\\/?p=197651\"},\"wordCount\":290,\"commentCount\":0,\"image\":{\"@id\":\"https:\\\/\\\/aconteceunovale.com.br\\\/portal\\\/?p=197651#primaryimage\"},\"thumbnailUrl\":\"https:\\\/\\\/aconteceunovale.com.br\\\/portal\\\/wp-content\\\/uploads\\\/2025\\\/02\\\/canil_mg_2.jpg\",\"keywords\":[\"Campos Altos\",\"Canil p\u00fablico de Campos Altos\",\"Maus-tratos no canil de Campos Altos\",\"Opera\u00e7\u00e3o no canil de Campos Altos\",\"Per\u00edcia no canil de Campos Altos\",\"Veterin\u00e1rio e vigilante ambiental s\u00e3o presos por maus-tratos em canil municipal de Campos Altos\"],\"articleSection\":[\"Minas Gerais\"],\"inLanguage\":\"pt-BR\",\"potentialAction\":[{\"@type\":\"CommentAction\",\"name\":\"Comment\",\"target\":[\"https:\\\/\\\/aconteceunovale.com.br\\\/portal\\\/?p=197651#respond\"]}]},{\"@type\":\"WebPage\",\"@id\":\"https:\\\/\\\/aconteceunovale.com.br\\\/portal\\\/?p=197651\",\"url\":\"https:\\\/\\\/aconteceunovale.com.br\\\/portal\\\/?p=197651\",\"name\":\"Veterin\u00e1rio e vigilante ambiental s\u00e3o presos por maus-tratos em canil municipal de Campos Altos - Aconteceu no Vale\",\"isPartOf\":{\"@id\":\"https:\\\/\\\/aconteceunovale.com.br\\\/portal\\\/#website\"},\"primaryImageOfPage\":{\"@id\":\"https:\\\/\\\/aconteceunovale.com.br\\\/portal\\\/?p=197651#primaryimage\"},\"image\":{\"@id\":\"https:\\\/\\\/aconteceunovale.com.br\\\/portal\\\/?p=197651#primaryimage\"},\"thumbnailUrl\":\"https:\\\/\\\/aconteceunovale.com.br\\\/portal\\\/wp-content\\\/uploads\\\/2025\\\/02\\\/canil_mg_2.jpg\",\"datePublished\":\"2025-02-14T20:29:33+00:00\",\"dateModified\":\"2025-02-14T20:31:18+00:00\",\"author\":{\"@id\":\"https:\\\/\\\/aconteceunovale.com.br\\\/portal\\\/#\\\/schema\\\/person\\\/7d2f26d1483f8a63de73da1ee0754d35\"},\"breadcrumb\":{\"@id\":\"https:\\\/\\\/aconteceunovale.com.br\\\/portal\\\/?p=197651#breadcrumb\"},\"inLanguage\":\"pt-BR\",\"potentialAction\":[{\"@type\":\"ReadAction\",\"target\":[\"https:\\\/\\\/aconteceunovale.com.br\\\/portal\\\/?p=197651\"]}]},{\"@type\":\"ImageObject\",\"inLanguage\":\"pt-BR\",\"@id\":\"https:\\\/\\\/aconteceunovale.com.br\\\/portal\\\/?p=197651#primaryimage\",\"url\":\"https:\\\/\\\/aconteceunovale.com.br\\\/portal\\\/wp-content\\\/uploads\\\/2025\\\/02\\\/canil_mg_2.jpg\",\"contentUrl\":\"https:\\\/\\\/aconteceunovale.com.br\\\/portal\\\/wp-content\\\/uploads\\\/2025\\\/02\\\/canil_mg_2.jpg\",\"width\":678,\"height\":450,\"caption\":\"Foto: Divulga\u00e7\u00e3o \\\/ MPMG\"},{\"@type\":\"BreadcrumbList\",\"@id\":\"https:\\\/\\\/aconteceunovale.com.br\\\/portal\\\/?p=197651#breadcrumb\",\"itemListElement\":[{\"@type\":\"ListItem\",\"position\":1,\"name\":\"In\u00edcio\",\"item\":\"https:\\\/\\\/aconteceunovale.com.br\\\/portal\\\/\"},{\"@type\":\"ListItem\",\"position\":2,\"name\":\"Veterin\u00e1rio e vigilante ambiental s\u00e3o presos por maus-tratos em canil municipal de Campos Altos\"}]},{\"@type\":\"WebSite\",\"@id\":\"https:\\\/\\\/aconteceunovale.com.br\\\/portal\\\/#website\",\"url\":\"https:\\\/\\\/aconteceunovale.com.br\\\/portal\\\/\",\"name\":\"Aconteceu no Vale\",\"description\":\"Portal de Not\u00edcias\",\"potentialAction\":[{\"@type\":\"SearchAction\",\"target\":{\"@type\":\"EntryPoint\",\"urlTemplate\":\"https:\\\/\\\/aconteceunovale.com.br\\\/portal\\\/?s={search_term_string}\"},\"query-input\":{\"@type\":\"PropertyValueSpecification\",\"valueRequired\":true,\"valueName\":\"search_term_string\"}}],\"inLanguage\":\"pt-BR\"},{\"@type\":\"Person\",\"@id\":\"https:\\\/\\\/aconteceunovale.com.br\\\/portal\\\/#\\\/schema\\\/person\\\/7d2f26d1483f8a63de73da1ee0754d35\",\"name\":\"Reda\u00e7\u00e3o Aconteceu no Vale\",\"description\":\"Equipe de reportagem do Aconteceu no Vale, portal de not\u00edcias do Vale do Jequitinhonha, em Minas Gerais. Cobrimos as 51 cidades do Vale desde 2013. Sugest\u00f5es de pauta e pedidos de corre\u00e7\u00e3o: contato@aconteceunovale.com.br\",\"url\":\"https:\\\/\\\/aconteceunovale.com.br\\\/portal\\\/?author=4\"}]}<\/script>\n<!-- \/ Yoast SEO plugin. -->","yoast_head_json":{"title":"Veterin\u00e1rio e vigilante ambiental s\u00e3o presos por maus-tratos em canil municipal de Campos Altos - Aconteceu no Vale","robots":{"index":"index","follow":"follow","max-snippet":"max-snippet:-1","max-image-preview":"max-image-preview:large","max-video-preview":"max-video-preview:-1"},"canonical":"https:\/\/aconteceunovale.com.br\/portal\/?p=197651","og_locale":"pt_BR","og_type":"article","og_title":"Veterin\u00e1rio e vigilante ambiental s\u00e3o presos por maus-tratos em canil municipal de Campos Altos - Aconteceu no Vale","og_description":"O m\u00e9dico veterin\u00e1rio respons\u00e1vel pelo canil p\u00fablico de Campos Altos e o vigilante ambiental do munic\u00edpio foram presos em flagrante na quinta-feira (13), durante uma per\u00edcia t\u00e9cnica realizada pelo Minist\u00e9rio P\u00fablico de Minas Gerais (MPMG). A a\u00e7\u00e3o foi conduzida pela Promotoria de Justi\u00e7a \u00danica da Comarca de Campos Altos e pela Coordenadoria de Defesa dos [&hellip;]","og_url":"https:\/\/aconteceunovale.com.br\/portal\/?p=197651","og_site_name":"Aconteceu no Vale","article_publisher":"https:\/\/www.facebook.com\/aconteceunovale\/","article_published_time":"2025-02-14T20:29:33+00:00","article_modified_time":"2025-02-14T20:31:18+00:00","og_image":[{"width":678,"height":450,"url":"https:\/\/aconteceunovale.com.br\/portal\/wp-content\/uploads\/2025\/02\/canil_mg_2.jpg","type":"image\/jpeg"}],"author":"Reda\u00e7\u00e3o Aconteceu no Vale","twitter_card":"summary_large_image","twitter_creator":"@noticiadosvales","twitter_site":"@noticiadosvales","twitter_misc":{"Escrito por":"Reda\u00e7\u00e3o Aconteceu no Vale","Est. tempo de leitura":"1 minuto"},"schema":{"@context":"https:\/\/schema.org","@graph":[{"@type":"Article","@id":"https:\/\/aconteceunovale.com.br\/portal\/?p=197651#article","isPartOf":{"@id":"https:\/\/aconteceunovale.com.br\/portal\/?p=197651"},"author":{"name":"Reda\u00e7\u00e3o Aconteceu no Vale","@id":"https:\/\/aconteceunovale.com.br\/portal\/#\/schema\/person\/7d2f26d1483f8a63de73da1ee0754d35"},"headline":"Veterin\u00e1rio e vigilante ambiental s\u00e3o presos por maus-tratos em canil municipal de Campos Altos","datePublished":"2025-02-14T20:29:33+00:00","dateModified":"2025-02-14T20:31:18+00:00","mainEntityOfPage":{"@id":"https:\/\/aconteceunovale.com.br\/portal\/?p=197651"},"wordCount":290,"commentCount":0,"image":{"@id":"https:\/\/aconteceunovale.com.br\/portal\/?p=197651#primaryimage"},"thumbnailUrl":"https:\/\/aconteceunovale.com.br\/portal\/wp-content\/uploads\/2025\/02\/canil_mg_2.jpg","keywords":["Campos Altos","Canil p\u00fablico de Campos Altos","Maus-tratos no canil de Campos Altos","Opera\u00e7\u00e3o no canil de Campos Altos","Per\u00edcia no canil de Campos Altos","Veterin\u00e1rio e vigilante ambiental s\u00e3o presos por maus-tratos em canil municipal de Campos Altos"],"articleSection":["Minas Gerais"],"inLanguage":"pt-BR","potentialAction":[{"@type":"CommentAction","name":"Comment","target":["https:\/\/aconteceunovale.com.br\/portal\/?p=197651#respond"]}]},{"@type":"WebPage","@id":"https:\/\/aconteceunovale.com.br\/portal\/?p=197651","url":"https:\/\/aconteceunovale.com.br\/portal\/?p=197651","name":"Veterin\u00e1rio e vigilante ambiental s\u00e3o presos por maus-tratos em canil municipal de Campos Altos - Aconteceu no Vale","isPartOf":{"@id":"https:\/\/aconteceunovale.com.br\/portal\/#website"},"primaryImageOfPage":{"@id":"https:\/\/aconteceunovale.com.br\/portal\/?p=197651#primaryimage"},"image":{"@id":"https:\/\/aconteceunovale.com.br\/portal\/?p=197651#primaryimage"},"thumbnailUrl":"https:\/\/aconteceunovale.com.br\/portal\/wp-content\/uploads\/2025\/02\/canil_mg_2.jpg","datePublished":"2025-02-14T20:29:33+00:00","dateModified":"2025-02-14T20:31:18+00:00","author":{"@id":"https:\/\/aconteceunovale.com.br\/portal\/#\/schema\/person\/7d2f26d1483f8a63de73da1ee0754d35"},"breadcrumb":{"@id":"https:\/\/aconteceunovale.com.br\/portal\/?p=197651#breadcrumb"},"inLanguage":"pt-BR","potentialAction":[{"@type":"ReadAction","target":["https:\/\/aconteceunovale.com.br\/portal\/?p=197651"]}]},{"@type":"ImageObject","inLanguage":"pt-BR","@id":"https:\/\/aconteceunovale.com.br\/portal\/?p=197651#primaryimage","url":"https:\/\/aconteceunovale.com.br\/portal\/wp-content\/uploads\/2025\/02\/canil_mg_2.jpg","contentUrl":"https:\/\/aconteceunovale.com.br\/portal\/wp-content\/uploads\/2025\/02\/canil_mg_2.jpg","width":678,"height":450,"caption":"Foto: Divulga\u00e7\u00e3o \/ MPMG"},{"@type":"BreadcrumbList","@id":"https:\/\/aconteceunovale.com.br\/portal\/?p=197651#breadcrumb","itemListElement":[{"@type":"ListItem","position":1,"name":"In\u00edcio","item":"https:\/\/aconteceunovale.com.br\/portal\/"},{"@type":"ListItem","position":2,"name":"Veterin\u00e1rio e vigilante ambiental s\u00e3o presos por maus-tratos em canil municipal de Campos Altos"}]},{"@type":"WebSite","@id":"https:\/\/aconteceunovale.com.br\/portal\/#website","url":"https:\/\/aconteceunovale.com.br\/portal\/","name":"Aconteceu no Vale","description":"Portal de Not\u00edcias","potentialAction":[{"@type":"SearchAction","target":{"@type":"EntryPoint","urlTemplate":"https:\/\/aconteceunovale.com.br\/portal\/?s={search_term_string}"},"query-input":{"@type":"PropertyValueSpecification","valueRequired":true,"valueName":"search_term_string"}}],"inLanguage":"pt-BR"},{"@type":"Person","@id":"https:\/\/aconteceunovale.com.br\/portal\/#\/schema\/person\/7d2f26d1483f8a63de73da1ee0754d35","name":"Reda\u00e7\u00e3o Aconteceu no Vale","description":"Equipe de reportagem do Aconteceu no Vale, portal de not\u00edcias do Vale do Jequitinhonha, em Minas Gerais. Cobrimos as 51 cidades do Vale desde 2013. Sugest\u00f5es de pauta e pedidos de corre\u00e7\u00e3o: contato@aconteceunovale.com.br","url":"https:\/\/aconteceunovale.com.br\/portal\/?author=4"}]}},"_links":{"self":[{"href":"https:\/\/aconteceunovale.com.br\/portal\/index.php?rest_route=\/wp\/v2\/posts\/197651","targetHints":{"allow":["GET"]}}],"collection":[{"href":"https:\/\/aconteceunovale.com.br\/portal\/index.php?rest_route=\/wp\/v2\/posts"}],"about":[{"href":"https:\/\/aconteceunovale.com.br\/portal\/index.php?rest_route=\/wp\/v2\/types\/post"}],"author":[{"embeddable":true,"href":"https:\/\/aconteceunovale.com.br\/portal\/index.php?rest_route=\/wp\/v2\/users\/4"}],"replies":[{"embeddable":true,"href":"https:\/\/aconteceunovale.com.br\/portal\/index.php?rest_route=%2Fwp%2Fv2%2Fcomments&post=197651"}],"version-history":[{"count":1,"href":"https:\/\/aconteceunovale.com.br\/portal\/index.php?rest_route=\/wp\/v2\/posts\/197651\/revisions"}],"predecessor-version":[{"id":197655,"href":"https:\/\/aconteceunovale.com.br\/portal\/index.php?rest_route=\/wp\/v2\/posts\/197651\/revisions\/197655"}],"wp:featuredmedia":[{"embeddable":true,"href":"https:\/\/aconteceunovale.com.br\/portal\/index.php?rest_route=\/wp\/v2\/media\/197654"}],"wp:attachment":[{"href":"https:\/\/aconteceunovale.com.br\/portal\/index.php?rest_route=%2Fwp%2Fv2%2Fmedia&parent=197651"}],"wp:term":[{"taxonomy":"category","embeddable":true,"href":"https:\/\/aconteceunovale.com.br\/portal\/index.php?rest_route=%2Fwp%2Fv2%2Fcategories&post=197651"},{"taxonomy":"post_tag","embeddable":true,"href":"https:\/\/aconteceunovale.com.br\/portal\/index.php?rest_route=%2Fwp%2Fv2%2Ftags&post=197651"}],"curies":[{"name":"wp","href":"https:\/\/api.w.org\/{rel}","templated":true}]}}