{"id":197649,"date":"2025-02-14T17:20:27","date_gmt":"2025-02-14T20:20:27","guid":{"rendered":"https:\/\/aconteceunovale.com.br\/portal\/?p=197649"},"modified":"2025-02-14T17:21:29","modified_gmt":"2025-02-14T20:21:29","slug":"montes-claros-inicia-2025-com-aumento-no-custo-de-vida","status":"publish","type":"post","link":"https:\/\/aconteceunovale.com.br\/portal\/?p=197649","title":{"rendered":"Montes Claros inicia 2025 com aumento no custo de vida"},"content":{"rendered":"\n<p class=\"wp-block-paragraph\">O \u00cdndice de Pre\u00e7os ao Consumidor do Munic\u00edpio de Montes Claros (IPC Moc) registrou alta de 0,61% em janeiro de 2025, superando o \u00edndice de 0,54% de dezembro de 2024. O levantamento, realizado pelo Departamento de Economia da Universidade Estadual de Montes Claros (Unimontes), mede a varia\u00e7\u00e3o de pre\u00e7os de bens e servi\u00e7os consumidos por fam\u00edlias com renda entre um e seis sal\u00e1rios m\u00ednimos mensais.<\/p>\n\n\n\n<p class=\"wp-block-paragraph\">A economista V\u00e2nia Silva Vilas B\u00f4as, coordenadora do IPC Moc, explicou que janeiro costuma apresentar infla\u00e7\u00e3o mais elevada devido ao impacto dos produtos alimentares e das despesas com educa\u00e7\u00e3o e servi\u00e7os pessoais. \u201cEmbora o pagamento do IPVA e do IPTU tenha sido postergado para fevereiro, o grupo Educa\u00e7\u00e3o e Despesas Pessoais pressionou a infla\u00e7\u00e3o neste m\u00eas\u201d, destacou.<\/p>\n\n\n\n<h3 class=\"wp-block-heading\"><strong>Principais varia\u00e7\u00f5es no IPC Moc<\/strong><\/h3>\n\n\n\n<p class=\"wp-block-paragraph\">O Grupo Alimenta\u00e7\u00e3o, que tem grande peso no or\u00e7amento familiar, registrou alta de 1,15%, contribuindo com 0,33% para o \u00edndice geral. Itens como caf\u00e9 (7,45%), palmito (5,45%) e \u00f3leo de soja (4,35%) apresentaram os maiores aumentos. Em contrapartida, houve quedas expressivas nos pre\u00e7os do chuchu (-58,72%), tomate (-30,82%) e cenoura (-27,31%).<\/p>\n\n\n\n<p class=\"wp-block-paragraph\">O Grupo Educa\u00e7\u00e3o e Despesas Pessoais teve o maior impacto no IPC Moc, com alta de 6,50% e contribui\u00e7\u00e3o de 0,56% para o \u00edndice geral. O reajuste das mensalidades escolares (11,14%) e dos cursos profissionalizantes (10,17%) foram os principais respons\u00e1veis pelo aumento.<\/p>\n\n\n\n<p class=\"wp-block-paragraph\">Outros grupos apresentaram varia\u00e7\u00f5es menores, como Habita\u00e7\u00e3o (0,21%), Sa\u00fade e Cuidados Pessoais (0,49%) e Artigos de Resid\u00eancia (0,09%). J\u00e1 Transportes e Comunica\u00e7\u00e3o (-1,17%) e Vestu\u00e1rio (-2,37%) tiveram quedas, ajudando a conter o avan\u00e7o da infla\u00e7\u00e3o.<\/p>\n\n\n\n<h3 class=\"wp-block-heading\"><strong>Cesta b\u00e1sica sobe 4,16% em janeiro<\/strong><\/h3>\n\n\n\n<p class=\"wp-block-paragraph\">A cesta b\u00e1sica em Montes Claros teve um aumento de 4,16%, passando de R$ 553,60 em dezembro para R$ 576,64 em janeiro. Com o reajuste de 7,5% no sal\u00e1rio m\u00ednimo, o trabalhador que recebe R$ 1.518,00 precisou destinar 37,99% da renda bruta para a compra dos itens essenciais.<\/p>\n\n\n\n<p class=\"wp-block-paragraph\">Segundo V\u00e2nia Vilas B\u00f4as, a alta dos pre\u00e7os dos alimentos se deve a fatores como quest\u00f5es clim\u00e1ticas, aumento da demanda e c\u00e2mbio favor\u00e1vel \u00e0 exporta\u00e7\u00e3o, o que encarece produtos no mercado interno.<\/p>\n\n\n\n<p class=\"wp-block-paragraph\">O tempo m\u00e9dio necess\u00e1rio para adquirir a cesta b\u00e1sica foi de 104 horas e 59 minutos, uma leve melhora em rela\u00e7\u00e3o \u00e0s 107 horas e 38 minutos de dezembro. Os itens que mais impactaram a alta foram tomate, margarina, caf\u00e9, carne bovina e p\u00e3o de sal.<\/p>\n","protected":false},"excerpt":{"rendered":"<p>O \u00cdndice de Pre\u00e7os ao Consumidor do Munic\u00edpio de Montes Claros (IPC Moc) registrou alta de 0,61% em janeiro de 2025, superando o \u00edndice de 0,54% de dezembro de 2024. O levantamento, realizado pelo Departamento de Economia da Universidade Estadual de Montes Claros (Unimontes), mede a varia\u00e7\u00e3o de pre\u00e7os de bens e servi\u00e7os consumidos por [&hellip;]<\/p>\n","protected":false},"author":4,"featured_media":197149,"comment_status":"open","ping_status":"closed","sticky":false,"template":"","format":"standard","meta":{"amp_status":"","footnotes":""},"categories":[1236],"tags":[216087,224578,1018,272032,272031,272030,210,272029,763,18174],"class_list":["post-197649","post","type-post","status-publish","format-standard","has-post-thumbnail","hentry","category-norte_de_minas","tag-cesta-basica-em-montes-claros","tag-custo-de-vida-em-montes-claros","tag-destaque","tag-economista-vania-silva-vilas-boas","tag-indice-de-precos-ao-consumidor-do-municipio-de-montes-claros","tag-ipc-moc","tag-montes-claros","tag-montes-claros-inicia-2025-com-aumento-no-custo-de-vida","tag-unimontes","tag-universidade-estadual-de-montes-claros"],"yoast_head":"<!-- This site is optimized with the Yoast SEO plugin v28.3 - https:\/\/yoast.com\/product\/yoast-seo-wordpress\/ -->\n<title>Montes Claros inicia 2025 com aumento no custo de vida - Aconteceu no Vale<\/title>\n<meta name=\"robots\" content=\"index, follow, max-snippet:-1, max-image-preview:large, max-video-preview:-1\" \/>\n<link rel=\"canonical\" href=\"https:\/\/aconteceunovale.com.br\/portal\/?p=197649\" \/>\n<meta property=\"og:locale\" content=\"pt_BR\" \/>\n<meta property=\"og:type\" content=\"article\" \/>\n<meta property=\"og:title\" content=\"Montes Claros inicia 2025 com aumento no custo de vida - Aconteceu no Vale\" \/>\n<meta property=\"og:description\" content=\"O \u00cdndice de Pre\u00e7os ao Consumidor do Munic\u00edpio de Montes Claros (IPC Moc) registrou alta de 0,61% em janeiro de 2025, superando o \u00edndice de 0,54% de dezembro de 2024. O levantamento, realizado pelo Departamento de Economia da Universidade Estadual de Montes Claros (Unimontes), mede a varia\u00e7\u00e3o de pre\u00e7os de bens e servi\u00e7os consumidos por [&hellip;]\" \/>\n<meta property=\"og:url\" content=\"https:\/\/aconteceunovale.com.br\/portal\/?p=197649\" \/>\n<meta property=\"og:site_name\" content=\"Aconteceu no Vale\" \/>\n<meta property=\"article:publisher\" content=\"https:\/\/www.facebook.com\/aconteceunovale\/\" \/>\n<meta property=\"article:published_time\" content=\"2025-02-14T20:20:27+00:00\" \/>\n<meta property=\"article:modified_time\" content=\"2025-02-14T20:21:29+00:00\" \/>\n<meta property=\"og:image\" content=\"https:\/\/aconteceunovale.com.br\/portal\/wp-content\/uploads\/2025\/02\/montes_claros.jpeg\" \/>\n\t<meta property=\"og:image:width\" content=\"678\" \/>\n\t<meta property=\"og:image:height\" content=\"422\" \/>\n\t<meta property=\"og:image:type\" content=\"image\/jpeg\" \/>\n<meta name=\"author\" content=\"Reda\u00e7\u00e3o Aconteceu no Vale\" \/>\n<meta name=\"twitter:card\" content=\"summary_large_image\" \/>\n<meta name=\"twitter:creator\" content=\"@noticiadosvales\" \/>\n<meta name=\"twitter:site\" content=\"@noticiadosvales\" \/>\n<meta name=\"twitter:label1\" content=\"Escrito por\" \/>\n\t<meta name=\"twitter:data1\" content=\"Reda\u00e7\u00e3o Aconteceu no Vale\" \/>\n\t<meta name=\"twitter:label2\" content=\"Est. tempo de leitura\" \/>\n\t<meta name=\"twitter:data2\" content=\"2 minutos\" \/>\n<script type=\"application\/ld+json\" class=\"yoast-schema-graph\">{\"@context\":\"https:\\\/\\\/schema.org\",\"@graph\":[{\"@type\":\"Article\",\"@id\":\"https:\\\/\\\/aconteceunovale.com.br\\\/portal\\\/?p=197649#article\",\"isPartOf\":{\"@id\":\"https:\\\/\\\/aconteceunovale.com.br\\\/portal\\\/?p=197649\"},\"author\":{\"name\":\"Reda\u00e7\u00e3o Aconteceu no Vale\",\"@id\":\"https:\\\/\\\/aconteceunovale.com.br\\\/portal\\\/#\\\/schema\\\/person\\\/7d2f26d1483f8a63de73da1ee0754d35\"},\"headline\":\"Montes Claros inicia 2025 com aumento no custo de vida\",\"datePublished\":\"2025-02-14T20:20:27+00:00\",\"dateModified\":\"2025-02-14T20:21:29+00:00\",\"mainEntityOfPage\":{\"@id\":\"https:\\\/\\\/aconteceunovale.com.br\\\/portal\\\/?p=197649\"},\"wordCount\":416,\"commentCount\":0,\"image\":{\"@id\":\"https:\\\/\\\/aconteceunovale.com.br\\\/portal\\\/?p=197649#primaryimage\"},\"thumbnailUrl\":\"https:\\\/\\\/aconteceunovale.com.br\\\/portal\\\/wp-content\\\/uploads\\\/2025\\\/02\\\/montes_claros.jpeg\",\"keywords\":[\"Cesta b\u00e1sica em Montes Claros\",\"Custo de vida em Montes Claros\",\"destaque\",\"Economista V\u00e2nia Silva Vilas B\u00f4as\",\"\u00cdndice de Pre\u00e7os ao Consumidor do Munic\u00edpio de Montes Claros\",\"IPC Moc\",\"Montes Claros\",\"Montes Claros inicia 2025 com aumento no custo de vida\",\"Unimontes\",\"Universidade Estadual de Montes Claros\"],\"articleSection\":[\"Norte de Minas\"],\"inLanguage\":\"pt-BR\",\"potentialAction\":[{\"@type\":\"CommentAction\",\"name\":\"Comment\",\"target\":[\"https:\\\/\\\/aconteceunovale.com.br\\\/portal\\\/?p=197649#respond\"]}]},{\"@type\":\"WebPage\",\"@id\":\"https:\\\/\\\/aconteceunovale.com.br\\\/portal\\\/?p=197649\",\"url\":\"https:\\\/\\\/aconteceunovale.com.br\\\/portal\\\/?p=197649\",\"name\":\"Montes Claros inicia 2025 com aumento no custo de vida - Aconteceu no Vale\",\"isPartOf\":{\"@id\":\"https:\\\/\\\/aconteceunovale.com.br\\\/portal\\\/#website\"},\"primaryImageOfPage\":{\"@id\":\"https:\\\/\\\/aconteceunovale.com.br\\\/portal\\\/?p=197649#primaryimage\"},\"image\":{\"@id\":\"https:\\\/\\\/aconteceunovale.com.br\\\/portal\\\/?p=197649#primaryimage\"},\"thumbnailUrl\":\"https:\\\/\\\/aconteceunovale.com.br\\\/portal\\\/wp-content\\\/uploads\\\/2025\\\/02\\\/montes_claros.jpeg\",\"datePublished\":\"2025-02-14T20:20:27+00:00\",\"dateModified\":\"2025-02-14T20:21:29+00:00\",\"author\":{\"@id\":\"https:\\\/\\\/aconteceunovale.com.br\\\/portal\\\/#\\\/schema\\\/person\\\/7d2f26d1483f8a63de73da1ee0754d35\"},\"breadcrumb\":{\"@id\":\"https:\\\/\\\/aconteceunovale.com.br\\\/portal\\\/?p=197649#breadcrumb\"},\"inLanguage\":\"pt-BR\",\"potentialAction\":[{\"@type\":\"ReadAction\",\"target\":[\"https:\\\/\\\/aconteceunovale.com.br\\\/portal\\\/?p=197649\"]}]},{\"@type\":\"ImageObject\",\"inLanguage\":\"pt-BR\",\"@id\":\"https:\\\/\\\/aconteceunovale.com.br\\\/portal\\\/?p=197649#primaryimage\",\"url\":\"https:\\\/\\\/aconteceunovale.com.br\\\/portal\\\/wp-content\\\/uploads\\\/2025\\\/02\\\/montes_claros.jpeg\",\"contentUrl\":\"https:\\\/\\\/aconteceunovale.com.br\\\/portal\\\/wp-content\\\/uploads\\\/2025\\\/02\\\/montes_claros.jpeg\",\"width\":678,\"height\":422,\"caption\":\"Foto: Solon Queiroz \\\/ Divulga\u00e7\u00e3o \\\/ Prefeitura de Montes Claros\"},{\"@type\":\"BreadcrumbList\",\"@id\":\"https:\\\/\\\/aconteceunovale.com.br\\\/portal\\\/?p=197649#breadcrumb\",\"itemListElement\":[{\"@type\":\"ListItem\",\"position\":1,\"name\":\"In\u00edcio\",\"item\":\"https:\\\/\\\/aconteceunovale.com.br\\\/portal\\\/\"},{\"@type\":\"ListItem\",\"position\":2,\"name\":\"Montes Claros inicia 2025 com aumento no custo de vida\"}]},{\"@type\":\"WebSite\",\"@id\":\"https:\\\/\\\/aconteceunovale.com.br\\\/portal\\\/#website\",\"url\":\"https:\\\/\\\/aconteceunovale.com.br\\\/portal\\\/\",\"name\":\"Aconteceu no Vale\",\"description\":\"Portal de Not\u00edcias\",\"potentialAction\":[{\"@type\":\"SearchAction\",\"target\":{\"@type\":\"EntryPoint\",\"urlTemplate\":\"https:\\\/\\\/aconteceunovale.com.br\\\/portal\\\/?s={search_term_string}\"},\"query-input\":{\"@type\":\"PropertyValueSpecification\",\"valueRequired\":true,\"valueName\":\"search_term_string\"}}],\"inLanguage\":\"pt-BR\"},{\"@type\":\"Person\",\"@id\":\"https:\\\/\\\/aconteceunovale.com.br\\\/portal\\\/#\\\/schema\\\/person\\\/7d2f26d1483f8a63de73da1ee0754d35\",\"name\":\"Reda\u00e7\u00e3o Aconteceu no Vale\",\"description\":\"Equipe de reportagem do Aconteceu no Vale, portal de not\u00edcias do Vale do Jequitinhonha, em Minas Gerais. Cobrimos as 51 cidades do Vale desde 2013. Sugest\u00f5es de pauta e pedidos de corre\u00e7\u00e3o: contato@aconteceunovale.com.br\",\"url\":\"https:\\\/\\\/aconteceunovale.com.br\\\/portal\\\/?author=4\"}]}<\/script>\n<!-- \/ Yoast SEO plugin. -->","yoast_head_json":{"title":"Montes Claros inicia 2025 com aumento no custo de vida - Aconteceu no Vale","robots":{"index":"index","follow":"follow","max-snippet":"max-snippet:-1","max-image-preview":"max-image-preview:large","max-video-preview":"max-video-preview:-1"},"canonical":"https:\/\/aconteceunovale.com.br\/portal\/?p=197649","og_locale":"pt_BR","og_type":"article","og_title":"Montes Claros inicia 2025 com aumento no custo de vida - Aconteceu no Vale","og_description":"O \u00cdndice de Pre\u00e7os ao Consumidor do Munic\u00edpio de Montes Claros (IPC Moc) registrou alta de 0,61% em janeiro de 2025, superando o \u00edndice de 0,54% de dezembro de 2024. O levantamento, realizado pelo Departamento de Economia da Universidade Estadual de Montes Claros (Unimontes), mede a varia\u00e7\u00e3o de pre\u00e7os de bens e servi\u00e7os consumidos por [&hellip;]","og_url":"https:\/\/aconteceunovale.com.br\/portal\/?p=197649","og_site_name":"Aconteceu no Vale","article_publisher":"https:\/\/www.facebook.com\/aconteceunovale\/","article_published_time":"2025-02-14T20:20:27+00:00","article_modified_time":"2025-02-14T20:21:29+00:00","og_image":[{"width":678,"height":422,"url":"https:\/\/aconteceunovale.com.br\/portal\/wp-content\/uploads\/2025\/02\/montes_claros.jpeg","type":"image\/jpeg"}],"author":"Reda\u00e7\u00e3o Aconteceu no Vale","twitter_card":"summary_large_image","twitter_creator":"@noticiadosvales","twitter_site":"@noticiadosvales","twitter_misc":{"Escrito por":"Reda\u00e7\u00e3o Aconteceu no Vale","Est. tempo de leitura":"2 minutos"},"schema":{"@context":"https:\/\/schema.org","@graph":[{"@type":"Article","@id":"https:\/\/aconteceunovale.com.br\/portal\/?p=197649#article","isPartOf":{"@id":"https:\/\/aconteceunovale.com.br\/portal\/?p=197649"},"author":{"name":"Reda\u00e7\u00e3o Aconteceu no Vale","@id":"https:\/\/aconteceunovale.com.br\/portal\/#\/schema\/person\/7d2f26d1483f8a63de73da1ee0754d35"},"headline":"Montes Claros inicia 2025 com aumento no custo de vida","datePublished":"2025-02-14T20:20:27+00:00","dateModified":"2025-02-14T20:21:29+00:00","mainEntityOfPage":{"@id":"https:\/\/aconteceunovale.com.br\/portal\/?p=197649"},"wordCount":416,"commentCount":0,"image":{"@id":"https:\/\/aconteceunovale.com.br\/portal\/?p=197649#primaryimage"},"thumbnailUrl":"https:\/\/aconteceunovale.com.br\/portal\/wp-content\/uploads\/2025\/02\/montes_claros.jpeg","keywords":["Cesta b\u00e1sica em Montes Claros","Custo de vida em Montes Claros","destaque","Economista V\u00e2nia Silva Vilas B\u00f4as","\u00cdndice de Pre\u00e7os ao Consumidor do Munic\u00edpio de Montes Claros","IPC Moc","Montes Claros","Montes Claros inicia 2025 com aumento no custo de vida","Unimontes","Universidade Estadual de Montes Claros"],"articleSection":["Norte de Minas"],"inLanguage":"pt-BR","potentialAction":[{"@type":"CommentAction","name":"Comment","target":["https:\/\/aconteceunovale.com.br\/portal\/?p=197649#respond"]}]},{"@type":"WebPage","@id":"https:\/\/aconteceunovale.com.br\/portal\/?p=197649","url":"https:\/\/aconteceunovale.com.br\/portal\/?p=197649","name":"Montes Claros inicia 2025 com aumento no custo de vida - Aconteceu no Vale","isPartOf":{"@id":"https:\/\/aconteceunovale.com.br\/portal\/#website"},"primaryImageOfPage":{"@id":"https:\/\/aconteceunovale.com.br\/portal\/?p=197649#primaryimage"},"image":{"@id":"https:\/\/aconteceunovale.com.br\/portal\/?p=197649#primaryimage"},"thumbnailUrl":"https:\/\/aconteceunovale.com.br\/portal\/wp-content\/uploads\/2025\/02\/montes_claros.jpeg","datePublished":"2025-02-14T20:20:27+00:00","dateModified":"2025-02-14T20:21:29+00:00","author":{"@id":"https:\/\/aconteceunovale.com.br\/portal\/#\/schema\/person\/7d2f26d1483f8a63de73da1ee0754d35"},"breadcrumb":{"@id":"https:\/\/aconteceunovale.com.br\/portal\/?p=197649#breadcrumb"},"inLanguage":"pt-BR","potentialAction":[{"@type":"ReadAction","target":["https:\/\/aconteceunovale.com.br\/portal\/?p=197649"]}]},{"@type":"ImageObject","inLanguage":"pt-BR","@id":"https:\/\/aconteceunovale.com.br\/portal\/?p=197649#primaryimage","url":"https:\/\/aconteceunovale.com.br\/portal\/wp-content\/uploads\/2025\/02\/montes_claros.jpeg","contentUrl":"https:\/\/aconteceunovale.com.br\/portal\/wp-content\/uploads\/2025\/02\/montes_claros.jpeg","width":678,"height":422,"caption":"Foto: Solon Queiroz \/ Divulga\u00e7\u00e3o \/ Prefeitura de Montes Claros"},{"@type":"BreadcrumbList","@id":"https:\/\/aconteceunovale.com.br\/portal\/?p=197649#breadcrumb","itemListElement":[{"@type":"ListItem","position":1,"name":"In\u00edcio","item":"https:\/\/aconteceunovale.com.br\/portal\/"},{"@type":"ListItem","position":2,"name":"Montes Claros inicia 2025 com aumento no custo de vida"}]},{"@type":"WebSite","@id":"https:\/\/aconteceunovale.com.br\/portal\/#website","url":"https:\/\/aconteceunovale.com.br\/portal\/","name":"Aconteceu no Vale","description":"Portal de Not\u00edcias","potentialAction":[{"@type":"SearchAction","target":{"@type":"EntryPoint","urlTemplate":"https:\/\/aconteceunovale.com.br\/portal\/?s={search_term_string}"},"query-input":{"@type":"PropertyValueSpecification","valueRequired":true,"valueName":"search_term_string"}}],"inLanguage":"pt-BR"},{"@type":"Person","@id":"https:\/\/aconteceunovale.com.br\/portal\/#\/schema\/person\/7d2f26d1483f8a63de73da1ee0754d35","name":"Reda\u00e7\u00e3o Aconteceu no Vale","description":"Equipe de reportagem do Aconteceu no Vale, portal de not\u00edcias do Vale do Jequitinhonha, em Minas Gerais. Cobrimos as 51 cidades do Vale desde 2013. Sugest\u00f5es de pauta e pedidos de corre\u00e7\u00e3o: contato@aconteceunovale.com.br","url":"https:\/\/aconteceunovale.com.br\/portal\/?author=4"}]}},"_links":{"self":[{"href":"https:\/\/aconteceunovale.com.br\/portal\/index.php?rest_route=\/wp\/v2\/posts\/197649","targetHints":{"allow":["GET"]}}],"collection":[{"href":"https:\/\/aconteceunovale.com.br\/portal\/index.php?rest_route=\/wp\/v2\/posts"}],"about":[{"href":"https:\/\/aconteceunovale.com.br\/portal\/index.php?rest_route=\/wp\/v2\/types\/post"}],"author":[{"embeddable":true,"href":"https:\/\/aconteceunovale.com.br\/portal\/index.php?rest_route=\/wp\/v2\/users\/4"}],"replies":[{"embeddable":true,"href":"https:\/\/aconteceunovale.com.br\/portal\/index.php?rest_route=%2Fwp%2Fv2%2Fcomments&post=197649"}],"version-history":[{"count":1,"href":"https:\/\/aconteceunovale.com.br\/portal\/index.php?rest_route=\/wp\/v2\/posts\/197649\/revisions"}],"predecessor-version":[{"id":197650,"href":"https:\/\/aconteceunovale.com.br\/portal\/index.php?rest_route=\/wp\/v2\/posts\/197649\/revisions\/197650"}],"wp:featuredmedia":[{"embeddable":true,"href":"https:\/\/aconteceunovale.com.br\/portal\/index.php?rest_route=\/wp\/v2\/media\/197149"}],"wp:attachment":[{"href":"https:\/\/aconteceunovale.com.br\/portal\/index.php?rest_route=%2Fwp%2Fv2%2Fmedia&parent=197649"}],"wp:term":[{"taxonomy":"category","embeddable":true,"href":"https:\/\/aconteceunovale.com.br\/portal\/index.php?rest_route=%2Fwp%2Fv2%2Fcategories&post=197649"},{"taxonomy":"post_tag","embeddable":true,"href":"https:\/\/aconteceunovale.com.br\/portal\/index.php?rest_route=%2Fwp%2Fv2%2Ftags&post=197649"}],"curies":[{"name":"wp","href":"https:\/\/api.w.org\/{rel}","templated":true}]}}