{"id":19762,"date":"2014-01-29T21:05:48","date_gmt":"2014-01-29T23:05:48","guid":{"rendered":"http:\/\/aconteceunovale.com.br\/portal\/?p=19762"},"modified":"2014-01-29T21:05:48","modified_gmt":"2014-01-29T23:05:48","slug":"prefeito-de-santa-maria-do-suacui-e-reeleito-presidente-da-ambas","status":"publish","type":"post","link":"https:\/\/aconteceunovale.com.br\/portal\/?p=19762","title":{"rendered":"Prefeito de Santa Maria do Sua\u00e7u\u00ed \u00e9 reeleito presidente da AMBAS"},"content":{"rendered":"<p>Em reuni\u00e3o iniciada hoje por volta de 10h30 e encerrada com um almo\u00e7o, pelas 14h, no Restaurante Carro de Boi, em Santa Maria do Sua\u00e7u\u00ed, o prefeito local, Roberto Costa Alves, o Roberto Byrro, foi reeleito por aclama\u00e7\u00e3o para mais um ano de mandato \u00e0 frente da Associa\u00e7\u00e3o dos Munic\u00edpios da Microrregi\u00e3o da Bacia do Sua\u00e7u\u00ed (Ambas).<\/p>\n<p><img decoding=\"async\" src=\"http:\/\/aconteceunovale.com.br\/portal\/wp-content\/uploads\/2014\/01\/eleicao_ambas_29_1_3.jpg\" alt=\"\" \/><\/p>\n<p>Byrro ter\u00e1 como vice-presidente o prefeito de Sabin\u00f3polis, Carlos Roberto Barroso Mour\u00e3o, o Beto de Dante e como segundo vice-presidente o prefeito de S\u00e3o Sebasti\u00e3o do Maranh\u00e3o, Aguinaldo Timote, o popular Ximbinha.<\/p>\n<p>A nova diretoria da entidade ter\u00e1 o Conselho Fiscal para este ano formado pelos prefeitos de Materl\u00e2ndia (Marques Serafim de Pinho, o Marquinhos), prefeito de Jos\u00e9 Raydan (Jos\u00e9 Amaral da Silva) e prefeito de Rio Vermelho (Djalma de Oliveira).<\/p>\n<p>Byrro agradeceu aos prefeitos, secret\u00e1rios, vereadores e demais presentes na reuni\u00e3o pelo apoio e convocou a todos a participarem, em maio, da XVII Marcha dos Prefeitos a Bras\u00edlia. Ele salientou ainda que, j\u00e1 no m\u00eas de abril, mais precisamente no dia 11, ocorrer\u00e1 uma paralisa\u00e7\u00e3o nos munic\u00edpios brasileiros, com os prefeitos se reunindo nas capitais dos Estados junto aos deputados, senadores e governadores para preparar a mobiliza\u00e7\u00e3o de maio.<\/p>\n<p>O prefeito de Santa Maria do Sua\u00e7u\u00ed tamb\u00e9m falou das realiza\u00e7\u00f5es da entidade ao longo do ano passado e disse que a expectativa \u00e9 de que este ano a entidade possa fazer muito mais. &#8220;O primeiro ano de mandato \u00e9 sempre dif\u00edcil para todos&#8221;, explicou. Ele cobrou ainda dos colegas, o fortalecimento da entidade, solicitando que o ajudem a trazer pelo menos mais seis prefeitos da regi\u00e3o para a Ambas que, hoje, tem 14 filiados. &#8220;Queremos chegar ao fim do ano com 20 prefeitos, refor\u00e7ando ainda mais nossa capacidade de reivindica\u00e7\u00e3o&#8221;, concluiu.<\/p>\n<p>Estiveram presentes \u00e0 reuni\u00e3o os prefeitos de \u00c1gua boa (Laerth Vieira), Coroaci (Walter Almeida), Materl\u00e2ndia (Marques Serafim de Pinho), Rio Vermelho (Djalma de Oliveira), Sabin\u00f3polis (Beto de Dante), S\u00e3o Jos\u00e9 da Safira (Tony Lacerda) e Senhora do Porto (Geraldo L\u00facio Albino).<\/p>\n<p><strong>GALERIA DE FOTOS:<\/strong><br \/>\n<em>(Fotos: Jornal Conex\u00e3o)<\/em><\/p>\n<div id='gallery-1' class='gallery galleryid-19762 gallery-columns-3 gallery-size-thumbnail'><figure class='gallery-item'>\n\t\t\t<div class='gallery-icon landscape'>\n\t\t\t\t<a href='https:\/\/aconteceunovale.com.br\/portal\/wp-content\/uploads\/2014\/01\/eleicao_ambas_29_1_9.jpg'><img loading=\"lazy\" decoding=\"async\" width=\"150\" height=\"150\" src=\"https:\/\/aconteceunovale.com.br\/portal\/wp-content\/uploads\/2014\/01\/eleicao_ambas_29_1_9-150x150.jpg\" class=\"attachment-thumbnail size-thumbnail\" alt=\"\" \/><\/a>\n\t\t\t<\/div><\/figure><figure class='gallery-item'>\n\t\t\t<div class='gallery-icon landscape'>\n\t\t\t\t<a href='https:\/\/aconteceunovale.com.br\/portal\/wp-content\/uploads\/2014\/01\/eleicao_ambas_29_1_8.jpg'><img loading=\"lazy\" decoding=\"async\" width=\"150\" height=\"150\" src=\"https:\/\/aconteceunovale.com.br\/portal\/wp-content\/uploads\/2014\/01\/eleicao_ambas_29_1_8-150x150.jpg\" class=\"attachment-thumbnail size-thumbnail\" alt=\"\" \/><\/a>\n\t\t\t<\/div><\/figure><figure class='gallery-item'>\n\t\t\t<div class='gallery-icon landscape'>\n\t\t\t\t<a href='https:\/\/aconteceunovale.com.br\/portal\/wp-content\/uploads\/2014\/01\/eleicao_ambas_29_1_7.jpg'><img loading=\"lazy\" decoding=\"async\" width=\"150\" height=\"150\" src=\"https:\/\/aconteceunovale.com.br\/portal\/wp-content\/uploads\/2014\/01\/eleicao_ambas_29_1_7-150x150.jpg\" class=\"attachment-thumbnail size-thumbnail\" alt=\"\" \/><\/a>\n\t\t\t<\/div><\/figure><figure class='gallery-item'>\n\t\t\t<div class='gallery-icon landscape'>\n\t\t\t\t<a href='https:\/\/aconteceunovale.com.br\/portal\/wp-content\/uploads\/2014\/01\/eleicao_ambas_29_1_6.jpg'><img loading=\"lazy\" decoding=\"async\" width=\"150\" height=\"150\" src=\"https:\/\/aconteceunovale.com.br\/portal\/wp-content\/uploads\/2014\/01\/eleicao_ambas_29_1_6-150x150.jpg\" class=\"attachment-thumbnail size-thumbnail\" alt=\"\" \/><\/a>\n\t\t\t<\/div><\/figure><figure class='gallery-item'>\n\t\t\t<div class='gallery-icon landscape'>\n\t\t\t\t<a href='https:\/\/aconteceunovale.com.br\/portal\/wp-content\/uploads\/2014\/01\/eleicao_ambas_29_1_5.jpg'><img loading=\"lazy\" decoding=\"async\" width=\"150\" height=\"150\" src=\"https:\/\/aconteceunovale.com.br\/portal\/wp-content\/uploads\/2014\/01\/eleicao_ambas_29_1_5-150x150.jpg\" class=\"attachment-thumbnail size-thumbnail\" alt=\"\" \/><\/a>\n\t\t\t<\/div><\/figure><figure class='gallery-item'>\n\t\t\t<div class='gallery-icon landscape'>\n\t\t\t\t<a href='https:\/\/aconteceunovale.com.br\/portal\/wp-content\/uploads\/2014\/01\/eleicao_ambas_29_1_4.jpg'><img loading=\"lazy\" decoding=\"async\" width=\"150\" height=\"150\" src=\"https:\/\/aconteceunovale.com.br\/portal\/wp-content\/uploads\/2014\/01\/eleicao_ambas_29_1_4-150x150.jpg\" class=\"attachment-thumbnail size-thumbnail\" alt=\"\" \/><\/a>\n\t\t\t<\/div><\/figure><figure class='gallery-item'>\n\t\t\t<div class='gallery-icon landscape'>\n\t\t\t\t<a href='https:\/\/aconteceunovale.com.br\/portal\/wp-content\/uploads\/2014\/01\/eleicao_ambas_29_1_3.jpg'><img loading=\"lazy\" decoding=\"async\" width=\"150\" height=\"150\" src=\"https:\/\/aconteceunovale.com.br\/portal\/wp-content\/uploads\/2014\/01\/eleicao_ambas_29_1_3-150x150.jpg\" class=\"attachment-thumbnail size-thumbnail\" alt=\"\" \/><\/a>\n\t\t\t<\/div><\/figure><figure class='gallery-item'>\n\t\t\t<div class='gallery-icon landscape'>\n\t\t\t\t<a href='https:\/\/aconteceunovale.com.br\/portal\/wp-content\/uploads\/2014\/01\/eleicao_ambas_29_1_2.jpg'><img loading=\"lazy\" decoding=\"async\" width=\"150\" height=\"150\" src=\"https:\/\/aconteceunovale.com.br\/portal\/wp-content\/uploads\/2014\/01\/eleicao_ambas_29_1_2-150x150.jpg\" class=\"attachment-thumbnail size-thumbnail\" alt=\"\" \/><\/a>\n\t\t\t<\/div><\/figure><figure class='gallery-item'>\n\t\t\t<div class='gallery-icon landscape'>\n\t\t\t\t<a href='https:\/\/aconteceunovale.com.br\/portal\/wp-content\/uploads\/2014\/01\/eleicao_ambas_29_1_1.jpg'><img loading=\"lazy\" decoding=\"async\" width=\"150\" height=\"150\" src=\"https:\/\/aconteceunovale.com.br\/portal\/wp-content\/uploads\/2014\/01\/eleicao_ambas_29_1_1-150x150.jpg\" class=\"attachment-thumbnail size-thumbnail\" alt=\"\" \/><\/a>\n\t\t\t<\/div><\/figure>\n\t\t<\/div>\n\n<p><em><strong>(Fonte: Jornal Conex\u00e3o)<\/strong><\/em><\/p>\n","protected":false},"excerpt":{"rendered":"<p>Em reuni\u00e3o iniciada hoje por volta de 10h30 e encerrada com um almo\u00e7o, pelas 14h, no Restaurante Carro de Boi, em Santa Maria do Sua\u00e7u\u00ed, o prefeito local, Roberto Costa Alves, o Roberto Byrro, foi reeleito por aclama\u00e7\u00e3o para mais um ano de mandato \u00e0 frente da Associa\u00e7\u00e3o dos Munic\u00edpios da Microrregi\u00e3o da Bacia do [&hellip;]<\/p>\n","protected":false},"author":1,"featured_media":0,"comment_status":"open","ping_status":"closed","sticky":false,"template":"","format":"standard","meta":{"amp_status":"","footnotes":""},"categories":[121],"tags":[130,3701,283,301,3700,445,310,319,326],"class_list":["post-19762","post","type-post","status-publish","format-standard","hentry","category-leste","tag-agua-boa","tag-ambas","tag-coroaci","tag-materlandia","tag-prefeito-de-santa-maria-do-suacui-e-reeleito-presidente-da-ambas","tag-rio-vermelho","tag-sabinopolis","tag-sao-jose-da-safira","tag-senhora-do-porto"],"_links":{"self":[{"href":"https:\/\/aconteceunovale.com.br\/portal\/index.php?rest_route=\/wp\/v2\/posts\/19762","targetHints":{"allow":["GET"]}}],"collection":[{"href":"https:\/\/aconteceunovale.com.br\/portal\/index.php?rest_route=\/wp\/v2\/posts"}],"about":[{"href":"https:\/\/aconteceunovale.com.br\/portal\/index.php?rest_route=\/wp\/v2\/types\/post"}],"author":[{"embeddable":true,"href":"https:\/\/aconteceunovale.com.br\/portal\/index.php?rest_route=\/wp\/v2\/users\/1"}],"replies":[{"embeddable":true,"href":"https:\/\/aconteceunovale.com.br\/portal\/index.php?rest_route=%2Fwp%2Fv2%2Fcomments&post=19762"}],"version-history":[{"count":0,"href":"https:\/\/aconteceunovale.com.br\/portal\/index.php?rest_route=\/wp\/v2\/posts\/19762\/revisions"}],"wp:attachment":[{"href":"https:\/\/aconteceunovale.com.br\/portal\/index.php?rest_route=%2Fwp%2Fv2%2Fmedia&parent=19762"}],"wp:term":[{"taxonomy":"category","embeddable":true,"href":"https:\/\/aconteceunovale.com.br\/portal\/index.php?rest_route=%2Fwp%2Fv2%2Fcategories&post=19762"},{"taxonomy":"post_tag","embeddable":true,"href":"https:\/\/aconteceunovale.com.br\/portal\/index.php?rest_route=%2Fwp%2Fv2%2Ftags&post=19762"}],"curies":[{"name":"wp","href":"https:\/\/api.w.org\/{rel}","templated":true}]}}