{"id":197595,"date":"2025-02-12T23:20:15","date_gmt":"2025-02-13T02:20:15","guid":{"rendered":"https:\/\/aconteceunovale.com.br\/portal\/?p=197595"},"modified":"2025-02-12T23:21:04","modified_gmt":"2025-02-13T02:21:04","slug":"aviao-que-transportava-drogas-e-abatido-pela-forca-aerea-brasileira","status":"publish","type":"post","link":"https:\/\/aconteceunovale.com.br\/portal\/?p=197595","title":{"rendered":"Avi\u00e3o que transportava drogas \u00e9 abatido pela For\u00e7a A\u00e9rea Brasileira"},"content":{"rendered":"\n<p>A For\u00e7a A\u00e9rea Brasileira (FAB) interceptou e abateu um avi\u00e3o de pequeno porte que transportava drogas, ao entrar no espa\u00e7o a\u00e9reo nacional vindo da Venezuela, nesta ter\u00e7a-feira (11\/2\/2025). A opera\u00e7\u00e3o, realizada em conjunto com a Pol\u00edcia Federal, seguiu os protocolos das Medidas de Policiamento do Espa\u00e7o A\u00e9reo (MPEA), conforme estabelecido pela legisla\u00e7\u00e3o federal.<\/p>\n\n\n\n<figure class=\"wp-block-gallery has-nested-images columns-default is-cropped wp-block-gallery-1 is-layout-flex wp-block-gallery-is-layout-flex\">\n<figure class=\"wp-block-image size-large\"><img loading=\"lazy\" decoding=\"async\" width=\"678\" height=\"439\" data-id=\"197596\" src=\"https:\/\/aconteceunovale.com.br\/portal\/wp-content\/uploads\/2025\/02\/aviao_interceptado_fab.png\" alt=\"\" class=\"wp-image-197596\" srcset=\"https:\/\/aconteceunovale.com.br\/portal\/wp-content\/uploads\/2025\/02\/aviao_interceptado_fab.png 678w, https:\/\/aconteceunovale.com.br\/portal\/wp-content\/uploads\/2025\/02\/aviao_interceptado_fab-300x194.png 300w, https:\/\/aconteceunovale.com.br\/portal\/wp-content\/uploads\/2025\/02\/aviao_interceptado_fab-649x420.png 649w\" sizes=\"auto, (max-width: 678px) 100vw, 678px\" \/><figcaption class=\"wp-element-caption\"><em>Foto: Divulga\u00e7\u00e3o \/ FAB<\/em><\/figcaption><\/figure>\n<\/figure>\n\n\n\n<p>Ao ser localizada pela FAB, a aeronave suspeita n\u00e3o respondeu \u00e0s tentativas de comunica\u00e7\u00e3o por r\u00e1dio e n\u00e3o alterou sua rota para pousar em um aer\u00f3dromo pr\u00f3ximo, o que gerou a emiss\u00e3o de tiros de advert\u00eancia. Diante do insucesso dessa abordagem, o avi\u00e3o foi classificado como hostil pelo governo brasileiro. Como \u00faltimo recurso, foi disparado o chamado <em>tiro de deten\u00e7\u00e3o<\/em>, com o objetivo de impedir a continuidade do voo il\u00edcito.<\/p>\n\n\n\n<p>&#8220;Essa medida \u00e9 utilizada como \u00faltimo recurso, ap\u00f3s a aeronave interceptada descumprir todos os procedimentos estabelecidos e for\u00e7ar a continuidade do voo il\u00edcito. Com a execu\u00e7\u00e3o do Tiro de Deten\u00e7\u00e3o, o avi\u00e3o interceptado, classificado como hostil, veio a colidir com o solo&#8221;, informou a FAB em nota oficial.<\/p>\n\n\n\n<p>A localiza\u00e7\u00e3o do avi\u00e3o no solo ocorreu nesta quarta-feira (12), com o apoio de um helic\u00f3ptero da FAB. Durante a opera\u00e7\u00e3o, foram encontrados dois homens sem vida na aeronave, al\u00e9m de drogas em seu interior.<\/p>\n","protected":false},"excerpt":{"rendered":"<p>A For\u00e7a A\u00e9rea Brasileira (FAB) interceptou e abateu um avi\u00e3o de pequeno porte que transportava drogas, ao entrar no espa\u00e7o a\u00e9reo nacional vindo da Venezuela, nesta ter\u00e7a-feira (11\/2\/2025). A opera\u00e7\u00e3o, realizada em conjunto com a Pol\u00edcia Federal, seguiu os protocolos das Medidas de Policiamento do Espa\u00e7o A\u00e9reo (MPEA), conforme estabelecido pela legisla\u00e7\u00e3o federal. Ao ser [&hellip;]<\/p>\n","protected":false},"author":4,"featured_media":197596,"comment_status":"open","ping_status":"closed","sticky":false,"template":"","format":"standard","meta":{"amp_status":"","footnotes":""},"categories":[6],"tags":[271964,271965,19785,32296,271966,271967,18922],"class_list":["post-197595","post","type-post","status-publish","format-standard","has-post-thumbnail","hentry","category-br","tag-aviao-que-transportava-drogas-e-abatido-pela-forca-aerea-brasileira","tag-aviao-venezuelano-abatido-pela-fab","tag-fab","tag-forca-aerea-brasileira","tag-mpea","tag-policiamento-aereo","tag-venezuela"],"_links":{"self":[{"href":"https:\/\/aconteceunovale.com.br\/portal\/index.php?rest_route=\/wp\/v2\/posts\/197595","targetHints":{"allow":["GET"]}}],"collection":[{"href":"https:\/\/aconteceunovale.com.br\/portal\/index.php?rest_route=\/wp\/v2\/posts"}],"about":[{"href":"https:\/\/aconteceunovale.com.br\/portal\/index.php?rest_route=\/wp\/v2\/types\/post"}],"author":[{"embeddable":true,"href":"https:\/\/aconteceunovale.com.br\/portal\/index.php?rest_route=\/wp\/v2\/users\/4"}],"replies":[{"embeddable":true,"href":"https:\/\/aconteceunovale.com.br\/portal\/index.php?rest_route=%2Fwp%2Fv2%2Fcomments&post=197595"}],"version-history":[{"count":1,"href":"https:\/\/aconteceunovale.com.br\/portal\/index.php?rest_route=\/wp\/v2\/posts\/197595\/revisions"}],"predecessor-version":[{"id":197597,"href":"https:\/\/aconteceunovale.com.br\/portal\/index.php?rest_route=\/wp\/v2\/posts\/197595\/revisions\/197597"}],"wp:featuredmedia":[{"embeddable":true,"href":"https:\/\/aconteceunovale.com.br\/portal\/index.php?rest_route=\/wp\/v2\/media\/197596"}],"wp:attachment":[{"href":"https:\/\/aconteceunovale.com.br\/portal\/index.php?rest_route=%2Fwp%2Fv2%2Fmedia&parent=197595"}],"wp:term":[{"taxonomy":"category","embeddable":true,"href":"https:\/\/aconteceunovale.com.br\/portal\/index.php?rest_route=%2Fwp%2Fv2%2Fcategories&post=197595"},{"taxonomy":"post_tag","embeddable":true,"href":"https:\/\/aconteceunovale.com.br\/portal\/index.php?rest_route=%2Fwp%2Fv2%2Ftags&post=197595"}],"curies":[{"name":"wp","href":"https:\/\/api.w.org\/{rel}","templated":true}]}}