{"id":19749,"date":"2014-01-29T20:30:53","date_gmt":"2014-01-29T22:30:53","guid":{"rendered":"http:\/\/aconteceunovale.com.br\/portal\/?p=19749"},"modified":"2014-01-29T20:31:43","modified_gmt":"2014-01-29T22:31:43","slug":"motoristas-protestam-e-pedem-melhorias-na-mg-161-no-norte-de-minas","status":"publish","type":"post","link":"https:\/\/aconteceunovale.com.br\/portal\/?p=19749","title":{"rendered":"Motoristas protestam e pedem melhorias na MG-161 no Norte de Minas"},"content":{"rendered":"<p>Cerca de 80 motoristas fecharam na manh\u00e3 desta quarta-feira (29\/01) a rodovia MG-161, que liga S\u00e3o Francisco a S\u00e3o Rom\u00e3o, no Norte de Minas Gerais.  Eles reclamam da situa\u00e7\u00e3o da rodovia e tamb\u00e9m das estradas vicinais na regi\u00e3o.<\/p>\n<p><img decoding=\"async\" src=\"http:\/\/aconteceunovale.com.br\/portal\/wp-content\/uploads\/2014\/01\/protesto_motoristas_mg_161.jpg\" alt=\"\" \/><br \/>\n<em><strong>(Foto: Adson Lima)<\/strong><\/em><\/p>\n<p>Outra reivindica\u00e7\u00e3o dos caminhoneiros \u00e9 a reabertura do abatedor que foi fechado h\u00e1 cerca de oito meses pelo Minist\u00e9rio P\u00fablico.<\/p>\n<p>\u201cCerca de 60% da fonte de renda do munic\u00edpio vem da pecu\u00e1ria de corte e de leite. Quer\u00edamos que a prefeitura, Minist\u00e9rio P\u00fablico e o abatedor entrassem em acordo para manter o funcionamento at\u00e9 que seja tudo normalizado ou constru\u00eddo um novo\u201d, explica o morador Tarc\u00edsio Almeida.<\/p>\n<p>A manifesta\u00e7\u00e3o iniciou por volta das 6h e seguiu durante todo o dia.<\/p>\n<p>Em nota, o Departamento de Estradas e Rodagens (DER) informou que a rodovia MG-161 est\u00e1 no programa Caminhos de Minas. Segundo o Departamento, o projeto para as melhorias na rodovia j\u00e1 foi conclu\u00eddo e aguarda a emiss\u00e3o da ordem de servi\u00e7o de pavimenta\u00e7\u00e3o.<\/p>\n<p>Ainda segundo o DER, atualmente s\u00e3o realizados trabalhos de manuten\u00e7\u00e3o, principalmente, nos locais mais afetados da rodovia.<\/p>\n<p><em>(Fonte: Inter TV Grande Minas)<\/em><\/p>\n","protected":false},"excerpt":{"rendered":"<p>Cerca de 80 motoristas fecharam na manh\u00e3 desta quarta-feira (29\/01) a rodovia MG-161, que liga S\u00e3o Francisco a S\u00e3o Rom\u00e3o, no Norte de Minas Gerais. Eles reclamam da situa\u00e7\u00e3o da rodovia e tamb\u00e9m das estradas vicinais na regi\u00e3o. (Foto: Adson Lima) Outra reivindica\u00e7\u00e3o dos caminhoneiros \u00e9 a reabertura do abatedor que foi fechado h\u00e1 cerca [&hellip;]<\/p>\n","protected":false},"author":1,"featured_media":19750,"comment_status":"open","ping_status":"closed","sticky":false,"template":"","format":"standard","meta":{"amp_status":"","footnotes":""},"categories":[1236],"tags":[3695,1522,1811],"class_list":["post-19749","post","type-post","status-publish","format-standard","has-post-thumbnail","hentry","category-norte_de_minas","tag-motoristas-protestam-e-pedem-melhorias-na-mg-161-no-norte-de-minas","tag-sao-francisco","tag-sao-romao"],"_links":{"self":[{"href":"https:\/\/aconteceunovale.com.br\/portal\/index.php?rest_route=\/wp\/v2\/posts\/19749","targetHints":{"allow":["GET"]}}],"collection":[{"href":"https:\/\/aconteceunovale.com.br\/portal\/index.php?rest_route=\/wp\/v2\/posts"}],"about":[{"href":"https:\/\/aconteceunovale.com.br\/portal\/index.php?rest_route=\/wp\/v2\/types\/post"}],"author":[{"embeddable":true,"href":"https:\/\/aconteceunovale.com.br\/portal\/index.php?rest_route=\/wp\/v2\/users\/1"}],"replies":[{"embeddable":true,"href":"https:\/\/aconteceunovale.com.br\/portal\/index.php?rest_route=%2Fwp%2Fv2%2Fcomments&post=19749"}],"version-history":[{"count":0,"href":"https:\/\/aconteceunovale.com.br\/portal\/index.php?rest_route=\/wp\/v2\/posts\/19749\/revisions"}],"wp:featuredmedia":[{"embeddable":true,"href":"https:\/\/aconteceunovale.com.br\/portal\/index.php?rest_route=\/wp\/v2\/media\/19750"}],"wp:attachment":[{"href":"https:\/\/aconteceunovale.com.br\/portal\/index.php?rest_route=%2Fwp%2Fv2%2Fmedia&parent=19749"}],"wp:term":[{"taxonomy":"category","embeddable":true,"href":"https:\/\/aconteceunovale.com.br\/portal\/index.php?rest_route=%2Fwp%2Fv2%2Fcategories&post=19749"},{"taxonomy":"post_tag","embeddable":true,"href":"https:\/\/aconteceunovale.com.br\/portal\/index.php?rest_route=%2Fwp%2Fv2%2Ftags&post=19749"}],"curies":[{"name":"wp","href":"https:\/\/api.w.org\/{rel}","templated":true}]}}