{"id":197467,"date":"2025-02-10T17:22:02","date_gmt":"2025-02-10T20:22:02","guid":{"rendered":"https:\/\/aconteceunovale.com.br\/portal\/?p=197467"},"modified":"2025-02-10T17:22:40","modified_gmt":"2025-02-10T20:22:40","slug":"durval-angelo-tomara-posse-como-presidente-do-tce-mg-em-13-de-fevereiro","status":"publish","type":"post","link":"https:\/\/aconteceunovale.com.br\/portal\/?p=197467","title":{"rendered":"Durval \u00c2ngelo tomar\u00e1 posse como presidente do TCE-MG em 13 de fevereiro"},"content":{"rendered":"\n<p>O Tribunal de Contas do Estado de Minas Gerais (TCE-MG) realizar\u00e1, na pr\u00f3xima quinta-feira (13\/2), a cerim\u00f4nia de posse do conselheiro Durval \u00c2ngelo como presidente da institui\u00e7\u00e3o para o bi\u00eanio 2025-2026. O evento ocorrer\u00e1 no Teatro Sesiminas, a partir das 16h, e tamb\u00e9m marcar\u00e1 a posse do conselheiro Agostinho Patrus como vice-presidente e do conselheiro Gilberto Diniz como corregedor. A nova composi\u00e7\u00e3o da diretoria foi definida em elei\u00e7\u00e3o realizada pelo Tribunal Pleno no dia 18 de dezembro de 2024.<\/p>\n\n\n\n<p>Durante a cerim\u00f4nia, os dirigentes assinar\u00e3o o termo de posse na presen\u00e7a de diversas autoridades, incluindo o governador de Minas Gerais, Romeu Zema; o presidente da Assembleia Legislativa, deputado Tadeu Leite; o ministro do Tribunal de Contas da Uni\u00e3o, Antonio Anastasia; o senador Carlos Viana; o procurador-geral do Minist\u00e9rio P\u00fablico de Contas, Marc\u00edlio Barenco; o presidente da Associa\u00e7\u00e3o dos Membros dos Tribunais de Contas do Brasil (Atricon), conselheiro Edilson de Sousa Silva; e a defensora p\u00fablica-geral do Estado, Raquel das Costa Dias. Al\u00e9m deles, familiares e amigos tamb\u00e9m acompanhar\u00e3o o evento.<\/p>\n\n\n<div class=\"wp-block-image\">\n<figure class=\"alignright size-large\"><img loading=\"lazy\" decoding=\"async\" width=\"537\" height=\"450\" src=\"https:\/\/aconteceunovale.com.br\/portal\/wp-content\/uploads\/2025\/02\/durval_angelo.png\" alt=\"\" class=\"wp-image-197468\" srcset=\"https:\/\/aconteceunovale.com.br\/portal\/wp-content\/uploads\/2025\/02\/durval_angelo.png 537w, https:\/\/aconteceunovale.com.br\/portal\/wp-content\/uploads\/2025\/02\/durval_angelo-300x251.png 300w, https:\/\/aconteceunovale.com.br\/portal\/wp-content\/uploads\/2025\/02\/durval_angelo-501x420.png 501w\" sizes=\"auto, (max-width: 537px) 100vw, 537px\" \/><\/figure>\n<\/div>\n\n\n<h3 class=\"wp-block-heading\"><strong>Perfil dos novos dirigentes<\/strong><\/h3>\n\n\n\n<p><strong>Durval \u00c2ngelo<\/strong>: Ex-deputado estadual por seis mandatos, Durval \u00c2ngelo foi indicado ao Tribunal de Contas em 2018 pelo ent\u00e3o governador Fernando Pimentel. Natural de Baixo Guandu (ES), formou-se em Filosofia, Teologia e Pedagogia, al\u00e9m de ser especialista em Educa\u00e7\u00e3o. Professor aposentado da rede p\u00fablica de Contagem e licenciado da rede de Belo Horizonte, iniciou sua trajet\u00f3ria pol\u00edtica como vereador em Contagem, sendo eleito em 1988 e 1992. Em 1994, conquistou uma cadeira na Assembleia Legislativa, onde presidiu a Comiss\u00e3o de Direitos Humanos por 12 anos e exerceu cargos de lideran\u00e7a. Tamb\u00e9m \u00e9 autor de diversas publica\u00e7\u00f5es sobre pol\u00edtica e cidadania.<\/p>\n\n\n\n<p><strong>Agostinho Patrus<\/strong>: Administrador formado em Belo Horizonte, com p\u00f3s-gradua\u00e7\u00e3o em Gest\u00e3o Empresarial e Log\u00edstica pela Funda\u00e7\u00e3o Get\u00falio Vargas (FGV), Agostinho Patrus ingressou na pol\u00edtica em 2006, quando foi eleito deputado estadual. Foi secret\u00e1rio de Estado de Desenvolvimento Social em 2008 e, em 2011, assumiu a Secretaria de Estado de Turismo. No Legislativo, presidiu a Assembleia no bi\u00eanio 2019-2020 e foi reeleito para o per\u00edodo 2021-2022. Em 2022, foi escolhido conselheiro do TCE-MG com o voto de 69 deputados estaduais e tomou posse no cargo em fevereiro de 2023.<\/p>\n\n\n\n<p><strong>Gilberto Diniz<\/strong>: Primeiro servidor de carreira a presidir o Tribunal de Contas de Minas Gerais (2023-2024), Gilberto Diniz \u00e9 graduado em Ci\u00eancias Cont\u00e1beis e Direito, mestre e doutor na \u00e1rea jur\u00eddica. Ingressou na institui\u00e7\u00e3o em 1988 como Contador-Inspetor, atual Analista de Controle Externo. Ap\u00f3s aprova\u00e7\u00e3o em concurso p\u00fablico, assumiu o cargo de Auditor (Conselheiro Substituto) em 2006. Em 2013, foi nomeado conselheiro pelo ent\u00e3o governador Antonio Anastasia.<\/p>\n","protected":false},"excerpt":{"rendered":"<p>O Tribunal de Contas do Estado de Minas Gerais (TCE-MG) realizar\u00e1, na pr\u00f3xima quinta-feira (13\/2), a cerim\u00f4nia de posse do conselheiro Durval \u00c2ngelo como presidente da institui\u00e7\u00e3o para o bi\u00eanio 2025-2026. O evento ocorrer\u00e1 no Teatro Sesiminas, a partir das 16h, e tamb\u00e9m marcar\u00e1 a posse do conselheiro Agostinho Patrus como vice-presidente e do conselheiro [&hellip;]<\/p>\n","protected":false},"author":4,"featured_media":197468,"comment_status":"open","ping_status":"closed","sticky":false,"template":"","format":"standard","meta":{"amp_status":"","footnotes":""},"categories":[123],"tags":[271836,27029,271833,271835,271834,139685,19036],"class_list":["post-197467","post","type-post","status-publish","format-standard","has-post-thumbnail","hentry","category-gerais","tag-agostinho-patruz","tag-durval-angelo","tag-durval-angelo-tomara-posse-como-presidente-do-tce-mg-em-13-de-fevereiro","tag-gilberto-diniz","tag-novo-presidente-do-tce-mg","tag-tce-mg","tag-tribunal-de-contas-do-estado-de-minas-gerais"],"_links":{"self":[{"href":"https:\/\/aconteceunovale.com.br\/portal\/index.php?rest_route=\/wp\/v2\/posts\/197467","targetHints":{"allow":["GET"]}}],"collection":[{"href":"https:\/\/aconteceunovale.com.br\/portal\/index.php?rest_route=\/wp\/v2\/posts"}],"about":[{"href":"https:\/\/aconteceunovale.com.br\/portal\/index.php?rest_route=\/wp\/v2\/types\/post"}],"author":[{"embeddable":true,"href":"https:\/\/aconteceunovale.com.br\/portal\/index.php?rest_route=\/wp\/v2\/users\/4"}],"replies":[{"embeddable":true,"href":"https:\/\/aconteceunovale.com.br\/portal\/index.php?rest_route=%2Fwp%2Fv2%2Fcomments&post=197467"}],"version-history":[{"count":1,"href":"https:\/\/aconteceunovale.com.br\/portal\/index.php?rest_route=\/wp\/v2\/posts\/197467\/revisions"}],"predecessor-version":[{"id":197469,"href":"https:\/\/aconteceunovale.com.br\/portal\/index.php?rest_route=\/wp\/v2\/posts\/197467\/revisions\/197469"}],"wp:featuredmedia":[{"embeddable":true,"href":"https:\/\/aconteceunovale.com.br\/portal\/index.php?rest_route=\/wp\/v2\/media\/197468"}],"wp:attachment":[{"href":"https:\/\/aconteceunovale.com.br\/portal\/index.php?rest_route=%2Fwp%2Fv2%2Fmedia&parent=197467"}],"wp:term":[{"taxonomy":"category","embeddable":true,"href":"https:\/\/aconteceunovale.com.br\/portal\/index.php?rest_route=%2Fwp%2Fv2%2Fcategories&post=197467"},{"taxonomy":"post_tag","embeddable":true,"href":"https:\/\/aconteceunovale.com.br\/portal\/index.php?rest_route=%2Fwp%2Fv2%2Ftags&post=197467"}],"curies":[{"name":"wp","href":"https:\/\/api.w.org\/{rel}","templated":true}]}}