{"id":197464,"date":"2025-02-10T17:15:45","date_gmt":"2025-02-10T20:15:45","guid":{"rendered":"https:\/\/aconteceunovale.com.br\/portal\/?p=197464"},"modified":"2025-02-10T17:16:24","modified_gmt":"2025-02-10T20:16:24","slug":"sicoob-ac-credi-inaugura-nova-agencia-em-cachoeira-escura","status":"publish","type":"post","link":"https:\/\/aconteceunovale.com.br\/portal\/?p=197464","title":{"rendered":"Sicoob AC Credi inaugura nova ag\u00eancia em Cachoeira Escura"},"content":{"rendered":"\n<p>Na \u00faltima sexta-feira, 7 de fevereiro de 2025, Cachoeira Escura recebeu a inaugura\u00e7\u00e3o da nova ag\u00eancia do Sicoob AC Credi. O evento contou com a presen\u00e7a de autoridades municipais, representantes de entidades de classe, vereadores, secret\u00e1rios, Pol\u00edcia Militar, l\u00edderes religiosos, associados e colaboradores, marcando um momento significativo para o desenvolvimento financeiro da regi\u00e3o.<\/p>\n\n\n\n<figure class=\"wp-block-gallery has-nested-images columns-default is-cropped wp-block-gallery-1 is-layout-flex wp-block-gallery-is-layout-flex\">\n<figure class=\"wp-block-image size-large\"><img loading=\"lazy\" decoding=\"async\" width=\"678\" height=\"450\" data-id=\"197465\" src=\"https:\/\/aconteceunovale.com.br\/portal\/wp-content\/uploads\/2025\/02\/agencia_sicoob_cachoeira_esccura.jpeg\" alt=\"\" class=\"wp-image-197465\" srcset=\"https:\/\/aconteceunovale.com.br\/portal\/wp-content\/uploads\/2025\/02\/agencia_sicoob_cachoeira_esccura.jpeg 678w, https:\/\/aconteceunovale.com.br\/portal\/wp-content\/uploads\/2025\/02\/agencia_sicoob_cachoeira_esccura-300x199.jpeg 300w, https:\/\/aconteceunovale.com.br\/portal\/wp-content\/uploads\/2025\/02\/agencia_sicoob_cachoeira_esccura-633x420.jpeg 633w\" sizes=\"auto, (max-width: 678px) 100vw, 678px\" \/><figcaption class=\"wp-element-caption\"><em>Foto: Divulga\u00e7\u00e3o<\/em><\/figcaption><\/figure>\n<\/figure>\n\n\n\n<p>A atua\u00e7\u00e3o da cooperativa na comunidade teve in\u00edcio em junho de 2022, com um pequeno ponto de atendimento. Desde ent\u00e3o, a rela\u00e7\u00e3o com os cooperados se fortaleceu, impulsionada pelo compromisso com um servi\u00e7o pr\u00f3ximo e humanizado. Com a nova estrutura, mais ampla e confort\u00e1vel, o Sicoob AC Credi busca ampliar o acesso a solu\u00e7\u00f5es financeiras e fomentar o crescimento econ\u00f4mico local.<\/p>\n\n\n\n<p>Durante a cerim\u00f4nia, o presidente do Conselho de Administra\u00e7\u00e3o do Sicoob AC Credi, Ivo de Tassis, destacou a mobiliza\u00e7\u00e3o da comunidade para viabilizar a chegada da cooperativa: <em>&#8220;No passado, essa comunidade sentia a dor de n\u00e3o ter uma institui\u00e7\u00e3o financeira completa aqui dentro. E essa popula\u00e7\u00e3o se envolveu, reivindicou e fez valer a luta sempre utilizando nossos servi\u00e7os para que estiv\u00e9ssemos aqui. Nada mais representa o cooperativismo do que a for\u00e7a da uni\u00e3o e este momento em que vivenciamos hoje de entregar para a comunidade uma estrutura que simboliza esse relacionamento.&#8221;<\/em><\/p>\n\n\n\n<p>A nova ag\u00eancia se prop\u00f5e a ser mais do que um espa\u00e7o de atendimento banc\u00e1rio, tornando-se um ponto de apoio ao progresso coletivo. O Sicoob AC Credi refor\u00e7a seu compromisso com a comunidade de Cachoeira Escura e reafirma sua miss\u00e3o de promover transforma\u00e7\u00e3o por meio da coopera\u00e7\u00e3o.<\/p>\n","protected":false},"excerpt":{"rendered":"<p>Na \u00faltima sexta-feira, 7 de fevereiro de 2025, Cachoeira Escura recebeu a inaugura\u00e7\u00e3o da nova ag\u00eancia do Sicoob AC Credi. O evento contou com a presen\u00e7a de autoridades municipais, representantes de entidades de classe, vereadores, secret\u00e1rios, Pol\u00edcia Militar, l\u00edderes religiosos, associados e colaboradores, marcando um momento significativo para o desenvolvimento financeiro da regi\u00e3o. A atua\u00e7\u00e3o [&hellip;]<\/p>\n","protected":false},"author":4,"featured_media":197465,"comment_status":"open","ping_status":"closed","sticky":false,"template":"","format":"standard","meta":{"amp_status":"","footnotes":""},"categories":[125,121],"tags":[2496,271828,271832,271830,271829,271831],"class_list":["post-197464","post","type-post","status-publish","format-standard","has-post-thumbnail","hentry","category-noticias","category-leste","tag-cachoeira-escura","tag-inauguracao-do-sicoob-em-cachoeira-escura","tag-ivo-de-tassis","tag-sicoob-ac-credi-cachoeira-escura","tag-sicoob-ac-credi-inaugura-nova-agencia-em-cachoeira-escura","tag-sicoob-cachoeira-escura"],"_links":{"self":[{"href":"https:\/\/aconteceunovale.com.br\/portal\/index.php?rest_route=\/wp\/v2\/posts\/197464","targetHints":{"allow":["GET"]}}],"collection":[{"href":"https:\/\/aconteceunovale.com.br\/portal\/index.php?rest_route=\/wp\/v2\/posts"}],"about":[{"href":"https:\/\/aconteceunovale.com.br\/portal\/index.php?rest_route=\/wp\/v2\/types\/post"}],"author":[{"embeddable":true,"href":"https:\/\/aconteceunovale.com.br\/portal\/index.php?rest_route=\/wp\/v2\/users\/4"}],"replies":[{"embeddable":true,"href":"https:\/\/aconteceunovale.com.br\/portal\/index.php?rest_route=%2Fwp%2Fv2%2Fcomments&post=197464"}],"version-history":[{"count":1,"href":"https:\/\/aconteceunovale.com.br\/portal\/index.php?rest_route=\/wp\/v2\/posts\/197464\/revisions"}],"predecessor-version":[{"id":197466,"href":"https:\/\/aconteceunovale.com.br\/portal\/index.php?rest_route=\/wp\/v2\/posts\/197464\/revisions\/197466"}],"wp:featuredmedia":[{"embeddable":true,"href":"https:\/\/aconteceunovale.com.br\/portal\/index.php?rest_route=\/wp\/v2\/media\/197465"}],"wp:attachment":[{"href":"https:\/\/aconteceunovale.com.br\/portal\/index.php?rest_route=%2Fwp%2Fv2%2Fmedia&parent=197464"}],"wp:term":[{"taxonomy":"category","embeddable":true,"href":"https:\/\/aconteceunovale.com.br\/portal\/index.php?rest_route=%2Fwp%2Fv2%2Fcategories&post=197464"},{"taxonomy":"post_tag","embeddable":true,"href":"https:\/\/aconteceunovale.com.br\/portal\/index.php?rest_route=%2Fwp%2Fv2%2Ftags&post=197464"}],"curies":[{"name":"wp","href":"https:\/\/api.w.org\/{rel}","templated":true}]}}