{"id":19745,"date":"2014-01-29T20:16:28","date_gmt":"2014-01-29T22:16:28","guid":{"rendered":"http:\/\/aconteceunovale.com.br\/portal\/?p=19745"},"modified":"2014-01-29T20:19:49","modified_gmt":"2014-01-29T22:19:49","slug":"governador-valadares-completa-76-anos-de-emancipacao-nesta-quinta-feira","status":"publish","type":"post","link":"https:\/\/aconteceunovale.com.br\/portal\/?p=19745","title":{"rendered":"Governador Valadares completa 76 anos de emancipa\u00e7\u00e3o nesta quinta-feira"},"content":{"rendered":"<p>A cidade de Governador Valadares, no Leste de Minas Gerais, completa 76 anos de emancipa\u00e7\u00e3o nesta quinta-feira (30\/01), com um dia inteiro de comemora\u00e7\u00f5es. A festa come\u00e7a cedo com a Tocata da Banda Lira 30 de Janeiro, \u00e0s 5h da manh\u00e3 em v\u00e1rios bairros da cidade. Depois disso, \u00e0s 6h da manh\u00e3, a banda de m\u00fasica se descola a casa da prefeita Elisa Costa, onde faz uma alvorada.<\/p>\n<p><img decoding=\"async\" src=\"http:\/\/aconteceunovale.com.br\/portal\/wp-content\/uploads\/2014\/01\/pico_ibituruna_gov.jpg\" alt=\"\" \/><\/p>\n<p>\u00c0s 8h, acontece a abertura oficial do anivers\u00e1rio da cidade, na pra\u00e7a do Vig\u00e9simo, com o hasteamento da bandeira. \u00c0s 10h, na Catedral, haver\u00e1 uma missa de a\u00e7\u00e3o de gra\u00e7as pelo anivers\u00e1rio da cidade.<\/p>\n<p>A Pra\u00e7a dos Pioneiros, por sua vez, recebe uma exposi\u00e7\u00e3o fotogr\u00e1fica que conta a hist\u00f3ria de Governador Valadares. As fotos ficar\u00e3o expostas das 14h \u00e0s 18h. A partir das 19h, a pra\u00e7a ter\u00e1 um varal de poesias da associa\u00e7\u00e3o Nova Acr\u00f3pole.<\/p>\n<p>A programa\u00e7\u00e3o na pra\u00e7a ainda tem encontro de escolas de samba, \u00e0s18h e shows com as bandas Z\u00e9 Pedro, \u00e0s 19h, Samuel King, \u00e0s 21h e Made in Bahia, \u00e0s 22h30. Al\u00e9m disso, \u00e0s 20h30, depois do discurso da prefeita, haver\u00e1 uma distribui\u00e7\u00e3o de bolo para a comunidade.<\/p>\n<p>As comemora\u00e7\u00f5es do anivers\u00e1rio da cidade se estendem at\u00e9 a pr\u00f3xima semana. Confira a programa\u00e7\u00e3o completa no site da prefeitura de Governador Valadares.<\/p>\n<p><strong>A cidade<\/strong><\/p>\n<p>A &#8216;Princesinha dos Vales&#8217;, como \u00e9 conhecida, se chamava Figueira e foi distrito de Pe\u00e7anha at\u00e9 o dia 31 de dezembro de 1937. Em 1938, o munic\u00edpio passou a se chamar Governador Valadares. Naquela \u00e9poca, a cidade chegou a ter em torno de 5 mil habitantes.<\/p>\n<p>Nas d\u00e9cadas seguintes, o munic\u00edpio se desenvolveu gra\u00e7as a crescente explora\u00e7\u00e3o de recursos naturais como madeira, pedras preciosas, mica e solos f\u00e9rteis e em 1950 chegou a ter 70 mil habitantes. Quando os recursos minerais se esgotaram, a cidade passou a se desenvolver mais lentamente.<\/p>\n<p>Na d\u00e9cada de 1990, o munic\u00edpio ficou mundialmente conhecido pela grande emigra\u00e7\u00e3o de valadarenses para o exterior. Cerca de 27 mil pessoas emigraram da cidade no ano de 1993, segundo o site da prefeitura de Governador Valadares.<\/p>\n<p>Al\u00e9m disso, a cidade tamb\u00e9m ficou conhecida como a Capital Mundial do Voo Livre, gra\u00e7as a um dos principais pontos tur\u00edsticos do munic\u00edpio: O Pica da Ibituruna que, junto com o Rio Doce, formam o cart\u00e3o postal de Valadares.<\/p>\n<p><em><strong>(Fonte: Inter TV dos Vales)<\/strong><\/em><\/p>\n","protected":false},"excerpt":{"rendered":"<p>A cidade de Governador Valadares, no Leste de Minas Gerais, completa 76 anos de emancipa\u00e7\u00e3o nesta quinta-feira (30\/01), com um dia inteiro de comemora\u00e7\u00f5es. A festa come\u00e7a cedo com a Tocata da Banda Lira 30 de Janeiro, \u00e0s 5h da manh\u00e3 em v\u00e1rios bairros da cidade. Depois disso, \u00e0s 6h da manh\u00e3, a banda de [&hellip;]<\/p>\n","protected":false},"author":1,"featured_media":0,"comment_status":"open","ping_status":"closed","sticky":false,"template":"","format":"standard","meta":{"amp_status":"","footnotes":""},"categories":[121],"tags":[247,3694],"class_list":["post-19745","post","type-post","status-publish","format-standard","hentry","category-leste","tag-governador-valadares","tag-governador-valadares-completa-76-anos-de-emancipacao-nesta-quinta-feira"],"_links":{"self":[{"href":"https:\/\/aconteceunovale.com.br\/portal\/index.php?rest_route=\/wp\/v2\/posts\/19745","targetHints":{"allow":["GET"]}}],"collection":[{"href":"https:\/\/aconteceunovale.com.br\/portal\/index.php?rest_route=\/wp\/v2\/posts"}],"about":[{"href":"https:\/\/aconteceunovale.com.br\/portal\/index.php?rest_route=\/wp\/v2\/types\/post"}],"author":[{"embeddable":true,"href":"https:\/\/aconteceunovale.com.br\/portal\/index.php?rest_route=\/wp\/v2\/users\/1"}],"replies":[{"embeddable":true,"href":"https:\/\/aconteceunovale.com.br\/portal\/index.php?rest_route=%2Fwp%2Fv2%2Fcomments&post=19745"}],"version-history":[{"count":0,"href":"https:\/\/aconteceunovale.com.br\/portal\/index.php?rest_route=\/wp\/v2\/posts\/19745\/revisions"}],"wp:attachment":[{"href":"https:\/\/aconteceunovale.com.br\/portal\/index.php?rest_route=%2Fwp%2Fv2%2Fmedia&parent=19745"}],"wp:term":[{"taxonomy":"category","embeddable":true,"href":"https:\/\/aconteceunovale.com.br\/portal\/index.php?rest_route=%2Fwp%2Fv2%2Fcategories&post=19745"},{"taxonomy":"post_tag","embeddable":true,"href":"https:\/\/aconteceunovale.com.br\/portal\/index.php?rest_route=%2Fwp%2Fv2%2Ftags&post=19745"}],"curies":[{"name":"wp","href":"https:\/\/api.w.org\/{rel}","templated":true}]}}