{"id":19740,"date":"2014-01-29T19:55:47","date_gmt":"2014-01-29T21:55:47","guid":{"rendered":"http:\/\/aconteceunovale.com.br\/portal\/?p=19740"},"modified":"2014-01-29T19:55:47","modified_gmt":"2014-01-29T21:55:47","slug":"mais-35-cidades-mineiras-terao-novos-recursos-para-investir-em-saneamento-e-infraestrutura-urbana","status":"publish","type":"post","link":"https:\/\/aconteceunovale.com.br\/portal\/?p=19740","title":{"rendered":"Mais 35 cidades mineiras ter\u00e3o novos recursos para investir em saneamento e infraestrutura urbana"},"content":{"rendered":"<p>O Governo de Minas promove mais uma a\u00e7\u00e3o voltada para o desenvolvimento dos munic\u00edpios mineiros. O vice-governador Alberto Pinto Coelho autorizou, nesta quarta-feira (29), na Cidade Administrativa, em Belo Horizonte, a libera\u00e7\u00e3o pelo Banco de Desenvolvimento de Minas Gerais (BDMG) de R$ 55 milh\u00f5es para 35 munic\u00edpios. Os recursos s\u00e3o para investimentos em obras de pavimenta\u00e7\u00e3o e drenagem, de saneamento e aquisi\u00e7\u00e3o de m\u00e1quinas e equipamentos. As linhas BDMG Urbaniza, BDMG MAQ, BDMG Cidades e BDMG Saneamento contam com recursos pr\u00f3prios do banco. Ao todo, j\u00e1 foram liberados mais de R$ 260 milh\u00f5es para 145 munic\u00edpios.<\/p>\n<p><img decoding=\"async\" src=\"http:\/\/aconteceunovale.com.br\/portal\/wp-content\/uploads\/2014\/01\/alberto-pinto-coelho-autorizou-liberacao-dos-recursos-em-solenidade-nesta-quarta-feira.jpg\" alt=\"\" \/><br \/>\n<em><strong>Alberto Pinto Coelho autorizou libera\u00e7\u00e3o dos recursos em solenidade nesta quarta-feira &#8211; (Foto: Renato Cobucci)<\/strong><\/em><\/p>\n<p>Em seu pronunciamento, Alberto Pinto Coelho ressaltou a import\u00e2ncia do trabalho desenvolvido pelo banco em prol dos munic\u00edpios mineiros. \u201cO BDMG \u00e9 um banco de fomento que tem uma atua\u00e7\u00e3o voltada para acolher as necessidades das prefeituras, sempre procurando desenvolver os seus programas com uma vis\u00e3o que vai ao encontro das verdadeiras demandas e das v\u00e1rias realidades dos 853 munic\u00edpios\u201d, enfatizou.<\/p>\n<p>O vice-governador destacou, ainda, a vis\u00e3o estrat\u00e9gica do BDMG para o desenvolvimento da economia de Minas Gerais. \u201cTemos como obsess\u00e3o diversificar nossa economia, agregando valores. A presen\u00e7a do BDMG como indutor destas atividades \u00e9 fundamental\u201d, afirmou Alberto Pinto Coelho.<\/p>\n<p>Segundo o presidente do BDMG, Matheus Cotta de Carvalho, os recursos fazem parte de um pacote de apoio aos munic\u00edpios, no valor de R$ 700 milh\u00f5es, anunciado em outubro do ano passado. \u201cEstamos alcan\u00e7ando 145 cidades e pretendemos, at\u00e9 o final do m\u00eas de mar\u00e7o, alcan\u00e7ar 230 munic\u00edpios\u201d, disse. <\/p>\n<p>\u201cCom esse programa, atingiremos 600 munic\u00edpios, o que corresponde a 80% das cidades do estado. A nossa carteira de apoio aos munic\u00edpios mineiros j\u00e1 atinge R$ 1,2 bilh\u00e3o. Devemos chegar at\u00e9 o fim de mar\u00e7o com uma carteira de R$ 1,4 bilh\u00e3o\u201d, informou Matheus Cotta Carvalho.<\/p>\n<p>Presente ao evento, o secret\u00e1rio de Estado de Governo, Danilo de Castro, ressaltou a caracter\u00edstica municipalista dos programas do Governo de Minas e enfatizou a import\u00e2ncia do BDMG no desenvolvimento do Estado.  \u201cO BDMG \u00e9 sin\u00f4nimo de orgulho pelo trabalho de assist\u00eancia aos munic\u00edpios mineiros e pelo apoio que d\u00e1 \u00e0s ind\u00fastrias que est\u00e3o aportando em nosso estado\u201d, destacou.<\/p>\n<p>O prefeito de S\u00e3o Geraldo, Marc\u00edlio Moreira Barroso, falou em nome dos demais chefes municipais e agradeceu o apoio do governo. \u201cO Governo de Minas vem transformando a realidade dos nossos munic\u00edpios, atrav\u00e9s de programas como o BDMG Munic\u00edpios, o ProMunic\u00edpio e dos cons\u00f3rcios de sa\u00fade, s\u00f3 para citar alguns. S\u00f3 temos que agradecer\u201d, finalizou.<\/p>\n<p><img decoding=\"async\" src=\"http:\/\/aconteceunovale.com.br\/portal\/wp-content\/uploads\/2014\/01\/prefeito-de-sao-geraldo-marcilio-barros-discursou-em-nome-dos-demais-prefeitos-presentes.jpg\" alt=\"\" \/><br \/>\n<em><strong>Prefeito de S\u00e3o Geraldo, Marcilio Barros discursou em nome dos demais prefeitos presentes &#8211; (Foto: Renato Cobucci)<\/strong><\/em><\/p>\n<p><strong>Confira abaixo a lista dos munic\u00edpios que receber\u00e3o os recursos.<\/strong><\/p>\n<p><img decoding=\"async\" src=\"http:\/\/aconteceunovale.com.br\/portal\/wp-content\/uploads\/2014\/01\/municipios_29_de_janeiro_14.jpg\" alt=\"\" \/><\/p>\n","protected":false},"excerpt":{"rendered":"<p>O Governo de Minas promove mais uma a\u00e7\u00e3o voltada para o desenvolvimento dos munic\u00edpios mineiros. O vice-governador Alberto Pinto Coelho autorizou, nesta quarta-feira (29), na Cidade Administrativa, em Belo Horizonte, a libera\u00e7\u00e3o pelo Banco de Desenvolvimento de Minas Gerais (BDMG) de R$ 55 milh\u00f5es para 35 munic\u00edpios. Os recursos s\u00e3o para investimentos em obras de [&hellip;]<\/p>\n","protected":false},"author":1,"featured_media":19742,"comment_status":"open","ping_status":"closed","sticky":false,"template":"","format":"standard","meta":{"amp_status":"","footnotes":""},"categories":[123],"tags":[3683,3684,3685,3686,3687,490,3688,3057,1562,3689,628,1521,1617,1544,3690,777,1102,1698,3682,3691,2381,1673,1806,3059,3692,307,3693,1553,2101,2533,1572,324,1730,1720,1612,3676],"class_list":["post-19740","post","type-post","status-publish","format-standard","has-post-thumbnail","hentry","category-gerais","tag-areado","tag-bom-repouso","tag-cabeceira-grande","tag-caldas","tag-campo-belo","tag-carai","tag-cassia","tag-chapada-gaucha","tag-coimbra","tag-conceicao-das-pedras","tag-conceicao-do-mato-dentro","tag-coromandel","tag-delta","tag-itajuba","tag-jequitiba","tag-joanesia","tag-joao-monlevade","tag-lagoa-dos-patos","tag-mais-35-cidades-mineiras-terao-novos-recursos-para-investir-em-saneamento-e-infraestrutura-urbana","tag-matipo","tag-monte-alegre-de-minas","tag-nova-belem","tag-ouro-verde-de-minas","tag-pai-pedro","tag-perdizes","tag-pescador","tag-santa-barbara","tag-santa-vitoria","tag-santana-do-paraiso","tag-santana-do-riacho","tag-sao-geraldo","tag-sao-sebastiao-do-maranhao","tag-sem-peixe","tag-sericita","tag-uniao-de-minas","tag-visconde-do-rio-branco"],"_links":{"self":[{"href":"https:\/\/aconteceunovale.com.br\/portal\/index.php?rest_route=\/wp\/v2\/posts\/19740","targetHints":{"allow":["GET"]}}],"collection":[{"href":"https:\/\/aconteceunovale.com.br\/portal\/index.php?rest_route=\/wp\/v2\/posts"}],"about":[{"href":"https:\/\/aconteceunovale.com.br\/portal\/index.php?rest_route=\/wp\/v2\/types\/post"}],"author":[{"embeddable":true,"href":"https:\/\/aconteceunovale.com.br\/portal\/index.php?rest_route=\/wp\/v2\/users\/1"}],"replies":[{"embeddable":true,"href":"https:\/\/aconteceunovale.com.br\/portal\/index.php?rest_route=%2Fwp%2Fv2%2Fcomments&post=19740"}],"version-history":[{"count":0,"href":"https:\/\/aconteceunovale.com.br\/portal\/index.php?rest_route=\/wp\/v2\/posts\/19740\/revisions"}],"wp:featuredmedia":[{"embeddable":true,"href":"https:\/\/aconteceunovale.com.br\/portal\/index.php?rest_route=\/wp\/v2\/media\/19742"}],"wp:attachment":[{"href":"https:\/\/aconteceunovale.com.br\/portal\/index.php?rest_route=%2Fwp%2Fv2%2Fmedia&parent=19740"}],"wp:term":[{"taxonomy":"category","embeddable":true,"href":"https:\/\/aconteceunovale.com.br\/portal\/index.php?rest_route=%2Fwp%2Fv2%2Fcategories&post=19740"},{"taxonomy":"post_tag","embeddable":true,"href":"https:\/\/aconteceunovale.com.br\/portal\/index.php?rest_route=%2Fwp%2Fv2%2Ftags&post=19740"}],"curies":[{"name":"wp","href":"https:\/\/api.w.org\/{rel}","templated":true}]}}