{"id":197374,"date":"2025-02-06T11:05:44","date_gmt":"2025-02-06T14:05:44","guid":{"rendered":"https:\/\/aconteceunovale.com.br\/portal\/?p=197374"},"modified":"2025-02-08T19:06:25","modified_gmt":"2025-02-08T22:06:25","slug":"estudante-nota-mil-na-redacao-do-enem-passa-em-medicina-na-ufmg","status":"publish","type":"post","link":"https:\/\/aconteceunovale.com.br\/portal\/?p=197374","title":{"rendered":"Estudante nota mil na reda\u00e7\u00e3o do Enem passa em Medicina na UFMG"},"content":{"rendered":"\n<p class=\"wp-block-paragraph\">A estudante Samille Malta, de 19 anos, \u00fanica aluna da rede p\u00fablica a obter nota mil na reda\u00e7\u00e3o do Exame Nacional do Ensino M\u00e9dio (Enem) 2024, foi recebida pelo presidente da Rep\u00fablica, Luiz In\u00e1cio Lula da Silva, e pelo ministro da Educa\u00e7\u00e3o, Camilo Santana. O encontro ocorreu na \u00faltima ter\u00e7a-feira (4), no Pal\u00e1cio do Planalto, em Bras\u00edlia (DF).<\/p>\n\n\n\n<figure class=\"wp-block-gallery has-nested-images columns-default is-cropped wp-block-gallery-1 is-layout-flex wp-block-gallery-is-layout-flex\">\n<figure class=\"wp-block-image size-large\"><img loading=\"lazy\" decoding=\"async\" width=\"676\" height=\"450\" data-id=\"197375\" src=\"https:\/\/aconteceunovale.com.br\/portal\/wp-content\/uploads\/2025\/02\/samille_ministro.jpeg\" alt=\"\" class=\"wp-image-197375\" srcset=\"https:\/\/aconteceunovale.com.br\/portal\/wp-content\/uploads\/2025\/02\/samille_ministro.jpeg 676w, https:\/\/aconteceunovale.com.br\/portal\/wp-content\/uploads\/2025\/02\/samille_ministro-300x200.jpeg 300w, https:\/\/aconteceunovale.com.br\/portal\/wp-content\/uploads\/2025\/02\/samille_ministro-631x420.jpeg 631w\" sizes=\"auto, (max-width: 676px) 100vw, 676px\" \/><figcaption class=\"wp-element-caption\"><em>Foto: Angelo Miguel\/MEC<\/em><\/figcaption><\/figure>\n<\/figure>\n\n\n\n<p class=\"wp-block-paragraph\">Al\u00e9m da nota m\u00e1xima na reda\u00e7\u00e3o, Samille foi aprovada no curso de Medicina pelo Sistema de Sele\u00e7\u00e3o Unificada (Sisu) na Universidade Federal de Minas Gerais (UFMG) e na Universidade Estadual de Campinas (Unicamp).<\/p>\n\n\n\n<p class=\"wp-block-paragraph\">Moradora de Virgin\u00f3polis, na regi\u00e3o Leste de Minas Gerais, a estudante se mudou para Vi\u00e7osa para cursar o ensino m\u00e9dio no Col\u00e9gio de Aplica\u00e7\u00e3o da Universidade Federal de Vi\u00e7osa (Cap-Coluni). <em>&#8220;A mudan\u00e7a para Vi\u00e7osa n\u00e3o foi muito f\u00e1cil, pois \u00e9 uma cidade muito longe de onde mora minha fam\u00edlia e eu acabava ficando muito tempo sem voltar em casa&#8221;, <\/em>relatou<em>. &#8220;No entanto, com o passar do tempo, fiz amigos que tornaram a adapta\u00e7\u00e3o muito mais f\u00e1cil. Al\u00e9m disso, gostei muito de estudar no Coluni, j\u00e1 que a rotina do col\u00e9gio me ajudou a focar mais nos estudos e os professores s\u00e3o excelentes.&#8221;<\/em><\/p>\n\n\n\n<p class=\"wp-block-paragraph\">A prepara\u00e7\u00e3o para o Enem foi intensa e come\u00e7ou cedo. Durante tr\u00eas anos, Samille estudou diariamente e participou da prova como treineira nos dois primeiros anos do ensino m\u00e9dio. <em>&#8220;Apesar de ter estudado bastante durante todo o ensino m\u00e9dio, no 3\u00ba ano eu foquei mais no Enem&#8221;, <\/em>contou. A nota m\u00e1xima na reda\u00e7\u00e3o foi uma surpresa.<em> &#8220;N\u00e3o esperava tirar mil, porque \u00e9 uma conquista bastante dif\u00edcil, mas fiquei muito feliz com o resultado&#8221;,<\/em> afirmou.<\/p>\n\n\n\n<p class=\"wp-block-paragraph\">Aprovada na UFMG, a estudante comemorou a realiza\u00e7\u00e3o de um sonho e a possibilidade de ficar mais pr\u00f3xima da fam\u00edlia. <em>&#8220;Foi a realiza\u00e7\u00e3o de um sonho que eu venho me esfor\u00e7ando para conseguir h\u00e1 muito tempo, ent\u00e3o n\u00e3o tenho nem palavras para explicar a sensa\u00e7\u00e3o. Tamb\u00e9m vou poder ficar um pouco mais perto de casa e dos meus pais, o que \u00e9 muito importante&#8221;,<\/em> disse.<\/p>\n\n\n\n<h3 class=\"wp-block-heading\">Sobre o Sisu<\/h3>\n\n\n\n<p class=\"wp-block-paragraph\">O Sistema de Sele\u00e7\u00e3o Unificada (Sisu) re\u00fane as vagas ofertadas por institui\u00e7\u00f5es p\u00fablicas de ensino superior em todo o Brasil. A maioria das oportunidades \u00e9 disponibilizada por universidades e institutos federais. Criado pela Portaria Normativa n\u00ba 2, de 26 de janeiro de 2010, o Sisu atualmente est\u00e1 regulamentado pela Portaria Normativa n\u00ba 21, de 5 de novembro de 2012.<\/p>\n","protected":false},"excerpt":{"rendered":"<p>A estudante Samille Malta, de 19 anos, \u00fanica aluna da rede p\u00fablica a obter nota mil na reda\u00e7\u00e3o do Exame Nacional do Ensino M\u00e9dio (Enem) 2024, foi recebida pelo presidente da Rep\u00fablica, Luiz In\u00e1cio Lula da Silva, e pelo ministro da Educa\u00e7\u00e3o, Camilo Santana. O encontro ocorreu na \u00faltima ter\u00e7a-feira (4), no Pal\u00e1cio do Planalto, [&hellip;]<\/p>\n","protected":false},"author":4,"featured_media":197375,"comment_status":"open","ping_status":"closed","sticky":false,"template":"","format":"standard","meta":{"amp_status":"","footnotes":""},"categories":[40238,121],"tags":[271516,230190,1018,271514,524,269420,269443,269482,271700,271515,271512,1168,22390,167543,269419,269418,269432,271513,269483,269481,874,18771,332],"class_list":["post-197374","post","type-post","status-publish","format-standard","has-post-thumbnail","hentry","category-educacao-2","category-leste","tag-coluni-ufv","tag-coluni-vicosa","tag-destaque","tag-encontro-entre-samille-e-lula","tag-enem","tag-enem-2024","tag-enem-2024-registra-12-redacoes-com-nota-maxima-destaque-para-aluno-de-escola-publica-em-minas-gerais","tag-escola-estadual-nossa-senhora-do-patrocinio","tag-estudante-nota-mil-na-redacao-do-enem-passa-em-medicina-na-ufmg","tag-lula-e-samille","tag-lula-recebe-a-unica-estudante-de-escola-publica-nota-1-000-na-redacao-do-enem","tag-mec","tag-ministerio-da-educacao","tag-resultado-do-enem","tag-resultado-do-enem-2024","tag-resultado-do-enem-2024-sera-divulgado-nesta-segunda","tag-resultados-do-enem-ja-estao-disponiveis","tag-samille-leao","tag-samille-leao-malta","tag-samille-malta","tag-ufmg","tag-vicosa","tag-virginopolis"],"yoast_head":"<!-- This site is optimized with the Yoast SEO plugin v28.3 - https:\/\/yoast.com\/product\/yoast-seo-wordpress\/ -->\n<title>Estudante nota mil na reda\u00e7\u00e3o do Enem passa em Medicina na UFMG - Aconteceu no Vale<\/title>\n<meta name=\"robots\" content=\"index, follow, max-snippet:-1, max-image-preview:large, max-video-preview:-1\" \/>\n<link rel=\"canonical\" href=\"https:\/\/aconteceunovale.com.br\/portal\/?p=197374\" \/>\n<meta property=\"og:locale\" content=\"pt_BR\" \/>\n<meta property=\"og:type\" content=\"article\" \/>\n<meta property=\"og:title\" content=\"Estudante nota mil na reda\u00e7\u00e3o do Enem passa em Medicina na UFMG - Aconteceu no Vale\" \/>\n<meta property=\"og:description\" content=\"A estudante Samille Malta, de 19 anos, \u00fanica aluna da rede p\u00fablica a obter nota mil na reda\u00e7\u00e3o do Exame Nacional do Ensino M\u00e9dio (Enem) 2024, foi recebida pelo presidente da Rep\u00fablica, Luiz In\u00e1cio Lula da Silva, e pelo ministro da Educa\u00e7\u00e3o, Camilo Santana. O encontro ocorreu na \u00faltima ter\u00e7a-feira (4), no Pal\u00e1cio do Planalto, [&hellip;]\" \/>\n<meta property=\"og:url\" content=\"https:\/\/aconteceunovale.com.br\/portal\/?p=197374\" \/>\n<meta property=\"og:site_name\" content=\"Aconteceu no Vale\" \/>\n<meta property=\"article:publisher\" content=\"https:\/\/www.facebook.com\/aconteceunovale\/\" \/>\n<meta property=\"article:published_time\" content=\"2025-02-06T14:05:44+00:00\" \/>\n<meta property=\"article:modified_time\" content=\"2025-02-08T22:06:25+00:00\" \/>\n<meta property=\"og:image\" content=\"https:\/\/aconteceunovale.com.br\/portal\/wp-content\/uploads\/2025\/02\/samille_ministro.jpeg\" \/>\n\t<meta property=\"og:image:width\" content=\"676\" \/>\n\t<meta property=\"og:image:height\" content=\"450\" \/>\n\t<meta property=\"og:image:type\" content=\"image\/jpeg\" \/>\n<meta name=\"author\" content=\"Reda\u00e7\u00e3o Aconteceu no Vale\" \/>\n<meta name=\"twitter:card\" content=\"summary_large_image\" \/>\n<meta name=\"twitter:creator\" content=\"@noticiadosvales\" \/>\n<meta name=\"twitter:site\" content=\"@noticiadosvales\" \/>\n<meta name=\"twitter:label1\" content=\"Escrito por\" \/>\n\t<meta name=\"twitter:data1\" content=\"Reda\u00e7\u00e3o Aconteceu no Vale\" \/>\n\t<meta name=\"twitter:label2\" content=\"Est. tempo de leitura\" \/>\n\t<meta name=\"twitter:data2\" content=\"2 minutos\" \/>\n<script type=\"application\/ld+json\" class=\"yoast-schema-graph\">{\"@context\":\"https:\\\/\\\/schema.org\",\"@graph\":[{\"@type\":\"Article\",\"@id\":\"https:\\\/\\\/aconteceunovale.com.br\\\/portal\\\/?p=197374#article\",\"isPartOf\":{\"@id\":\"https:\\\/\\\/aconteceunovale.com.br\\\/portal\\\/?p=197374\"},\"author\":{\"name\":\"Reda\u00e7\u00e3o Aconteceu no Vale\",\"@id\":\"https:\\\/\\\/aconteceunovale.com.br\\\/portal\\\/#\\\/schema\\\/person\\\/7d2f26d1483f8a63de73da1ee0754d35\"},\"headline\":\"Estudante nota mil na reda\u00e7\u00e3o do Enem passa em Medicina na UFMG\",\"datePublished\":\"2025-02-06T14:05:44+00:00\",\"dateModified\":\"2025-02-08T22:06:25+00:00\",\"mainEntityOfPage\":{\"@id\":\"https:\\\/\\\/aconteceunovale.com.br\\\/portal\\\/?p=197374\"},\"wordCount\":449,\"commentCount\":0,\"image\":{\"@id\":\"https:\\\/\\\/aconteceunovale.com.br\\\/portal\\\/?p=197374#primaryimage\"},\"thumbnailUrl\":\"https:\\\/\\\/aconteceunovale.com.br\\\/portal\\\/wp-content\\\/uploads\\\/2025\\\/02\\\/samille_ministro.jpeg\",\"keywords\":[\"Coluni UFV\",\"Coluni Vi\u00e7osa\",\"destaque\",\"Encontro entre Samille e Lula\",\"Enem\",\"Enem 2024\",\"Enem 2024 registra 12 reda\u00e7\u00f5es com nota m\u00e1xima; destaque para aluno de escola p\u00fablica em Minas Gerais\",\"Escola Estadual Nossa Senhora do Patroc\u00ednio\",\"Estudante nota mil na reda\u00e7\u00e3o do Enem passa em Medicina na UFMG\",\"Lula e Samille\",\"Lula recebe a \u00fanica estudante de escola p\u00fablica nota 1.000 na reda\u00e7\u00e3o do Enem\",\"mec\",\"Minist\u00e9rio da Educa\u00e7\u00e3o\",\"resultado do Enem\",\"Resultado do Enem 2024\",\"Resultado do Enem 2024 ser\u00e1 divulgado nesta segunda\",\"Resultados do Enem j\u00e1 est\u00e3o dispon\u00edveis\",\"Samille Le\u00e3o\",\"Samille Le\u00e3o Malta\",\"Samille Malta\",\"UFMG\",\"Vi\u00e7osa\",\"Virgin\u00f3polis\"],\"articleSection\":[\"Educa\u00e7\u00e3o\",\"Leste de Minas\"],\"inLanguage\":\"pt-BR\",\"potentialAction\":[{\"@type\":\"CommentAction\",\"name\":\"Comment\",\"target\":[\"https:\\\/\\\/aconteceunovale.com.br\\\/portal\\\/?p=197374#respond\"]}]},{\"@type\":\"WebPage\",\"@id\":\"https:\\\/\\\/aconteceunovale.com.br\\\/portal\\\/?p=197374\",\"url\":\"https:\\\/\\\/aconteceunovale.com.br\\\/portal\\\/?p=197374\",\"name\":\"Estudante nota mil na reda\u00e7\u00e3o do Enem passa em Medicina na UFMG - Aconteceu no Vale\",\"isPartOf\":{\"@id\":\"https:\\\/\\\/aconteceunovale.com.br\\\/portal\\\/#website\"},\"primaryImageOfPage\":{\"@id\":\"https:\\\/\\\/aconteceunovale.com.br\\\/portal\\\/?p=197374#primaryimage\"},\"image\":{\"@id\":\"https:\\\/\\\/aconteceunovale.com.br\\\/portal\\\/?p=197374#primaryimage\"},\"thumbnailUrl\":\"https:\\\/\\\/aconteceunovale.com.br\\\/portal\\\/wp-content\\\/uploads\\\/2025\\\/02\\\/samille_ministro.jpeg\",\"datePublished\":\"2025-02-06T14:05:44+00:00\",\"dateModified\":\"2025-02-08T22:06:25+00:00\",\"author\":{\"@id\":\"https:\\\/\\\/aconteceunovale.com.br\\\/portal\\\/#\\\/schema\\\/person\\\/7d2f26d1483f8a63de73da1ee0754d35\"},\"breadcrumb\":{\"@id\":\"https:\\\/\\\/aconteceunovale.com.br\\\/portal\\\/?p=197374#breadcrumb\"},\"inLanguage\":\"pt-BR\",\"potentialAction\":[{\"@type\":\"ReadAction\",\"target\":[\"https:\\\/\\\/aconteceunovale.com.br\\\/portal\\\/?p=197374\"]}]},{\"@type\":\"ImageObject\",\"inLanguage\":\"pt-BR\",\"@id\":\"https:\\\/\\\/aconteceunovale.com.br\\\/portal\\\/?p=197374#primaryimage\",\"url\":\"https:\\\/\\\/aconteceunovale.com.br\\\/portal\\\/wp-content\\\/uploads\\\/2025\\\/02\\\/samille_ministro.jpeg\",\"contentUrl\":\"https:\\\/\\\/aconteceunovale.com.br\\\/portal\\\/wp-content\\\/uploads\\\/2025\\\/02\\\/samille_ministro.jpeg\",\"width\":676,\"height\":450,\"caption\":\"Foto: Angelo Miguel\\\/MEC\"},{\"@type\":\"BreadcrumbList\",\"@id\":\"https:\\\/\\\/aconteceunovale.com.br\\\/portal\\\/?p=197374#breadcrumb\",\"itemListElement\":[{\"@type\":\"ListItem\",\"position\":1,\"name\":\"In\u00edcio\",\"item\":\"https:\\\/\\\/aconteceunovale.com.br\\\/portal\\\/\"},{\"@type\":\"ListItem\",\"position\":2,\"name\":\"Estudante nota mil na reda\u00e7\u00e3o do Enem passa em Medicina na UFMG\"}]},{\"@type\":\"WebSite\",\"@id\":\"https:\\\/\\\/aconteceunovale.com.br\\\/portal\\\/#website\",\"url\":\"https:\\\/\\\/aconteceunovale.com.br\\\/portal\\\/\",\"name\":\"Aconteceu no Vale\",\"description\":\"Portal de Not\u00edcias\",\"potentialAction\":[{\"@type\":\"SearchAction\",\"target\":{\"@type\":\"EntryPoint\",\"urlTemplate\":\"https:\\\/\\\/aconteceunovale.com.br\\\/portal\\\/?s={search_term_string}\"},\"query-input\":{\"@type\":\"PropertyValueSpecification\",\"valueRequired\":true,\"valueName\":\"search_term_string\"}}],\"inLanguage\":\"pt-BR\"},{\"@type\":\"Person\",\"@id\":\"https:\\\/\\\/aconteceunovale.com.br\\\/portal\\\/#\\\/schema\\\/person\\\/7d2f26d1483f8a63de73da1ee0754d35\",\"name\":\"Reda\u00e7\u00e3o Aconteceu no Vale\",\"description\":\"Equipe de reportagem do Aconteceu no Vale, portal de not\u00edcias do Vale do Jequitinhonha, em Minas Gerais. Cobrimos as 51 cidades do Vale desde 2013. Sugest\u00f5es de pauta e pedidos de corre\u00e7\u00e3o: contato@aconteceunovale.com.br\",\"url\":\"https:\\\/\\\/aconteceunovale.com.br\\\/portal\\\/?author=4\"}]}<\/script>\n<!-- \/ Yoast SEO plugin. -->","yoast_head_json":{"title":"Estudante nota mil na reda\u00e7\u00e3o do Enem passa em Medicina na UFMG - Aconteceu no Vale","robots":{"index":"index","follow":"follow","max-snippet":"max-snippet:-1","max-image-preview":"max-image-preview:large","max-video-preview":"max-video-preview:-1"},"canonical":"https:\/\/aconteceunovale.com.br\/portal\/?p=197374","og_locale":"pt_BR","og_type":"article","og_title":"Estudante nota mil na reda\u00e7\u00e3o do Enem passa em Medicina na UFMG - Aconteceu no Vale","og_description":"A estudante Samille Malta, de 19 anos, \u00fanica aluna da rede p\u00fablica a obter nota mil na reda\u00e7\u00e3o do Exame Nacional do Ensino M\u00e9dio (Enem) 2024, foi recebida pelo presidente da Rep\u00fablica, Luiz In\u00e1cio Lula da Silva, e pelo ministro da Educa\u00e7\u00e3o, Camilo Santana. O encontro ocorreu na \u00faltima ter\u00e7a-feira (4), no Pal\u00e1cio do Planalto, [&hellip;]","og_url":"https:\/\/aconteceunovale.com.br\/portal\/?p=197374","og_site_name":"Aconteceu no Vale","article_publisher":"https:\/\/www.facebook.com\/aconteceunovale\/","article_published_time":"2025-02-06T14:05:44+00:00","article_modified_time":"2025-02-08T22:06:25+00:00","og_image":[{"width":676,"height":450,"url":"https:\/\/aconteceunovale.com.br\/portal\/wp-content\/uploads\/2025\/02\/samille_ministro.jpeg","type":"image\/jpeg"}],"author":"Reda\u00e7\u00e3o Aconteceu no Vale","twitter_card":"summary_large_image","twitter_creator":"@noticiadosvales","twitter_site":"@noticiadosvales","twitter_misc":{"Escrito por":"Reda\u00e7\u00e3o Aconteceu no Vale","Est. tempo de leitura":"2 minutos"},"schema":{"@context":"https:\/\/schema.org","@graph":[{"@type":"Article","@id":"https:\/\/aconteceunovale.com.br\/portal\/?p=197374#article","isPartOf":{"@id":"https:\/\/aconteceunovale.com.br\/portal\/?p=197374"},"author":{"name":"Reda\u00e7\u00e3o Aconteceu no Vale","@id":"https:\/\/aconteceunovale.com.br\/portal\/#\/schema\/person\/7d2f26d1483f8a63de73da1ee0754d35"},"headline":"Estudante nota mil na reda\u00e7\u00e3o do Enem passa em Medicina na UFMG","datePublished":"2025-02-06T14:05:44+00:00","dateModified":"2025-02-08T22:06:25+00:00","mainEntityOfPage":{"@id":"https:\/\/aconteceunovale.com.br\/portal\/?p=197374"},"wordCount":449,"commentCount":0,"image":{"@id":"https:\/\/aconteceunovale.com.br\/portal\/?p=197374#primaryimage"},"thumbnailUrl":"https:\/\/aconteceunovale.com.br\/portal\/wp-content\/uploads\/2025\/02\/samille_ministro.jpeg","keywords":["Coluni UFV","Coluni Vi\u00e7osa","destaque","Encontro entre Samille e Lula","Enem","Enem 2024","Enem 2024 registra 12 reda\u00e7\u00f5es com nota m\u00e1xima; destaque para aluno de escola p\u00fablica em Minas Gerais","Escola Estadual Nossa Senhora do Patroc\u00ednio","Estudante nota mil na reda\u00e7\u00e3o do Enem passa em Medicina na UFMG","Lula e Samille","Lula recebe a \u00fanica estudante de escola p\u00fablica nota 1.000 na reda\u00e7\u00e3o do Enem","mec","Minist\u00e9rio da Educa\u00e7\u00e3o","resultado do Enem","Resultado do Enem 2024","Resultado do Enem 2024 ser\u00e1 divulgado nesta segunda","Resultados do Enem j\u00e1 est\u00e3o dispon\u00edveis","Samille Le\u00e3o","Samille Le\u00e3o Malta","Samille Malta","UFMG","Vi\u00e7osa","Virgin\u00f3polis"],"articleSection":["Educa\u00e7\u00e3o","Leste de Minas"],"inLanguage":"pt-BR","potentialAction":[{"@type":"CommentAction","name":"Comment","target":["https:\/\/aconteceunovale.com.br\/portal\/?p=197374#respond"]}]},{"@type":"WebPage","@id":"https:\/\/aconteceunovale.com.br\/portal\/?p=197374","url":"https:\/\/aconteceunovale.com.br\/portal\/?p=197374","name":"Estudante nota mil na reda\u00e7\u00e3o do Enem passa em Medicina na UFMG - Aconteceu no Vale","isPartOf":{"@id":"https:\/\/aconteceunovale.com.br\/portal\/#website"},"primaryImageOfPage":{"@id":"https:\/\/aconteceunovale.com.br\/portal\/?p=197374#primaryimage"},"image":{"@id":"https:\/\/aconteceunovale.com.br\/portal\/?p=197374#primaryimage"},"thumbnailUrl":"https:\/\/aconteceunovale.com.br\/portal\/wp-content\/uploads\/2025\/02\/samille_ministro.jpeg","datePublished":"2025-02-06T14:05:44+00:00","dateModified":"2025-02-08T22:06:25+00:00","author":{"@id":"https:\/\/aconteceunovale.com.br\/portal\/#\/schema\/person\/7d2f26d1483f8a63de73da1ee0754d35"},"breadcrumb":{"@id":"https:\/\/aconteceunovale.com.br\/portal\/?p=197374#breadcrumb"},"inLanguage":"pt-BR","potentialAction":[{"@type":"ReadAction","target":["https:\/\/aconteceunovale.com.br\/portal\/?p=197374"]}]},{"@type":"ImageObject","inLanguage":"pt-BR","@id":"https:\/\/aconteceunovale.com.br\/portal\/?p=197374#primaryimage","url":"https:\/\/aconteceunovale.com.br\/portal\/wp-content\/uploads\/2025\/02\/samille_ministro.jpeg","contentUrl":"https:\/\/aconteceunovale.com.br\/portal\/wp-content\/uploads\/2025\/02\/samille_ministro.jpeg","width":676,"height":450,"caption":"Foto: Angelo Miguel\/MEC"},{"@type":"BreadcrumbList","@id":"https:\/\/aconteceunovale.com.br\/portal\/?p=197374#breadcrumb","itemListElement":[{"@type":"ListItem","position":1,"name":"In\u00edcio","item":"https:\/\/aconteceunovale.com.br\/portal\/"},{"@type":"ListItem","position":2,"name":"Estudante nota mil na reda\u00e7\u00e3o do Enem passa em Medicina na UFMG"}]},{"@type":"WebSite","@id":"https:\/\/aconteceunovale.com.br\/portal\/#website","url":"https:\/\/aconteceunovale.com.br\/portal\/","name":"Aconteceu no Vale","description":"Portal de Not\u00edcias","potentialAction":[{"@type":"SearchAction","target":{"@type":"EntryPoint","urlTemplate":"https:\/\/aconteceunovale.com.br\/portal\/?s={search_term_string}"},"query-input":{"@type":"PropertyValueSpecification","valueRequired":true,"valueName":"search_term_string"}}],"inLanguage":"pt-BR"},{"@type":"Person","@id":"https:\/\/aconteceunovale.com.br\/portal\/#\/schema\/person\/7d2f26d1483f8a63de73da1ee0754d35","name":"Reda\u00e7\u00e3o Aconteceu no Vale","description":"Equipe de reportagem do Aconteceu no Vale, portal de not\u00edcias do Vale do Jequitinhonha, em Minas Gerais. Cobrimos as 51 cidades do Vale desde 2013. Sugest\u00f5es de pauta e pedidos de corre\u00e7\u00e3o: contato@aconteceunovale.com.br","url":"https:\/\/aconteceunovale.com.br\/portal\/?author=4"}]}},"_links":{"self":[{"href":"https:\/\/aconteceunovale.com.br\/portal\/index.php?rest_route=\/wp\/v2\/posts\/197374","targetHints":{"allow":["GET"]}}],"collection":[{"href":"https:\/\/aconteceunovale.com.br\/portal\/index.php?rest_route=\/wp\/v2\/posts"}],"about":[{"href":"https:\/\/aconteceunovale.com.br\/portal\/index.php?rest_route=\/wp\/v2\/types\/post"}],"author":[{"embeddable":true,"href":"https:\/\/aconteceunovale.com.br\/portal\/index.php?rest_route=\/wp\/v2\/users\/4"}],"replies":[{"embeddable":true,"href":"https:\/\/aconteceunovale.com.br\/portal\/index.php?rest_route=%2Fwp%2Fv2%2Fcomments&post=197374"}],"version-history":[{"count":1,"href":"https:\/\/aconteceunovale.com.br\/portal\/index.php?rest_route=\/wp\/v2\/posts\/197374\/revisions"}],"predecessor-version":[{"id":197376,"href":"https:\/\/aconteceunovale.com.br\/portal\/index.php?rest_route=\/wp\/v2\/posts\/197374\/revisions\/197376"}],"wp:featuredmedia":[{"embeddable":true,"href":"https:\/\/aconteceunovale.com.br\/portal\/index.php?rest_route=\/wp\/v2\/media\/197375"}],"wp:attachment":[{"href":"https:\/\/aconteceunovale.com.br\/portal\/index.php?rest_route=%2Fwp%2Fv2%2Fmedia&parent=197374"}],"wp:term":[{"taxonomy":"category","embeddable":true,"href":"https:\/\/aconteceunovale.com.br\/portal\/index.php?rest_route=%2Fwp%2Fv2%2Fcategories&post=197374"},{"taxonomy":"post_tag","embeddable":true,"href":"https:\/\/aconteceunovale.com.br\/portal\/index.php?rest_route=%2Fwp%2Fv2%2Ftags&post=197374"}],"curies":[{"name":"wp","href":"https:\/\/api.w.org\/{rel}","templated":true}]}}