{"id":197353,"date":"2025-02-08T14:27:43","date_gmt":"2025-02-08T17:27:43","guid":{"rendered":"https:\/\/aconteceunovale.com.br\/portal\/?p=197353"},"modified":"2025-02-08T14:29:31","modified_gmt":"2025-02-08T17:29:31","slug":"produtores-de-queijo-cabacinha-do-vale-do-jequitinhonha-avancam-na-regulamentacao-da-producao","status":"publish","type":"post","link":"https:\/\/aconteceunovale.com.br\/portal\/?p=197353","title":{"rendered":"Produtores de queijo Cabacinha do Vale do Jequitinhonha avan\u00e7am na regulamenta\u00e7\u00e3o da produ\u00e7\u00e3o"},"content":{"rendered":"\n<p class=\"wp-block-paragraph\">Os produtores de queijo artesanal Cabacinha do Vale do Jequitinhonha est\u00e3o fortalecendo parcerias com institui\u00e7\u00f5es p\u00fablicas para regulamentar a fabrica\u00e7\u00e3o e a comercializa\u00e7\u00e3o do produto. Feito a partir do leite cru, o queijo \u00e9 um dos s\u00edmbolos da cultura e da gastronomia local.<\/p>\n\n\n\n<figure class=\"wp-block-gallery has-nested-images columns-default is-cropped wp-block-gallery-1 is-layout-flex wp-block-gallery-is-layout-flex\">\n<figure class=\"wp-block-image size-large\"><img loading=\"lazy\" decoding=\"async\" width=\"666\" height=\"450\" data-id=\"197354\" src=\"https:\/\/aconteceunovale.com.br\/portal\/wp-content\/uploads\/2025\/02\/queijo_cabacinha.png\" alt=\"\" class=\"wp-image-197354\" srcset=\"https:\/\/aconteceunovale.com.br\/portal\/wp-content\/uploads\/2025\/02\/queijo_cabacinha.png 666w, https:\/\/aconteceunovale.com.br\/portal\/wp-content\/uploads\/2025\/02\/queijo_cabacinha-300x203.png 300w, https:\/\/aconteceunovale.com.br\/portal\/wp-content\/uploads\/2025\/02\/queijo_cabacinha-622x420.png 622w\" sizes=\"auto, (max-width: 666px) 100vw, 666px\" \/><figcaption class=\"wp-element-caption\"><em>Foto: Igor Rocha\/Epamig<\/em><\/figcaption><\/figure>\n<\/figure>\n\n\n\n<p class=\"wp-block-paragraph\">Para embasar o processo de regulamenta\u00e7\u00e3o, um estudo foi iniciado em 2021 pelas empresas de Pesquisa Agropecu\u00e1ria de Minas Gerais (Epamig) e de Assist\u00eancia T\u00e9cnica e Extens\u00e3o Rural de Minas Gerais (Emater-MG), al\u00e9m das universidades federais de Minas Gerais (UFMG) e de S\u00e3o Jo\u00e3o del-Rei (UFSJ) e do Instituto Federal do Norte de Minas Gerais (IFNMG). A pesquisa teve como objetivo avaliar aspectos f\u00edsico-qu\u00edmicos, microbiol\u00f3gicos e sensoriais do queijo, fornecendo base cient\u00edfica para a cria\u00e7\u00e3o de um regulamento t\u00e9cnico de identidade e qualidade.<\/p>\n\n\n\n<p class=\"wp-block-paragraph\">Durante o estudo, foram realizadas visitas de acompanhamento, coletas e an\u00e1lises de amostras em diferentes fases da produ\u00e7\u00e3o. O pesquisador da Epamig e coordenador da iniciativa, Daniel Arantes Pereira, destaca os desafios enfrentados. \u201cHouve um grande desafio log\u00edstico quanto \u00e0 coleta e transporte de amostras, que envolveu ao menos seis laborat\u00f3rios em S\u00e3o Jo\u00e3o del Rei (Epamig), Belo Horizonte (UFMG), Sete Lagoas (UFSJ) e Salinas (IFNMG)\u201d, explica.<\/p>\n\n\n\n<h3 class=\"wp-block-heading\"><strong>Entrega dos resultados e impactos para os produtores<\/strong><\/h3>\n\n\n\n<p class=\"wp-block-paragraph\">Os resultados do estudo foram apresentados em outubro de 2024, durante um evento em Pedra Azul, que reuniu os 30 produtores participantes. \u201cA pesquisa foi realizada com muito zelo e esse momento de entrega foi de muito aprendizado, com orienta\u00e7\u00f5es sobre boas pr\u00e1ticas de ordenha e produ\u00e7\u00e3o\u201d, avalia Jos\u00e9 Val\u00e9rio Filho, presidente da Associa\u00e7\u00e3o dos Produtores do Queijo Cabacinha do Vale do Jequitinhonha.<\/p>\n\n\n\n<p class=\"wp-block-paragraph\">A parceria entre t\u00e9cnicos e produtores foi um dos destaques do projeto. \u201cTivemos uma intensa coopera\u00e7\u00e3o entre a equipe t\u00e9cnica e os produtores. Extensionistas da Emater-MG foram treinados para coletar as amostras, e o transporte para os laborat\u00f3rios ocorreu em parceria com as prefeituras de Pedra Azul, Cachoeira do Paje\u00fa, Itaobim, Jequitinhonha e Medina\u201d, acrescenta Daniel Arantes.<\/p>\n\n\n\n<h3 class=\"wp-block-heading\"><strong>Regulamenta\u00e7\u00e3o e perspectivas para o setor<\/strong><\/h3>\n\n\n\n<p class=\"wp-block-paragraph\">A caracteriza\u00e7\u00e3o do queijo Cabacinha permitir\u00e1 ao Instituto Mineiro de Agropecu\u00e1ria (IMA) estabelecer um regulamento t\u00e9cnico que garanta a identidade e a qualidade do produto. \u201cPara al\u00e9m da regulamenta\u00e7\u00e3o, o relat\u00f3rio traz informa\u00e7\u00f5es para nortear pol\u00edticas p\u00fablicas, direcionar a assist\u00eancia t\u00e9cnica, treinamentos e a\u00e7\u00f5es de difus\u00e3o de tecnologias. Contribuindo para o fortalecimento e a consolida\u00e7\u00e3o da cadeia produtiva e agrega\u00e7\u00e3o de valor ao queijo\u201d, afirma Daniel Arantes.<\/p>\n\n\n\n<p class=\"wp-block-paragraph\">Para os produtores, a regulamenta\u00e7\u00e3o representa uma oportunidade de amplia\u00e7\u00e3o do mercado. Jos\u00e9 Alves, produtor de queijo Cabacinha em Joa\u00edma, destaca o potencial da atividade. \u201cA alimenta\u00e7\u00e3o das vacas \u00e9 complementada com palma forrageira que adquiri na Epamig em Nova Porteirinha. Meu queijo j\u00e1 ganhou medalhas em concursos fora de Minas. Para o futuro, quero vender para outras localidades e aumentar a freguesia\u201d, projeta.<\/p>\n\n\n\n<p class=\"wp-block-paragraph\">O ex-caminhoneiro Renato Rocha, que atualmente administra uma queijaria em Pedra Azul ao lado da esposa e dos filhos, refor\u00e7a a import\u00e2ncia do processo. \u201cO queijo Cabacinha nunca teve essa valoriza\u00e7\u00e3o de agora. Com a regulamenta\u00e7\u00e3o, poderemos levar o queijo para os nossos clientes em outras regi\u00f5es com menos burocracia e mais seguran\u00e7a\u201d, afirma.<\/p>\n\n\n\n<p class=\"wp-block-paragraph\">Com o avan\u00e7o dos estudos e a formaliza\u00e7\u00e3o das normas, o queijo Cabacinha do Vale do Jequitinhonha caminha para conquistar maior reconhecimento e acesso a novos mercados, fortalecendo a economia local e preservando a tradi\u00e7\u00e3o da regi\u00e3o.<\/p>\n","protected":false},"excerpt":{"rendered":"<p>Os produtores de queijo artesanal Cabacinha do Vale do Jequitinhonha est\u00e3o fortalecendo parcerias com institui\u00e7\u00f5es p\u00fablicas para regulamentar a fabrica\u00e7\u00e3o e a comercializa\u00e7\u00e3o do produto. Feito a partir do leite cru, o queijo \u00e9 um dos s\u00edmbolos da cultura e da gastronomia local. Para embasar o processo de regulamenta\u00e7\u00e3o, um estudo foi iniciado em 2021 [&hellip;]<\/p>\n","protected":false},"author":4,"featured_media":197354,"comment_status":"open","ping_status":"closed","sticky":false,"template":"","format":"standard","meta":{"amp_status":"","footnotes":""},"categories":[120],"tags":[271689,270878,1107,271687,1018,25775,25884,255,391,34252,271690,389,455,271686,250885,245200,271688,874,27305],"class_list":["post-197353","post","type-post","status-publish","format-standard","has-post-thumbnail","hentry","category-jequi","tag-associacao-dos-produtores-do-queijo-cabacinha-do-vale-do-jequitinhonha","tag-cabacinha-do-vale-do-jequitinhonha","tag-cachoeira-do-pajeu","tag-daneil-arantes-pereira","tag-destaque","tag-emater-mg","tag-epamig","tag-ifnmg","tag-itaobim","tag-jequitinhonha","tag-jose-valerio-filho","tag-medina","tag-pedra-azul","tag-produtores-de-queijo-cabacinha-do-vale-do-jequitinhonha-avancam-na-regulamentacao-da-producao","tag-queijo-artesanal-cabacinha","tag-queijo-cabacinha-do-vale-do-jequitinhonha","tag-regulamentacao-do-queijo-cabacinha","tag-ufmg","tag-ufsj"],"yoast_head":"<!-- This site is optimized with the Yoast SEO plugin v28.3 - https:\/\/yoast.com\/product\/yoast-seo-wordpress\/ -->\n<title>Produtores de queijo Cabacinha do Vale do Jequitinhonha avan\u00e7am na regulamenta\u00e7\u00e3o da produ\u00e7\u00e3o - Aconteceu no Vale<\/title>\n<meta name=\"robots\" content=\"index, follow, max-snippet:-1, max-image-preview:large, max-video-preview:-1\" \/>\n<link rel=\"canonical\" href=\"https:\/\/aconteceunovale.com.br\/portal\/?p=197353\" \/>\n<meta property=\"og:locale\" content=\"pt_BR\" \/>\n<meta property=\"og:type\" content=\"article\" \/>\n<meta property=\"og:title\" content=\"Produtores de queijo Cabacinha do Vale do Jequitinhonha avan\u00e7am na regulamenta\u00e7\u00e3o da produ\u00e7\u00e3o - Aconteceu no Vale\" \/>\n<meta property=\"og:description\" content=\"Os produtores de queijo artesanal Cabacinha do Vale do Jequitinhonha est\u00e3o fortalecendo parcerias com institui\u00e7\u00f5es p\u00fablicas para regulamentar a fabrica\u00e7\u00e3o e a comercializa\u00e7\u00e3o do produto. Feito a partir do leite cru, o queijo \u00e9 um dos s\u00edmbolos da cultura e da gastronomia local. Para embasar o processo de regulamenta\u00e7\u00e3o, um estudo foi iniciado em 2021 [&hellip;]\" \/>\n<meta property=\"og:url\" content=\"https:\/\/aconteceunovale.com.br\/portal\/?p=197353\" \/>\n<meta property=\"og:site_name\" content=\"Aconteceu no Vale\" \/>\n<meta property=\"article:publisher\" content=\"https:\/\/www.facebook.com\/aconteceunovale\/\" \/>\n<meta property=\"article:published_time\" content=\"2025-02-08T17:27:43+00:00\" \/>\n<meta property=\"article:modified_time\" content=\"2025-02-08T17:29:31+00:00\" \/>\n<meta property=\"og:image\" content=\"https:\/\/aconteceunovale.com.br\/portal\/wp-content\/uploads\/2025\/02\/queijo_cabacinha.png\" \/>\n\t<meta property=\"og:image:width\" content=\"666\" \/>\n\t<meta property=\"og:image:height\" content=\"450\" \/>\n\t<meta property=\"og:image:type\" content=\"image\/png\" \/>\n<meta name=\"author\" content=\"Reda\u00e7\u00e3o Aconteceu no Vale\" \/>\n<meta name=\"twitter:card\" content=\"summary_large_image\" \/>\n<meta name=\"twitter:creator\" content=\"@noticiadosvales\" \/>\n<meta name=\"twitter:site\" content=\"@noticiadosvales\" \/>\n<meta name=\"twitter:label1\" content=\"Escrito por\" \/>\n\t<meta name=\"twitter:data1\" content=\"Reda\u00e7\u00e3o Aconteceu no Vale\" \/>\n\t<meta name=\"twitter:label2\" content=\"Est. tempo de leitura\" \/>\n\t<meta name=\"twitter:data2\" content=\"3 minutos\" \/>\n<script type=\"application\/ld+json\" class=\"yoast-schema-graph\">{\"@context\":\"https:\\\/\\\/schema.org\",\"@graph\":[{\"@type\":\"Article\",\"@id\":\"https:\\\/\\\/aconteceunovale.com.br\\\/portal\\\/?p=197353#article\",\"isPartOf\":{\"@id\":\"https:\\\/\\\/aconteceunovale.com.br\\\/portal\\\/?p=197353\"},\"author\":{\"name\":\"Reda\u00e7\u00e3o Aconteceu no Vale\",\"@id\":\"https:\\\/\\\/aconteceunovale.com.br\\\/portal\\\/#\\\/schema\\\/person\\\/7d2f26d1483f8a63de73da1ee0754d35\"},\"headline\":\"Produtores de queijo Cabacinha do Vale do Jequitinhonha avan\u00e7am na regulamenta\u00e7\u00e3o da produ\u00e7\u00e3o\",\"datePublished\":\"2025-02-08T17:27:43+00:00\",\"dateModified\":\"2025-02-08T17:29:31+00:00\",\"mainEntityOfPage\":{\"@id\":\"https:\\\/\\\/aconteceunovale.com.br\\\/portal\\\/?p=197353\"},\"wordCount\":628,\"commentCount\":0,\"image\":{\"@id\":\"https:\\\/\\\/aconteceunovale.com.br\\\/portal\\\/?p=197353#primaryimage\"},\"thumbnailUrl\":\"https:\\\/\\\/aconteceunovale.com.br\\\/portal\\\/wp-content\\\/uploads\\\/2025\\\/02\\\/queijo_cabacinha.png\",\"keywords\":[\"Associa\u00e7\u00e3o dos Produtores do Queijo Cabacinha do Vale do Jequitinhonha\",\"Cabacinha do Vale do Jequitinhonha\",\"Cachoeira do Pajeu\",\"Daneil Arantes Pereira\",\"destaque\",\"Emater-MG\",\"Epamig\",\"IFNMG\",\"Itaobim\",\"Jequitinhonha\",\"Jos\u00e9 Val\u00e9rio Filho\",\"Medina\",\"Pedra Azul\",\"Produtores de queijo Cabacinha do Vale do Jequitinhonha avan\u00e7am na regulamenta\u00e7\u00e3o da produ\u00e7\u00e3o\",\"Queijo artesanal Cabacinha\",\"Queijo Cabacinha do Vale do Jequitinhonha\",\"Regulamenta\u00e7\u00e3o do queijo Cabacinha\",\"UFMG\",\"UFSJ\"],\"articleSection\":[\"Vale do Jequitinhonha\"],\"inLanguage\":\"pt-BR\",\"potentialAction\":[{\"@type\":\"CommentAction\",\"name\":\"Comment\",\"target\":[\"https:\\\/\\\/aconteceunovale.com.br\\\/portal\\\/?p=197353#respond\"]}]},{\"@type\":\"WebPage\",\"@id\":\"https:\\\/\\\/aconteceunovale.com.br\\\/portal\\\/?p=197353\",\"url\":\"https:\\\/\\\/aconteceunovale.com.br\\\/portal\\\/?p=197353\",\"name\":\"Produtores de queijo Cabacinha do Vale do Jequitinhonha avan\u00e7am na regulamenta\u00e7\u00e3o da produ\u00e7\u00e3o - Aconteceu no Vale\",\"isPartOf\":{\"@id\":\"https:\\\/\\\/aconteceunovale.com.br\\\/portal\\\/#website\"},\"primaryImageOfPage\":{\"@id\":\"https:\\\/\\\/aconteceunovale.com.br\\\/portal\\\/?p=197353#primaryimage\"},\"image\":{\"@id\":\"https:\\\/\\\/aconteceunovale.com.br\\\/portal\\\/?p=197353#primaryimage\"},\"thumbnailUrl\":\"https:\\\/\\\/aconteceunovale.com.br\\\/portal\\\/wp-content\\\/uploads\\\/2025\\\/02\\\/queijo_cabacinha.png\",\"datePublished\":\"2025-02-08T17:27:43+00:00\",\"dateModified\":\"2025-02-08T17:29:31+00:00\",\"author\":{\"@id\":\"https:\\\/\\\/aconteceunovale.com.br\\\/portal\\\/#\\\/schema\\\/person\\\/7d2f26d1483f8a63de73da1ee0754d35\"},\"breadcrumb\":{\"@id\":\"https:\\\/\\\/aconteceunovale.com.br\\\/portal\\\/?p=197353#breadcrumb\"},\"inLanguage\":\"pt-BR\",\"potentialAction\":[{\"@type\":\"ReadAction\",\"target\":[\"https:\\\/\\\/aconteceunovale.com.br\\\/portal\\\/?p=197353\"]}]},{\"@type\":\"ImageObject\",\"inLanguage\":\"pt-BR\",\"@id\":\"https:\\\/\\\/aconteceunovale.com.br\\\/portal\\\/?p=197353#primaryimage\",\"url\":\"https:\\\/\\\/aconteceunovale.com.br\\\/portal\\\/wp-content\\\/uploads\\\/2025\\\/02\\\/queijo_cabacinha.png\",\"contentUrl\":\"https:\\\/\\\/aconteceunovale.com.br\\\/portal\\\/wp-content\\\/uploads\\\/2025\\\/02\\\/queijo_cabacinha.png\",\"width\":666,\"height\":450,\"caption\":\"Foto: Igor Rocha\\\/Epamig\"},{\"@type\":\"BreadcrumbList\",\"@id\":\"https:\\\/\\\/aconteceunovale.com.br\\\/portal\\\/?p=197353#breadcrumb\",\"itemListElement\":[{\"@type\":\"ListItem\",\"position\":1,\"name\":\"In\u00edcio\",\"item\":\"https:\\\/\\\/aconteceunovale.com.br\\\/portal\\\/\"},{\"@type\":\"ListItem\",\"position\":2,\"name\":\"Produtores de queijo Cabacinha do Vale do Jequitinhonha avan\u00e7am na regulamenta\u00e7\u00e3o da produ\u00e7\u00e3o\"}]},{\"@type\":\"WebSite\",\"@id\":\"https:\\\/\\\/aconteceunovale.com.br\\\/portal\\\/#website\",\"url\":\"https:\\\/\\\/aconteceunovale.com.br\\\/portal\\\/\",\"name\":\"Aconteceu no Vale\",\"description\":\"Portal de Not\u00edcias\",\"potentialAction\":[{\"@type\":\"SearchAction\",\"target\":{\"@type\":\"EntryPoint\",\"urlTemplate\":\"https:\\\/\\\/aconteceunovale.com.br\\\/portal\\\/?s={search_term_string}\"},\"query-input\":{\"@type\":\"PropertyValueSpecification\",\"valueRequired\":true,\"valueName\":\"search_term_string\"}}],\"inLanguage\":\"pt-BR\"},{\"@type\":\"Person\",\"@id\":\"https:\\\/\\\/aconteceunovale.com.br\\\/portal\\\/#\\\/schema\\\/person\\\/7d2f26d1483f8a63de73da1ee0754d35\",\"name\":\"Reda\u00e7\u00e3o Aconteceu no Vale\",\"description\":\"Equipe de reportagem do Aconteceu no Vale, portal de not\u00edcias do Vale do Jequitinhonha, em Minas Gerais. Cobrimos as 51 cidades do Vale desde 2013. Sugest\u00f5es de pauta e pedidos de corre\u00e7\u00e3o: contato@aconteceunovale.com.br\",\"url\":\"https:\\\/\\\/aconteceunovale.com.br\\\/portal\\\/?author=4\"}]}<\/script>\n<!-- \/ Yoast SEO plugin. -->","yoast_head_json":{"title":"Produtores de queijo Cabacinha do Vale do Jequitinhonha avan\u00e7am na regulamenta\u00e7\u00e3o da produ\u00e7\u00e3o - Aconteceu no Vale","robots":{"index":"index","follow":"follow","max-snippet":"max-snippet:-1","max-image-preview":"max-image-preview:large","max-video-preview":"max-video-preview:-1"},"canonical":"https:\/\/aconteceunovale.com.br\/portal\/?p=197353","og_locale":"pt_BR","og_type":"article","og_title":"Produtores de queijo Cabacinha do Vale do Jequitinhonha avan\u00e7am na regulamenta\u00e7\u00e3o da produ\u00e7\u00e3o - Aconteceu no Vale","og_description":"Os produtores de queijo artesanal Cabacinha do Vale do Jequitinhonha est\u00e3o fortalecendo parcerias com institui\u00e7\u00f5es p\u00fablicas para regulamentar a fabrica\u00e7\u00e3o e a comercializa\u00e7\u00e3o do produto. Feito a partir do leite cru, o queijo \u00e9 um dos s\u00edmbolos da cultura e da gastronomia local. Para embasar o processo de regulamenta\u00e7\u00e3o, um estudo foi iniciado em 2021 [&hellip;]","og_url":"https:\/\/aconteceunovale.com.br\/portal\/?p=197353","og_site_name":"Aconteceu no Vale","article_publisher":"https:\/\/www.facebook.com\/aconteceunovale\/","article_published_time":"2025-02-08T17:27:43+00:00","article_modified_time":"2025-02-08T17:29:31+00:00","og_image":[{"width":666,"height":450,"url":"https:\/\/aconteceunovale.com.br\/portal\/wp-content\/uploads\/2025\/02\/queijo_cabacinha.png","type":"image\/png"}],"author":"Reda\u00e7\u00e3o Aconteceu no Vale","twitter_card":"summary_large_image","twitter_creator":"@noticiadosvales","twitter_site":"@noticiadosvales","twitter_misc":{"Escrito por":"Reda\u00e7\u00e3o Aconteceu no Vale","Est. tempo de leitura":"3 minutos"},"schema":{"@context":"https:\/\/schema.org","@graph":[{"@type":"Article","@id":"https:\/\/aconteceunovale.com.br\/portal\/?p=197353#article","isPartOf":{"@id":"https:\/\/aconteceunovale.com.br\/portal\/?p=197353"},"author":{"name":"Reda\u00e7\u00e3o Aconteceu no Vale","@id":"https:\/\/aconteceunovale.com.br\/portal\/#\/schema\/person\/7d2f26d1483f8a63de73da1ee0754d35"},"headline":"Produtores de queijo Cabacinha do Vale do Jequitinhonha avan\u00e7am na regulamenta\u00e7\u00e3o da produ\u00e7\u00e3o","datePublished":"2025-02-08T17:27:43+00:00","dateModified":"2025-02-08T17:29:31+00:00","mainEntityOfPage":{"@id":"https:\/\/aconteceunovale.com.br\/portal\/?p=197353"},"wordCount":628,"commentCount":0,"image":{"@id":"https:\/\/aconteceunovale.com.br\/portal\/?p=197353#primaryimage"},"thumbnailUrl":"https:\/\/aconteceunovale.com.br\/portal\/wp-content\/uploads\/2025\/02\/queijo_cabacinha.png","keywords":["Associa\u00e7\u00e3o dos Produtores do Queijo Cabacinha do Vale do Jequitinhonha","Cabacinha do Vale do Jequitinhonha","Cachoeira do Pajeu","Daneil Arantes Pereira","destaque","Emater-MG","Epamig","IFNMG","Itaobim","Jequitinhonha","Jos\u00e9 Val\u00e9rio Filho","Medina","Pedra Azul","Produtores de queijo Cabacinha do Vale do Jequitinhonha avan\u00e7am na regulamenta\u00e7\u00e3o da produ\u00e7\u00e3o","Queijo artesanal Cabacinha","Queijo Cabacinha do Vale do Jequitinhonha","Regulamenta\u00e7\u00e3o do queijo Cabacinha","UFMG","UFSJ"],"articleSection":["Vale do Jequitinhonha"],"inLanguage":"pt-BR","potentialAction":[{"@type":"CommentAction","name":"Comment","target":["https:\/\/aconteceunovale.com.br\/portal\/?p=197353#respond"]}]},{"@type":"WebPage","@id":"https:\/\/aconteceunovale.com.br\/portal\/?p=197353","url":"https:\/\/aconteceunovale.com.br\/portal\/?p=197353","name":"Produtores de queijo Cabacinha do Vale do Jequitinhonha avan\u00e7am na regulamenta\u00e7\u00e3o da produ\u00e7\u00e3o - Aconteceu no Vale","isPartOf":{"@id":"https:\/\/aconteceunovale.com.br\/portal\/#website"},"primaryImageOfPage":{"@id":"https:\/\/aconteceunovale.com.br\/portal\/?p=197353#primaryimage"},"image":{"@id":"https:\/\/aconteceunovale.com.br\/portal\/?p=197353#primaryimage"},"thumbnailUrl":"https:\/\/aconteceunovale.com.br\/portal\/wp-content\/uploads\/2025\/02\/queijo_cabacinha.png","datePublished":"2025-02-08T17:27:43+00:00","dateModified":"2025-02-08T17:29:31+00:00","author":{"@id":"https:\/\/aconteceunovale.com.br\/portal\/#\/schema\/person\/7d2f26d1483f8a63de73da1ee0754d35"},"breadcrumb":{"@id":"https:\/\/aconteceunovale.com.br\/portal\/?p=197353#breadcrumb"},"inLanguage":"pt-BR","potentialAction":[{"@type":"ReadAction","target":["https:\/\/aconteceunovale.com.br\/portal\/?p=197353"]}]},{"@type":"ImageObject","inLanguage":"pt-BR","@id":"https:\/\/aconteceunovale.com.br\/portal\/?p=197353#primaryimage","url":"https:\/\/aconteceunovale.com.br\/portal\/wp-content\/uploads\/2025\/02\/queijo_cabacinha.png","contentUrl":"https:\/\/aconteceunovale.com.br\/portal\/wp-content\/uploads\/2025\/02\/queijo_cabacinha.png","width":666,"height":450,"caption":"Foto: Igor Rocha\/Epamig"},{"@type":"BreadcrumbList","@id":"https:\/\/aconteceunovale.com.br\/portal\/?p=197353#breadcrumb","itemListElement":[{"@type":"ListItem","position":1,"name":"In\u00edcio","item":"https:\/\/aconteceunovale.com.br\/portal\/"},{"@type":"ListItem","position":2,"name":"Produtores de queijo Cabacinha do Vale do Jequitinhonha avan\u00e7am na regulamenta\u00e7\u00e3o da produ\u00e7\u00e3o"}]},{"@type":"WebSite","@id":"https:\/\/aconteceunovale.com.br\/portal\/#website","url":"https:\/\/aconteceunovale.com.br\/portal\/","name":"Aconteceu no Vale","description":"Portal de Not\u00edcias","potentialAction":[{"@type":"SearchAction","target":{"@type":"EntryPoint","urlTemplate":"https:\/\/aconteceunovale.com.br\/portal\/?s={search_term_string}"},"query-input":{"@type":"PropertyValueSpecification","valueRequired":true,"valueName":"search_term_string"}}],"inLanguage":"pt-BR"},{"@type":"Person","@id":"https:\/\/aconteceunovale.com.br\/portal\/#\/schema\/person\/7d2f26d1483f8a63de73da1ee0754d35","name":"Reda\u00e7\u00e3o Aconteceu no Vale","description":"Equipe de reportagem do Aconteceu no Vale, portal de not\u00edcias do Vale do Jequitinhonha, em Minas Gerais. Cobrimos as 51 cidades do Vale desde 2013. Sugest\u00f5es de pauta e pedidos de corre\u00e7\u00e3o: contato@aconteceunovale.com.br","url":"https:\/\/aconteceunovale.com.br\/portal\/?author=4"}]}},"_links":{"self":[{"href":"https:\/\/aconteceunovale.com.br\/portal\/index.php?rest_route=\/wp\/v2\/posts\/197353","targetHints":{"allow":["GET"]}}],"collection":[{"href":"https:\/\/aconteceunovale.com.br\/portal\/index.php?rest_route=\/wp\/v2\/posts"}],"about":[{"href":"https:\/\/aconteceunovale.com.br\/portal\/index.php?rest_route=\/wp\/v2\/types\/post"}],"author":[{"embeddable":true,"href":"https:\/\/aconteceunovale.com.br\/portal\/index.php?rest_route=\/wp\/v2\/users\/4"}],"replies":[{"embeddable":true,"href":"https:\/\/aconteceunovale.com.br\/portal\/index.php?rest_route=%2Fwp%2Fv2%2Fcomments&post=197353"}],"version-history":[{"count":1,"href":"https:\/\/aconteceunovale.com.br\/portal\/index.php?rest_route=\/wp\/v2\/posts\/197353\/revisions"}],"predecessor-version":[{"id":197355,"href":"https:\/\/aconteceunovale.com.br\/portal\/index.php?rest_route=\/wp\/v2\/posts\/197353\/revisions\/197355"}],"wp:featuredmedia":[{"embeddable":true,"href":"https:\/\/aconteceunovale.com.br\/portal\/index.php?rest_route=\/wp\/v2\/media\/197354"}],"wp:attachment":[{"href":"https:\/\/aconteceunovale.com.br\/portal\/index.php?rest_route=%2Fwp%2Fv2%2Fmedia&parent=197353"}],"wp:term":[{"taxonomy":"category","embeddable":true,"href":"https:\/\/aconteceunovale.com.br\/portal\/index.php?rest_route=%2Fwp%2Fv2%2Fcategories&post=197353"},{"taxonomy":"post_tag","embeddable":true,"href":"https:\/\/aconteceunovale.com.br\/portal\/index.php?rest_route=%2Fwp%2Fv2%2Ftags&post=197353"}],"curies":[{"name":"wp","href":"https:\/\/api.w.org\/{rel}","templated":true}]}}