{"id":19734,"date":"2014-01-29T19:32:29","date_gmt":"2014-01-29T21:32:29","guid":{"rendered":"http:\/\/aconteceunovale.com.br\/portal\/?p=19734"},"modified":"2014-01-29T19:32:29","modified_gmt":"2014-01-29T21:32:29","slug":"doze-cidades-mineiras-apresentam-alto-indice-de-infestacao-pela-dengue","status":"publish","type":"post","link":"https:\/\/aconteceunovale.com.br\/portal\/?p=19734","title":{"rendered":"Doze cidades mineiras apresentam alto \u00edndice de infesta\u00e7\u00e3o pela dengue"},"content":{"rendered":"<p>Minas Gerais est\u00e1 em alerta contra a dengue no in\u00edcio deste ano. Segundo os \u00faltimos dados divulgados pela Secretaria de Estado de Sa\u00fade (SES), 12 munic\u00edpios apresentam alto \u00edndice de infesta\u00e7\u00e3o do mosquito Aedes aegypti, transmissor da doen\u00e7a.<\/p>\n<p><img decoding=\"async\" src=\"http:\/\/aconteceunovale.com.br\/portal\/wp-content\/uploads\/2014\/01\/epidemia_dengue_minas.jpg\" alt=\"\" \/><br \/>\n<em><strong>No ano passado, mais de 350 mil contra\u00edram a dengue em MG, 16 vezes mais que em 2012.<\/strong><\/em><\/p>\n<p>Na ter\u00e7a-feira, foram divulgados os dados parciais do Levantamento R\u00e1pido do \u00cdndice de Infesta\u00e7\u00e3o por Aedes aegypt (LirAa). A pesquisa amostral aponta indicadores que permitem atuar no combate aos focos do mosquito. Em 2014, 135 cidades concordaram com a realiza\u00e7\u00e3o da pesquisa e, at\u00e9 o momento, 89 j\u00e1 encaminharam o resultado parar a SES. Todas os munic\u00edpios participantes devem enviar o documento \u00e0 Secretaria at\u00e9 a primeira quinzena de fevereiro.<\/p>\n<p>O LirAa gera indicadores que apontam a infesta\u00e7\u00e3o e dispers\u00e3o do mosquito em sua forma lav\u00e1ria, al\u00e9m de indicar dep\u00f3sitos em que as larvas foram encontradas com mais frequ\u00eancia em cada regi\u00e3o do munic\u00edpio. Segundo a coordenadora Estadual do Programa de Controle Permanente da Dengue da dengue da SES, Geane Andrade, o \u00cdndice de Infesta\u00e7\u00e3o Predial \u00e9 uma rela\u00e7\u00e3o do n\u00famero de im\u00f3veis positivos para o mosquito pelo n\u00famero de im\u00f3veis pesquisados. Ele \u00e9 considerado alto a partir de 4%, o que significa que a cada 100 im\u00f3veis, quatro s\u00e3o positivos para o mosquito. <\/p>\n<p>Curvelo, Brumadinho e Itabira, na Regi\u00e3o Central de Minas, Montes Claros e Bras\u00edlia de Minas, no Norte do estado, Governador Valadares e Santana do Para\u00edso, no Vale do Rio Doce, Bom Despacho, no Centro-Oeste, Ub\u00e1, na Zona da Mata, Ituiutaba, no Tri\u00e2ngulo Mineiro, Nepomuceno, no Sul de Minas, e Vespasiano, na Grande BH apresentaram \u00cdndice de Infesta\u00e7\u00e3o Predial acima de 4%. Neste m\u00eas, Itabira apresenta o valor mais alto do estado, 7,8%, duas vezes o par\u00e2metro estabelecido pelo estado. <\/p>\n<p><strong>Casos<\/strong><\/p>\n<p>De acordo com o \u00faltimo levantamento da SES, at\u00e9 a \u00faltima quarta-feira (22\/01), foram registrados 353.687 casos da doen\u00e7a, cerca de 16 vezes mais do que em 2012. Em 2014, ainda n\u00e3o foi contabilizada nenhuma morte por dengue, mas em 2013, 116 pessoas perderam a vida. Este \u00e9 o maior n\u00famero de \u00f3bitos nos \u00faltimos cinco anos.<\/p>\n<p>Confira as cidades onde foram registradas mortes decorrentes da dengue no ano de 2013:<\/p>\n<p>Uberaba (20), Uberl\u00e2ndia (3), Juiz de Fora (4), Mamonas (1), Carangola (2), Frei Gaspar (1), Buritizeiro (1), Ituiutaba (2), Ipanema (3), Te\u00f3filo Otoni (6), Cataguases (1), Pirapetinga (1), Pirapora (1), S\u00e3o Geraldo do Baixio (1), Montes Claros (3), S\u00e3o Jo\u00e3o da Ponte (1), Cl\u00e1udio (1), Carneirinho (1), Campos Altos (1), Contagem (3), Muria\u00e9 (3), Sete Lagoas (4), Sacramento (1), Aimor\u00e9s (1), Ita\u00fana (1), Belo Horizonte (8), Pedro Leopoldo (1), Santa Luzia (3), \u00c1guas Formosas (1), Santa Margarida (2), Carlos Chagas (2), Bocai\u00fava (1), Ubaporanga (1), Nova Serrana (1), Conquista (1), Itambacuri (1), Ponto Chique (1), Patos de Minas (1), Manhua\u00e7u (1), Monte Carmelo (1), Santo Ant\u00f4nio do Monte (1), Iturama (1), Al\u00e9m Para\u00edba (1), Santana do Para\u00edso (1), Divin\u00f3polis (2), Ribeir\u00e3o das Neves (1), Caetan\u00f3polis (1), Ipatinga (1), Piumhi (1), Ub\u00e1 (2), Itabira (1), Leandro Ferreira (1), Tabuleiro (1), Araguari (1), Manga (1), Tim\u00f3teo (1), Salinas (1), Central de Minas (1), Betim (1), Jo\u00e3o Monlevade (1) e Visconde do Rio Branco (1).<\/p>\n<p><em><strong>(Informa\u00e7\u00f5es dos Jornais Estado de Minas e O Tempo)<\/strong><\/em><\/p>\n","protected":false},"excerpt":{"rendered":"<p>Minas Gerais est\u00e1 em alerta contra a dengue no in\u00edcio deste ano. Segundo os \u00faltimos dados divulgados pela Secretaria de Estado de Sa\u00fade (SES), 12 munic\u00edpios apresentam alto \u00edndice de infesta\u00e7\u00e3o do mosquito Aedes aegypti, transmissor da doen\u00e7a. No ano passado, mais de 350 mil contra\u00edram a dengue em MG, 16 vezes mais que em [&hellip;]<\/p>\n","protected":false},"author":1,"featured_media":19735,"comment_status":"open","ping_status":"closed","sticky":false,"template":"","format":"standard","meta":{"amp_status":"","footnotes":""},"categories":[123],"tags":[1536,273,3677,1490,194,1495,645,1510,195,3679,1535,3675,1506,1501,1175,3678,1503,1671,965,1607,956,197,3672,199,3671,3136,247,1732,201,202,188,1512,203,1555,1102,206,1658,3673,1356,209,1520,210,1502,1639,1515,214,3065,1604,254,1783,1711,3674,1505,190,1498,1719,2101,964,318,2448,1532,1576,164,1105,219,331,220,221,1778,3676],"class_list":["post-19734","post","type-post","status-publish","format-standard","has-post-thumbnail","hentry","category-gerais","tag-aguas-formosas","tag-aimores","tag-alem-paraiba","tag-araguari","tag-belo-horizonte","tag-betim","tag-bocaiuva","tag-bom-despacho","tag-brasilia-de-minas","tag-brumadinho","tag-buritizeiro","tag-caetanopolis","tag-campos-altos","tag-carangola","tag-carlos-chagas","tag-carneirinho","tag-cataguases","tag-central-de-minas","tag-claudio","tag-conquista","tag-contagem","tag-curvelo","tag-dengue-em-minas-gerais","tag-divinopolis","tag-doze-cidades-mineiras-apresentam-alto-indice-de-infestacao-pela-dengue","tag-frei-gaspar","tag-governador-valadares","tag-ipanema","tag-ipatinga","tag-itabira","tag-itambacuri","tag-itauna","tag-ituiutaba","tag-iturama","tag-joao-monlevade","tag-juiz-de-fora","tag-leandro-ferreira","tag-mamonas","tag-manga","tag-manhuacu","tag-monte-carmelo","tag-montes-claros","tag-muriae","tag-nepomuceno","tag-nova-serrana","tag-patos-de-minas","tag-pedro-leopoldo","tag-pirapetinga","tag-pirapora","tag-piumhi","tag-ponto-chique","tag-ribeirao-das-neves","tag-sacramento","tag-salinas","tag-santa-luzia","tag-santa-margarida","tag-santana-do-paraiso","tag-santo-antonio-do-monte","tag-sao-geraldo-do-baixio","tag-sao-joao-da-ponte","tag-sete-lagoas","tag-tabuleiro","tag-teofilo-otoni","tag-timoteo","tag-uba","tag-ubaporanga","tag-uberaba","tag-uberlandia","tag-vespasiano","tag-visconde-do-rio-branco"],"_links":{"self":[{"href":"https:\/\/aconteceunovale.com.br\/portal\/index.php?rest_route=\/wp\/v2\/posts\/19734","targetHints":{"allow":["GET"]}}],"collection":[{"href":"https:\/\/aconteceunovale.com.br\/portal\/index.php?rest_route=\/wp\/v2\/posts"}],"about":[{"href":"https:\/\/aconteceunovale.com.br\/portal\/index.php?rest_route=\/wp\/v2\/types\/post"}],"author":[{"embeddable":true,"href":"https:\/\/aconteceunovale.com.br\/portal\/index.php?rest_route=\/wp\/v2\/users\/1"}],"replies":[{"embeddable":true,"href":"https:\/\/aconteceunovale.com.br\/portal\/index.php?rest_route=%2Fwp%2Fv2%2Fcomments&post=19734"}],"version-history":[{"count":0,"href":"https:\/\/aconteceunovale.com.br\/portal\/index.php?rest_route=\/wp\/v2\/posts\/19734\/revisions"}],"wp:featuredmedia":[{"embeddable":true,"href":"https:\/\/aconteceunovale.com.br\/portal\/index.php?rest_route=\/wp\/v2\/media\/19735"}],"wp:attachment":[{"href":"https:\/\/aconteceunovale.com.br\/portal\/index.php?rest_route=%2Fwp%2Fv2%2Fmedia&parent=19734"}],"wp:term":[{"taxonomy":"category","embeddable":true,"href":"https:\/\/aconteceunovale.com.br\/portal\/index.php?rest_route=%2Fwp%2Fv2%2Fcategories&post=19734"},{"taxonomy":"post_tag","embeddable":true,"href":"https:\/\/aconteceunovale.com.br\/portal\/index.php?rest_route=%2Fwp%2Fv2%2Ftags&post=19734"}],"curies":[{"name":"wp","href":"https:\/\/api.w.org\/{rel}","templated":true}]}}