{"id":197264,"date":"2025-02-07T13:15:41","date_gmt":"2025-02-07T16:15:41","guid":{"rendered":"https:\/\/aconteceunovale.com.br\/portal\/?p=197264"},"modified":"2025-02-07T13:16:16","modified_gmt":"2025-02-07T16:16:16","slug":"aeronave-com-deportados-dos-estados-unidos-chega-ao-brasil-nesta-sexta-feira","status":"publish","type":"post","link":"https:\/\/aconteceunovale.com.br\/portal\/?p=197264","title":{"rendered":"Aeronave com deportados dos Estados Unidos chega ao Brasil nesta sexta-feira"},"content":{"rendered":"\n<p class=\"wp-block-paragraph\">O segundo voo com brasileiros deportados pelo governo dos Estados Unidos, durante a gest\u00e3o do presidente Donald Trump, chegar\u00e1 a Fortaleza nesta sexta-feira (7\/2\/2025). A primeira remessa, composta por 88 brasileiros, desembarcou em Manaus no dia 24 de janeiro, gerando mal-estar diplom\u00e1tico, especialmente porque os passageiros viajaram algemados pelas autoridades norte-americanas.<\/p>\n\n\n\n<figure class=\"wp-block-gallery has-nested-images columns-default is-cropped wp-block-gallery-1 is-layout-flex wp-block-gallery-is-layout-flex\">\n<figure class=\"wp-block-image size-large\"><img loading=\"lazy\" decoding=\"async\" width=\"678\" height=\"406\" data-id=\"197265\" src=\"https:\/\/aconteceunovale.com.br\/portal\/wp-content\/uploads\/2025\/02\/deportados_br.png\" alt=\"\" class=\"wp-image-197265\" srcset=\"https:\/\/aconteceunovale.com.br\/portal\/wp-content\/uploads\/2025\/02\/deportados_br.png 678w, https:\/\/aconteceunovale.com.br\/portal\/wp-content\/uploads\/2025\/02\/deportados_br-300x180.png 300w\" sizes=\"auto, (max-width: 678px) 100vw, 678px\" \/><figcaption class=\"wp-element-caption\"><em>Foto: Ant\u00f4nio Lima\/Governo do Amazonas<\/em><\/figcaption><\/figure>\n<\/figure>\n\n\n\n<p class=\"wp-block-paragraph\">Na ocasi\u00e3o, ao tomar conhecimento de que cidad\u00e3os brasileiros estavam algemados na aeronave, o governo brasileiro determinou a imediata retirada das algemas. Em seguida, uma aeronave da For\u00e7a A\u00e9rea Brasileira (FAB) foi disponibilizada para transportar os deportados at\u00e9 seus destinos finais.<\/p>\n\n\n\n<p class=\"wp-block-paragraph\">Desde ent\u00e3o, o governo federal tem implementado medidas para garantir um acolhimento humanizado aos brasileiros repatriados dos Estados Unidos, oferecendo suporte imediato a todos eles.<\/p>\n\n\n\n<h2 class=\"wp-block-heading\">Acompanhamento<\/h2>\n\n\n\n<p class=\"wp-block-paragraph\">O voo que chegar\u00e1 nesta sexta-feira (7) ter\u00e1 um novo trajeto. Por determina\u00e7\u00e3o do presidente Luiz In\u00e1cio Lula da Silva, o embarque dos brasileiros, em Alexandria, no estado da Louisiana (EUA), ser\u00e1 acompanhado por um diplomata do Consulado-Geral do Brasil em Houston.<\/p>\n\n\n\n<p class=\"wp-block-paragraph\">A aeronave far\u00e1 uma escala t\u00e9cnica em Porto Rico antes de seguir para Fortaleza, com chegada prevista para a tarde de hoje, em hor\u00e1rio ainda n\u00e3o definido. Ap\u00f3s o desembarque, a For\u00e7a A\u00e9rea Brasileira (FAB) disponibilizar\u00e1 outra aeronave para transportar os repatriados at\u00e9 Belo Horizonte.<\/p>\n\n\n\n<p class=\"wp-block-paragraph\">\u201cO governo federal montar\u00e1, em Fortaleza e Belo Horizonte, um esquema de recep\u00e7\u00e3o e apoio, com base na experi\u00eancia adquirida nas opera\u00e7\u00f5es de repatria\u00e7\u00e3o anteriores. Nos dois aeroportos, a Pol\u00edcia Federal realizar\u00e1 uma opera\u00e7\u00e3o especial para os procedimentos migrat\u00f3rios e de seguran\u00e7a aeroportu\u00e1ria\u201d, informou o Itamaraty.<\/p>\n\n\n\n<h2 class=\"wp-block-heading\">Deporta\u00e7\u00e3o em massa<\/h2>\n\n\n\n<p class=\"wp-block-paragraph\">As opera\u00e7\u00f5es de deporta\u00e7\u00e3o em massa de imigrantes ilegais nos Estados Unidos come\u00e7aram poucos dias ap\u00f3s Donald Trump assumir a presid\u00eancia. No seu primeiro dia no cargo, ele assinou uma s\u00e9rie de ordens executivas com o objetivo de refor\u00e7ar a repress\u00e3o \u00e0 entrada de imigrantes ilegais no pa\u00eds.<\/p>\n","protected":false},"excerpt":{"rendered":"<p>O segundo voo com brasileiros deportados pelo governo dos Estados Unidos, durante a gest\u00e3o do presidente Donald Trump, chegar\u00e1 a Fortaleza nesta sexta-feira (7\/2\/2025). A primeira remessa, composta por 88 brasileiros, desembarcou em Manaus no dia 24 de janeiro, gerando mal-estar diplom\u00e1tico, especialmente porque os passageiros viajaram algemados pelas autoridades norte-americanas. Na ocasi\u00e3o, ao tomar [&hellip;]<\/p>\n","protected":false},"author":4,"featured_media":197265,"comment_status":"open","ping_status":"closed","sticky":false,"template":"","format":"standard","meta":{"amp_status":"","footnotes":""},"categories":[6,123,28848],"tags":[271585,105387,270377,270380,1018,79020,15469,50315,270462,270555,270376,270379,270378,270554],"class_list":["post-197264","post","type-post","status-publish","format-standard","has-post-thumbnail","hentry","category-br","category-gerais","category-mundo","tag-aeronave-com-deportados-dos-estados-unidos-chega-ao-brasil-nesta-sexta-feira","tag-deportacao","tag-deportacao-dos-estados-unidos","tag-deportacao-em-massa","tag-destaque","tag-donald-trump","tag-estados-unidos","tag-eua","tag-forca-aerea-transportara-deportados-dos-eua-para-minas-gerais","tag-governo-brasileiro-cobra-explicacoes-dos-eua-sobre-tratamento-degradante-a-deportados","tag-governo-trump-inicia-deportacoes-em-massa-de-imigrantes-em-situacao-irregular","tag-operacao-de-deportacao-em-massa-dos-estados-unidos","tag-trump-deportacao","tag-voo-da-fab-com-brasileiros-deportados-dos-estados-unidos-chega-a-minas-gerais"],"yoast_head":"<!-- This site is optimized with the Yoast SEO plugin v28.3 - https:\/\/yoast.com\/product\/yoast-seo-wordpress\/ -->\n<title>Aeronave com deportados dos Estados Unidos chega ao Brasil nesta sexta-feira - Aconteceu no Vale<\/title>\n<meta name=\"robots\" content=\"index, follow, max-snippet:-1, max-image-preview:large, max-video-preview:-1\" \/>\n<link rel=\"canonical\" href=\"https:\/\/aconteceunovale.com.br\/portal\/?p=197264\" \/>\n<meta property=\"og:locale\" content=\"pt_BR\" \/>\n<meta property=\"og:type\" content=\"article\" \/>\n<meta property=\"og:title\" content=\"Aeronave com deportados dos Estados Unidos chega ao Brasil nesta sexta-feira - Aconteceu no Vale\" \/>\n<meta property=\"og:description\" content=\"O segundo voo com brasileiros deportados pelo governo dos Estados Unidos, durante a gest\u00e3o do presidente Donald Trump, chegar\u00e1 a Fortaleza nesta sexta-feira (7\/2\/2025). A primeira remessa, composta por 88 brasileiros, desembarcou em Manaus no dia 24 de janeiro, gerando mal-estar diplom\u00e1tico, especialmente porque os passageiros viajaram algemados pelas autoridades norte-americanas. Na ocasi\u00e3o, ao tomar [&hellip;]\" \/>\n<meta property=\"og:url\" content=\"https:\/\/aconteceunovale.com.br\/portal\/?p=197264\" \/>\n<meta property=\"og:site_name\" content=\"Aconteceu no Vale\" \/>\n<meta property=\"article:publisher\" content=\"https:\/\/www.facebook.com\/aconteceunovale\/\" \/>\n<meta property=\"article:published_time\" content=\"2025-02-07T16:15:41+00:00\" \/>\n<meta property=\"article:modified_time\" content=\"2025-02-07T16:16:16+00:00\" \/>\n<meta property=\"og:image\" content=\"https:\/\/aconteceunovale.com.br\/portal\/wp-content\/uploads\/2025\/02\/deportados_br.png\" \/>\n\t<meta property=\"og:image:width\" content=\"678\" \/>\n\t<meta property=\"og:image:height\" content=\"406\" \/>\n\t<meta property=\"og:image:type\" content=\"image\/png\" \/>\n<meta name=\"author\" content=\"Reda\u00e7\u00e3o Aconteceu no Vale\" \/>\n<meta name=\"twitter:card\" content=\"summary_large_image\" \/>\n<meta name=\"twitter:creator\" content=\"@noticiadosvales\" \/>\n<meta name=\"twitter:site\" content=\"@noticiadosvales\" \/>\n<meta name=\"twitter:label1\" content=\"Escrito por\" \/>\n\t<meta name=\"twitter:data1\" content=\"Reda\u00e7\u00e3o Aconteceu no Vale\" \/>\n\t<meta name=\"twitter:label2\" content=\"Est. tempo de leitura\" \/>\n\t<meta name=\"twitter:data2\" content=\"2 minutos\" \/>\n<script type=\"application\/ld+json\" class=\"yoast-schema-graph\">{\"@context\":\"https:\\\/\\\/schema.org\",\"@graph\":[{\"@type\":\"Article\",\"@id\":\"https:\\\/\\\/aconteceunovale.com.br\\\/portal\\\/?p=197264#article\",\"isPartOf\":{\"@id\":\"https:\\\/\\\/aconteceunovale.com.br\\\/portal\\\/?p=197264\"},\"author\":{\"name\":\"Reda\u00e7\u00e3o Aconteceu no Vale\",\"@id\":\"https:\\\/\\\/aconteceunovale.com.br\\\/portal\\\/#\\\/schema\\\/person\\\/7d2f26d1483f8a63de73da1ee0754d35\"},\"headline\":\"Aeronave com deportados dos Estados Unidos chega ao Brasil nesta sexta-feira\",\"datePublished\":\"2025-02-07T16:15:41+00:00\",\"dateModified\":\"2025-02-07T16:16:16+00:00\",\"mainEntityOfPage\":{\"@id\":\"https:\\\/\\\/aconteceunovale.com.br\\\/portal\\\/?p=197264\"},\"wordCount\":349,\"commentCount\":0,\"image\":{\"@id\":\"https:\\\/\\\/aconteceunovale.com.br\\\/portal\\\/?p=197264#primaryimage\"},\"thumbnailUrl\":\"https:\\\/\\\/aconteceunovale.com.br\\\/portal\\\/wp-content\\\/uploads\\\/2025\\\/02\\\/deportados_br.png\",\"keywords\":[\"Aeronave com deportados dos Estados Unidos chega ao Brasil nesta sexta-feira\",\"deporta\u00e7\u00e3o\",\"Deporta\u00e7\u00e3o dos Estados Unidos\",\"Deporta\u00e7\u00e3o em massa\",\"destaque\",\"Donald Trump\",\"Estados Unidos\",\"EUA\",\"For\u00e7a A\u00e9rea transportar\u00e1 deportados dos EUA para Minas Gerais\",\"Governo brasileiro cobra explica\u00e7\u00f5es dos EUA sobre tratamento degradante a deportados\",\"Governo Trump inicia deporta\u00e7\u00f5es em massa de imigrantes em situa\u00e7\u00e3o irregular\",\"Opera\u00e7\u00e3o de deporta\u00e7\u00e3o em massa dos Estados Unidos\",\"Trump Deporta\u00e7\u00e3o\",\"Voo da FAB com brasileiros deportados dos Estados Unidos chega a Minas Gerais\"],\"articleSection\":[\"Brasil\",\"Minas Gerais\",\"Mundo\"],\"inLanguage\":\"pt-BR\",\"potentialAction\":[{\"@type\":\"CommentAction\",\"name\":\"Comment\",\"target\":[\"https:\\\/\\\/aconteceunovale.com.br\\\/portal\\\/?p=197264#respond\"]}]},{\"@type\":\"WebPage\",\"@id\":\"https:\\\/\\\/aconteceunovale.com.br\\\/portal\\\/?p=197264\",\"url\":\"https:\\\/\\\/aconteceunovale.com.br\\\/portal\\\/?p=197264\",\"name\":\"Aeronave com deportados dos Estados Unidos chega ao Brasil nesta sexta-feira - Aconteceu no Vale\",\"isPartOf\":{\"@id\":\"https:\\\/\\\/aconteceunovale.com.br\\\/portal\\\/#website\"},\"primaryImageOfPage\":{\"@id\":\"https:\\\/\\\/aconteceunovale.com.br\\\/portal\\\/?p=197264#primaryimage\"},\"image\":{\"@id\":\"https:\\\/\\\/aconteceunovale.com.br\\\/portal\\\/?p=197264#primaryimage\"},\"thumbnailUrl\":\"https:\\\/\\\/aconteceunovale.com.br\\\/portal\\\/wp-content\\\/uploads\\\/2025\\\/02\\\/deportados_br.png\",\"datePublished\":\"2025-02-07T16:15:41+00:00\",\"dateModified\":\"2025-02-07T16:16:16+00:00\",\"author\":{\"@id\":\"https:\\\/\\\/aconteceunovale.com.br\\\/portal\\\/#\\\/schema\\\/person\\\/7d2f26d1483f8a63de73da1ee0754d35\"},\"breadcrumb\":{\"@id\":\"https:\\\/\\\/aconteceunovale.com.br\\\/portal\\\/?p=197264#breadcrumb\"},\"inLanguage\":\"pt-BR\",\"potentialAction\":[{\"@type\":\"ReadAction\",\"target\":[\"https:\\\/\\\/aconteceunovale.com.br\\\/portal\\\/?p=197264\"]}]},{\"@type\":\"ImageObject\",\"inLanguage\":\"pt-BR\",\"@id\":\"https:\\\/\\\/aconteceunovale.com.br\\\/portal\\\/?p=197264#primaryimage\",\"url\":\"https:\\\/\\\/aconteceunovale.com.br\\\/portal\\\/wp-content\\\/uploads\\\/2025\\\/02\\\/deportados_br.png\",\"contentUrl\":\"https:\\\/\\\/aconteceunovale.com.br\\\/portal\\\/wp-content\\\/uploads\\\/2025\\\/02\\\/deportados_br.png\",\"width\":678,\"height\":406,\"caption\":\"Foto: Ant\u00f4nio Lima\\\/Governo do Amazonas\"},{\"@type\":\"BreadcrumbList\",\"@id\":\"https:\\\/\\\/aconteceunovale.com.br\\\/portal\\\/?p=197264#breadcrumb\",\"itemListElement\":[{\"@type\":\"ListItem\",\"position\":1,\"name\":\"In\u00edcio\",\"item\":\"https:\\\/\\\/aconteceunovale.com.br\\\/portal\\\/\"},{\"@type\":\"ListItem\",\"position\":2,\"name\":\"Aeronave com deportados dos Estados Unidos chega ao Brasil nesta sexta-feira\"}]},{\"@type\":\"WebSite\",\"@id\":\"https:\\\/\\\/aconteceunovale.com.br\\\/portal\\\/#website\",\"url\":\"https:\\\/\\\/aconteceunovale.com.br\\\/portal\\\/\",\"name\":\"Aconteceu no Vale\",\"description\":\"Portal de Not\u00edcias\",\"potentialAction\":[{\"@type\":\"SearchAction\",\"target\":{\"@type\":\"EntryPoint\",\"urlTemplate\":\"https:\\\/\\\/aconteceunovale.com.br\\\/portal\\\/?s={search_term_string}\"},\"query-input\":{\"@type\":\"PropertyValueSpecification\",\"valueRequired\":true,\"valueName\":\"search_term_string\"}}],\"inLanguage\":\"pt-BR\"},{\"@type\":\"Person\",\"@id\":\"https:\\\/\\\/aconteceunovale.com.br\\\/portal\\\/#\\\/schema\\\/person\\\/7d2f26d1483f8a63de73da1ee0754d35\",\"name\":\"Reda\u00e7\u00e3o Aconteceu no Vale\",\"description\":\"Equipe de reportagem do Aconteceu no Vale, portal de not\u00edcias do Vale do Jequitinhonha, em Minas Gerais. Cobrimos as 51 cidades do Vale desde 2013. Sugest\u00f5es de pauta e pedidos de corre\u00e7\u00e3o: contato@aconteceunovale.com.br\",\"url\":\"https:\\\/\\\/aconteceunovale.com.br\\\/portal\\\/?author=4\"}]}<\/script>\n<!-- \/ Yoast SEO plugin. -->","yoast_head_json":{"title":"Aeronave com deportados dos Estados Unidos chega ao Brasil nesta sexta-feira - Aconteceu no Vale","robots":{"index":"index","follow":"follow","max-snippet":"max-snippet:-1","max-image-preview":"max-image-preview:large","max-video-preview":"max-video-preview:-1"},"canonical":"https:\/\/aconteceunovale.com.br\/portal\/?p=197264","og_locale":"pt_BR","og_type":"article","og_title":"Aeronave com deportados dos Estados Unidos chega ao Brasil nesta sexta-feira - Aconteceu no Vale","og_description":"O segundo voo com brasileiros deportados pelo governo dos Estados Unidos, durante a gest\u00e3o do presidente Donald Trump, chegar\u00e1 a Fortaleza nesta sexta-feira (7\/2\/2025). A primeira remessa, composta por 88 brasileiros, desembarcou em Manaus no dia 24 de janeiro, gerando mal-estar diplom\u00e1tico, especialmente porque os passageiros viajaram algemados pelas autoridades norte-americanas. Na ocasi\u00e3o, ao tomar [&hellip;]","og_url":"https:\/\/aconteceunovale.com.br\/portal\/?p=197264","og_site_name":"Aconteceu no Vale","article_publisher":"https:\/\/www.facebook.com\/aconteceunovale\/","article_published_time":"2025-02-07T16:15:41+00:00","article_modified_time":"2025-02-07T16:16:16+00:00","og_image":[{"width":678,"height":406,"url":"https:\/\/aconteceunovale.com.br\/portal\/wp-content\/uploads\/2025\/02\/deportados_br.png","type":"image\/png"}],"author":"Reda\u00e7\u00e3o Aconteceu no Vale","twitter_card":"summary_large_image","twitter_creator":"@noticiadosvales","twitter_site":"@noticiadosvales","twitter_misc":{"Escrito por":"Reda\u00e7\u00e3o Aconteceu no Vale","Est. tempo de leitura":"2 minutos"},"schema":{"@context":"https:\/\/schema.org","@graph":[{"@type":"Article","@id":"https:\/\/aconteceunovale.com.br\/portal\/?p=197264#article","isPartOf":{"@id":"https:\/\/aconteceunovale.com.br\/portal\/?p=197264"},"author":{"name":"Reda\u00e7\u00e3o Aconteceu no Vale","@id":"https:\/\/aconteceunovale.com.br\/portal\/#\/schema\/person\/7d2f26d1483f8a63de73da1ee0754d35"},"headline":"Aeronave com deportados dos Estados Unidos chega ao Brasil nesta sexta-feira","datePublished":"2025-02-07T16:15:41+00:00","dateModified":"2025-02-07T16:16:16+00:00","mainEntityOfPage":{"@id":"https:\/\/aconteceunovale.com.br\/portal\/?p=197264"},"wordCount":349,"commentCount":0,"image":{"@id":"https:\/\/aconteceunovale.com.br\/portal\/?p=197264#primaryimage"},"thumbnailUrl":"https:\/\/aconteceunovale.com.br\/portal\/wp-content\/uploads\/2025\/02\/deportados_br.png","keywords":["Aeronave com deportados dos Estados Unidos chega ao Brasil nesta sexta-feira","deporta\u00e7\u00e3o","Deporta\u00e7\u00e3o dos Estados Unidos","Deporta\u00e7\u00e3o em massa","destaque","Donald Trump","Estados Unidos","EUA","For\u00e7a A\u00e9rea transportar\u00e1 deportados dos EUA para Minas Gerais","Governo brasileiro cobra explica\u00e7\u00f5es dos EUA sobre tratamento degradante a deportados","Governo Trump inicia deporta\u00e7\u00f5es em massa de imigrantes em situa\u00e7\u00e3o irregular","Opera\u00e7\u00e3o de deporta\u00e7\u00e3o em massa dos Estados Unidos","Trump Deporta\u00e7\u00e3o","Voo da FAB com brasileiros deportados dos Estados Unidos chega a Minas Gerais"],"articleSection":["Brasil","Minas Gerais","Mundo"],"inLanguage":"pt-BR","potentialAction":[{"@type":"CommentAction","name":"Comment","target":["https:\/\/aconteceunovale.com.br\/portal\/?p=197264#respond"]}]},{"@type":"WebPage","@id":"https:\/\/aconteceunovale.com.br\/portal\/?p=197264","url":"https:\/\/aconteceunovale.com.br\/portal\/?p=197264","name":"Aeronave com deportados dos Estados Unidos chega ao Brasil nesta sexta-feira - Aconteceu no Vale","isPartOf":{"@id":"https:\/\/aconteceunovale.com.br\/portal\/#website"},"primaryImageOfPage":{"@id":"https:\/\/aconteceunovale.com.br\/portal\/?p=197264#primaryimage"},"image":{"@id":"https:\/\/aconteceunovale.com.br\/portal\/?p=197264#primaryimage"},"thumbnailUrl":"https:\/\/aconteceunovale.com.br\/portal\/wp-content\/uploads\/2025\/02\/deportados_br.png","datePublished":"2025-02-07T16:15:41+00:00","dateModified":"2025-02-07T16:16:16+00:00","author":{"@id":"https:\/\/aconteceunovale.com.br\/portal\/#\/schema\/person\/7d2f26d1483f8a63de73da1ee0754d35"},"breadcrumb":{"@id":"https:\/\/aconteceunovale.com.br\/portal\/?p=197264#breadcrumb"},"inLanguage":"pt-BR","potentialAction":[{"@type":"ReadAction","target":["https:\/\/aconteceunovale.com.br\/portal\/?p=197264"]}]},{"@type":"ImageObject","inLanguage":"pt-BR","@id":"https:\/\/aconteceunovale.com.br\/portal\/?p=197264#primaryimage","url":"https:\/\/aconteceunovale.com.br\/portal\/wp-content\/uploads\/2025\/02\/deportados_br.png","contentUrl":"https:\/\/aconteceunovale.com.br\/portal\/wp-content\/uploads\/2025\/02\/deportados_br.png","width":678,"height":406,"caption":"Foto: Ant\u00f4nio Lima\/Governo do Amazonas"},{"@type":"BreadcrumbList","@id":"https:\/\/aconteceunovale.com.br\/portal\/?p=197264#breadcrumb","itemListElement":[{"@type":"ListItem","position":1,"name":"In\u00edcio","item":"https:\/\/aconteceunovale.com.br\/portal\/"},{"@type":"ListItem","position":2,"name":"Aeronave com deportados dos Estados Unidos chega ao Brasil nesta sexta-feira"}]},{"@type":"WebSite","@id":"https:\/\/aconteceunovale.com.br\/portal\/#website","url":"https:\/\/aconteceunovale.com.br\/portal\/","name":"Aconteceu no Vale","description":"Portal de Not\u00edcias","potentialAction":[{"@type":"SearchAction","target":{"@type":"EntryPoint","urlTemplate":"https:\/\/aconteceunovale.com.br\/portal\/?s={search_term_string}"},"query-input":{"@type":"PropertyValueSpecification","valueRequired":true,"valueName":"search_term_string"}}],"inLanguage":"pt-BR"},{"@type":"Person","@id":"https:\/\/aconteceunovale.com.br\/portal\/#\/schema\/person\/7d2f26d1483f8a63de73da1ee0754d35","name":"Reda\u00e7\u00e3o Aconteceu no Vale","description":"Equipe de reportagem do Aconteceu no Vale, portal de not\u00edcias do Vale do Jequitinhonha, em Minas Gerais. Cobrimos as 51 cidades do Vale desde 2013. Sugest\u00f5es de pauta e pedidos de corre\u00e7\u00e3o: contato@aconteceunovale.com.br","url":"https:\/\/aconteceunovale.com.br\/portal\/?author=4"}]}},"_links":{"self":[{"href":"https:\/\/aconteceunovale.com.br\/portal\/index.php?rest_route=\/wp\/v2\/posts\/197264","targetHints":{"allow":["GET"]}}],"collection":[{"href":"https:\/\/aconteceunovale.com.br\/portal\/index.php?rest_route=\/wp\/v2\/posts"}],"about":[{"href":"https:\/\/aconteceunovale.com.br\/portal\/index.php?rest_route=\/wp\/v2\/types\/post"}],"author":[{"embeddable":true,"href":"https:\/\/aconteceunovale.com.br\/portal\/index.php?rest_route=\/wp\/v2\/users\/4"}],"replies":[{"embeddable":true,"href":"https:\/\/aconteceunovale.com.br\/portal\/index.php?rest_route=%2Fwp%2Fv2%2Fcomments&post=197264"}],"version-history":[{"count":1,"href":"https:\/\/aconteceunovale.com.br\/portal\/index.php?rest_route=\/wp\/v2\/posts\/197264\/revisions"}],"predecessor-version":[{"id":197266,"href":"https:\/\/aconteceunovale.com.br\/portal\/index.php?rest_route=\/wp\/v2\/posts\/197264\/revisions\/197266"}],"wp:featuredmedia":[{"embeddable":true,"href":"https:\/\/aconteceunovale.com.br\/portal\/index.php?rest_route=\/wp\/v2\/media\/197265"}],"wp:attachment":[{"href":"https:\/\/aconteceunovale.com.br\/portal\/index.php?rest_route=%2Fwp%2Fv2%2Fmedia&parent=197264"}],"wp:term":[{"taxonomy":"category","embeddable":true,"href":"https:\/\/aconteceunovale.com.br\/portal\/index.php?rest_route=%2Fwp%2Fv2%2Fcategories&post=197264"},{"taxonomy":"post_tag","embeddable":true,"href":"https:\/\/aconteceunovale.com.br\/portal\/index.php?rest_route=%2Fwp%2Fv2%2Ftags&post=197264"}],"curies":[{"name":"wp","href":"https:\/\/api.w.org\/{rel}","templated":true}]}}