{"id":197258,"date":"2025-02-07T12:04:55","date_gmt":"2025-02-07T15:04:55","guid":{"rendered":"https:\/\/aconteceunovale.com.br\/portal\/?p=197258"},"modified":"2025-02-07T12:59:34","modified_gmt":"2025-02-07T15:59:34","slug":"policial-penal-morre-em-acidente-no-vale-do-mucuri","status":"publish","type":"post","link":"https:\/\/aconteceunovale.com.br\/portal\/?p=197258","title":{"rendered":"Policial penal morre em acidente no Vale do Mucuri"},"content":{"rendered":"\n<p class=\"wp-block-paragraph\">Um policial penal, identificado como Eduardo Batista Braga Santos, de 27 anos, faleceu ap\u00f3s um acidente na rodovia MGC-418, na tarde de quinta-feira (6\/2\/2025). Ele perdeu o controle da motocicleta que pilotava e caiu de uma ponte, pr\u00f3ximo ao trevo de acesso \u00e0 cidade de Atal\u00e9ia, no Vale do Mucuri.<\/p>\n\n\n\n<figure class=\"wp-block-gallery has-nested-images columns-default is-cropped wp-block-gallery-1 is-layout-flex wp-block-gallery-is-layout-flex\">\n<figure class=\"wp-block-image size-large\"><img loading=\"lazy\" decoding=\"async\" width=\"678\" height=\"388\" data-id=\"197259\" src=\"https:\/\/aconteceunovale.com.br\/portal\/wp-content\/uploads\/2025\/02\/acidente_teo_1_moto_1.png\" alt=\"\" class=\"wp-image-197259\" srcset=\"https:\/\/aconteceunovale.com.br\/portal\/wp-content\/uploads\/2025\/02\/acidente_teo_1_moto_1.png 678w, https:\/\/aconteceunovale.com.br\/portal\/wp-content\/uploads\/2025\/02\/acidente_teo_1_moto_1-300x172.png 300w\" sizes=\"auto, (max-width: 678px) 100vw, 678px\" \/><figcaption class=\"wp-element-caption\"><em>Local do acidente &#8211; Foto: Reprodu\u00e7\u00e3o \/ Redes Sociais<\/em><\/figcaption><\/figure>\n<\/figure>\n\n\n\n<p class=\"wp-block-paragraph\">De acordo com a Pol\u00edcia Militar Rodovi\u00e1ria de Minas Gerais, a v\u00edtima, natural de Almenara, conduzia uma moto Honda Bros no sentido Te\u00f3filo Otoni\/Carlos Chagas. No quil\u00f4metro 132, no trecho conhecido como &#8220;Ponte Torta&#8221;,perdeu o controle da dire\u00e7\u00e3o, atravessou a curva e caiu da estrutura.<\/p>\n\n\n\n<p class=\"wp-block-paragraph\">O boletim de ocorr\u00eancia revelou que o trecho da rodovia apresentava res\u00edduos de brita asf\u00e1ltica, o que pode ter contribu\u00eddo para a queda. Al\u00e9m disso, marcas de frenagem foram registradas na pista.<\/p>\n\n\n\n<p class=\"wp-block-paragraph\">A per\u00edcia da Pol\u00edcia Civil de Minas Gerais (PCMG) esteve no local e procedeu com a remo\u00e7\u00e3o do corpo. Eduardo Braga Santos era policial penal do estado e trabalhava no Pres\u00eddio de Jequitinhonha, localizado no munic\u00edpio de mesmo nome.<\/p>\n\n\n\n<p class=\"wp-block-paragraph\">Informa\u00e7\u00f5es adicionais indicam que o policial seguia para Nanuque, onde faria uma visita \u00e0 namorada. O Servi\u00e7o de Atendimento M\u00f3vel de Urg\u00eancia (SAMU) constatou que a v\u00edtima bateu a cabe\u00e7a em uma pedra no momento da queda, o que pode ter sido fatal.<\/p>\n","protected":false},"excerpt":{"rendered":"<p>Um policial penal, identificado como Eduardo Batista Braga Santos, de 27 anos, faleceu ap\u00f3s um acidente na rodovia MGC-418, na tarde de quinta-feira (6\/2\/2025). Ele perdeu o controle da motocicleta que pilotava e caiu de uma ponte, pr\u00f3ximo ao trevo de acesso \u00e0 cidade de Atal\u00e9ia, no Vale do Mucuri. De acordo com a Pol\u00edcia [&hellip;]<\/p>\n","protected":false},"author":4,"featured_media":197260,"comment_status":"open","ping_status":"closed","sticky":false,"template":"","format":"standard","meta":{"amp_status":"","footnotes":""},"categories":[122],"tags":[13880,200256,271584,1018,34252,238538,271582,271583,198856,164],"class_list":["post-197258","post","type-post","status-publish","format-standard","has-post-thumbnail","hentry","category-mucuri","tag-acidente-em-teofilo-otoni","tag-acidente-na-estrada-do-boi","tag-acidente-na-ponte-torta","tag-destaque","tag-jequitinhonha","tag-mgc-418","tag-policial-penal-morre-em-acidente-no-vale-do-mucuri","tag-ponte-torta","tag-presidio-de-jequitinhonha","tag-teofilo-otoni"],"yoast_head":"<!-- This site is optimized with the Yoast SEO plugin v28.3 - https:\/\/yoast.com\/product\/yoast-seo-wordpress\/ -->\n<title>Policial penal morre em acidente no Vale do Mucuri - Aconteceu no Vale<\/title>\n<meta name=\"robots\" content=\"index, follow, max-snippet:-1, max-image-preview:large, max-video-preview:-1\" \/>\n<link rel=\"canonical\" href=\"https:\/\/aconteceunovale.com.br\/portal\/?p=197258\" \/>\n<meta property=\"og:locale\" content=\"pt_BR\" \/>\n<meta property=\"og:type\" content=\"article\" \/>\n<meta property=\"og:title\" content=\"Policial penal morre em acidente no Vale do Mucuri - Aconteceu no Vale\" \/>\n<meta property=\"og:description\" content=\"Um policial penal, identificado como Eduardo Batista Braga Santos, de 27 anos, faleceu ap\u00f3s um acidente na rodovia MGC-418, na tarde de quinta-feira (6\/2\/2025). Ele perdeu o controle da motocicleta que pilotava e caiu de uma ponte, pr\u00f3ximo ao trevo de acesso \u00e0 cidade de Atal\u00e9ia, no Vale do Mucuri. De acordo com a Pol\u00edcia [&hellip;]\" \/>\n<meta property=\"og:url\" content=\"https:\/\/aconteceunovale.com.br\/portal\/?p=197258\" \/>\n<meta property=\"og:site_name\" content=\"Aconteceu no Vale\" \/>\n<meta property=\"article:publisher\" content=\"https:\/\/www.facebook.com\/aconteceunovale\/\" \/>\n<meta property=\"article:published_time\" content=\"2025-02-07T15:04:55+00:00\" \/>\n<meta property=\"article:modified_time\" content=\"2025-02-07T15:59:34+00:00\" \/>\n<meta property=\"og:image\" content=\"https:\/\/aconteceunovale.com.br\/portal\/wp-content\/uploads\/2025\/02\/acidente_teo_1_moto_2.png\" \/>\n\t<meta property=\"og:image:width\" content=\"598\" \/>\n\t<meta property=\"og:image:height\" content=\"401\" \/>\n\t<meta property=\"og:image:type\" content=\"image\/png\" \/>\n<meta name=\"author\" content=\"Reda\u00e7\u00e3o Aconteceu no Vale\" \/>\n<meta name=\"twitter:card\" content=\"summary_large_image\" \/>\n<meta name=\"twitter:creator\" content=\"@noticiadosvales\" \/>\n<meta name=\"twitter:site\" content=\"@noticiadosvales\" \/>\n<meta name=\"twitter:label1\" content=\"Escrito por\" \/>\n\t<meta name=\"twitter:data1\" content=\"Reda\u00e7\u00e3o Aconteceu no Vale\" \/>\n\t<meta name=\"twitter:label2\" content=\"Est. tempo de leitura\" \/>\n\t<meta name=\"twitter:data2\" content=\"1 minuto\" \/>\n<script type=\"application\/ld+json\" class=\"yoast-schema-graph\">{\"@context\":\"https:\\\/\\\/schema.org\",\"@graph\":[{\"@type\":\"Article\",\"@id\":\"https:\\\/\\\/aconteceunovale.com.br\\\/portal\\\/?p=197258#article\",\"isPartOf\":{\"@id\":\"https:\\\/\\\/aconteceunovale.com.br\\\/portal\\\/?p=197258\"},\"author\":{\"name\":\"Reda\u00e7\u00e3o Aconteceu no Vale\",\"@id\":\"https:\\\/\\\/aconteceunovale.com.br\\\/portal\\\/#\\\/schema\\\/person\\\/7d2f26d1483f8a63de73da1ee0754d35\"},\"headline\":\"Policial penal morre em acidente no Vale do Mucuri\",\"datePublished\":\"2025-02-07T15:04:55+00:00\",\"dateModified\":\"2025-02-07T15:59:34+00:00\",\"mainEntityOfPage\":{\"@id\":\"https:\\\/\\\/aconteceunovale.com.br\\\/portal\\\/?p=197258\"},\"wordCount\":249,\"commentCount\":0,\"image\":{\"@id\":\"https:\\\/\\\/aconteceunovale.com.br\\\/portal\\\/?p=197258#primaryimage\"},\"thumbnailUrl\":\"https:\\\/\\\/aconteceunovale.com.br\\\/portal\\\/wp-content\\\/uploads\\\/2025\\\/02\\\/acidente_teo_1_moto_2.png\",\"keywords\":[\"acidente em Te\u00f3filo Otoni\",\"Acidente na Estrada do Boi\",\"Acidente na Ponte Torta\",\"destaque\",\"Jequitinhonha\",\"MGC-418\",\"Policial penal morre em acidente no Vale do Mucuri\",\"Ponte Torta\",\"Pres\u00eddio de Jequitinhonha\",\"Te\u00f3filo Otoni\"],\"articleSection\":[\"Vale do Mucuri\"],\"inLanguage\":\"pt-BR\",\"potentialAction\":[{\"@type\":\"CommentAction\",\"name\":\"Comment\",\"target\":[\"https:\\\/\\\/aconteceunovale.com.br\\\/portal\\\/?p=197258#respond\"]}]},{\"@type\":\"WebPage\",\"@id\":\"https:\\\/\\\/aconteceunovale.com.br\\\/portal\\\/?p=197258\",\"url\":\"https:\\\/\\\/aconteceunovale.com.br\\\/portal\\\/?p=197258\",\"name\":\"Policial penal morre em acidente no Vale do Mucuri - Aconteceu no Vale\",\"isPartOf\":{\"@id\":\"https:\\\/\\\/aconteceunovale.com.br\\\/portal\\\/#website\"},\"primaryImageOfPage\":{\"@id\":\"https:\\\/\\\/aconteceunovale.com.br\\\/portal\\\/?p=197258#primaryimage\"},\"image\":{\"@id\":\"https:\\\/\\\/aconteceunovale.com.br\\\/portal\\\/?p=197258#primaryimage\"},\"thumbnailUrl\":\"https:\\\/\\\/aconteceunovale.com.br\\\/portal\\\/wp-content\\\/uploads\\\/2025\\\/02\\\/acidente_teo_1_moto_2.png\",\"datePublished\":\"2025-02-07T15:04:55+00:00\",\"dateModified\":\"2025-02-07T15:59:34+00:00\",\"author\":{\"@id\":\"https:\\\/\\\/aconteceunovale.com.br\\\/portal\\\/#\\\/schema\\\/person\\\/7d2f26d1483f8a63de73da1ee0754d35\"},\"breadcrumb\":{\"@id\":\"https:\\\/\\\/aconteceunovale.com.br\\\/portal\\\/?p=197258#breadcrumb\"},\"inLanguage\":\"pt-BR\",\"potentialAction\":[{\"@type\":\"ReadAction\",\"target\":[\"https:\\\/\\\/aconteceunovale.com.br\\\/portal\\\/?p=197258\"]}]},{\"@type\":\"ImageObject\",\"inLanguage\":\"pt-BR\",\"@id\":\"https:\\\/\\\/aconteceunovale.com.br\\\/portal\\\/?p=197258#primaryimage\",\"url\":\"https:\\\/\\\/aconteceunovale.com.br\\\/portal\\\/wp-content\\\/uploads\\\/2025\\\/02\\\/acidente_teo_1_moto_2.png\",\"contentUrl\":\"https:\\\/\\\/aconteceunovale.com.br\\\/portal\\\/wp-content\\\/uploads\\\/2025\\\/02\\\/acidente_teo_1_moto_2.png\",\"width\":598,\"height\":401},{\"@type\":\"BreadcrumbList\",\"@id\":\"https:\\\/\\\/aconteceunovale.com.br\\\/portal\\\/?p=197258#breadcrumb\",\"itemListElement\":[{\"@type\":\"ListItem\",\"position\":1,\"name\":\"In\u00edcio\",\"item\":\"https:\\\/\\\/aconteceunovale.com.br\\\/portal\\\/\"},{\"@type\":\"ListItem\",\"position\":2,\"name\":\"Policial penal morre em acidente no Vale do Mucuri\"}]},{\"@type\":\"WebSite\",\"@id\":\"https:\\\/\\\/aconteceunovale.com.br\\\/portal\\\/#website\",\"url\":\"https:\\\/\\\/aconteceunovale.com.br\\\/portal\\\/\",\"name\":\"Aconteceu no Vale\",\"description\":\"Portal de Not\u00edcias\",\"potentialAction\":[{\"@type\":\"SearchAction\",\"target\":{\"@type\":\"EntryPoint\",\"urlTemplate\":\"https:\\\/\\\/aconteceunovale.com.br\\\/portal\\\/?s={search_term_string}\"},\"query-input\":{\"@type\":\"PropertyValueSpecification\",\"valueRequired\":true,\"valueName\":\"search_term_string\"}}],\"inLanguage\":\"pt-BR\"},{\"@type\":\"Person\",\"@id\":\"https:\\\/\\\/aconteceunovale.com.br\\\/portal\\\/#\\\/schema\\\/person\\\/7d2f26d1483f8a63de73da1ee0754d35\",\"name\":\"Reda\u00e7\u00e3o Aconteceu no Vale\",\"description\":\"Equipe de reportagem do Aconteceu no Vale, portal de not\u00edcias do Vale do Jequitinhonha, em Minas Gerais. Cobrimos as 51 cidades do Vale desde 2013. Sugest\u00f5es de pauta e pedidos de corre\u00e7\u00e3o: contato@aconteceunovale.com.br\",\"url\":\"https:\\\/\\\/aconteceunovale.com.br\\\/portal\\\/?author=4\"}]}<\/script>\n<!-- \/ Yoast SEO plugin. -->","yoast_head_json":{"title":"Policial penal morre em acidente no Vale do Mucuri - Aconteceu no Vale","robots":{"index":"index","follow":"follow","max-snippet":"max-snippet:-1","max-image-preview":"max-image-preview:large","max-video-preview":"max-video-preview:-1"},"canonical":"https:\/\/aconteceunovale.com.br\/portal\/?p=197258","og_locale":"pt_BR","og_type":"article","og_title":"Policial penal morre em acidente no Vale do Mucuri - Aconteceu no Vale","og_description":"Um policial penal, identificado como Eduardo Batista Braga Santos, de 27 anos, faleceu ap\u00f3s um acidente na rodovia MGC-418, na tarde de quinta-feira (6\/2\/2025). Ele perdeu o controle da motocicleta que pilotava e caiu de uma ponte, pr\u00f3ximo ao trevo de acesso \u00e0 cidade de Atal\u00e9ia, no Vale do Mucuri. De acordo com a Pol\u00edcia [&hellip;]","og_url":"https:\/\/aconteceunovale.com.br\/portal\/?p=197258","og_site_name":"Aconteceu no Vale","article_publisher":"https:\/\/www.facebook.com\/aconteceunovale\/","article_published_time":"2025-02-07T15:04:55+00:00","article_modified_time":"2025-02-07T15:59:34+00:00","og_image":[{"width":598,"height":401,"url":"https:\/\/aconteceunovale.com.br\/portal\/wp-content\/uploads\/2025\/02\/acidente_teo_1_moto_2.png","type":"image\/png"}],"author":"Reda\u00e7\u00e3o Aconteceu no Vale","twitter_card":"summary_large_image","twitter_creator":"@noticiadosvales","twitter_site":"@noticiadosvales","twitter_misc":{"Escrito por":"Reda\u00e7\u00e3o Aconteceu no Vale","Est. tempo de leitura":"1 minuto"},"schema":{"@context":"https:\/\/schema.org","@graph":[{"@type":"Article","@id":"https:\/\/aconteceunovale.com.br\/portal\/?p=197258#article","isPartOf":{"@id":"https:\/\/aconteceunovale.com.br\/portal\/?p=197258"},"author":{"name":"Reda\u00e7\u00e3o Aconteceu no Vale","@id":"https:\/\/aconteceunovale.com.br\/portal\/#\/schema\/person\/7d2f26d1483f8a63de73da1ee0754d35"},"headline":"Policial penal morre em acidente no Vale do Mucuri","datePublished":"2025-02-07T15:04:55+00:00","dateModified":"2025-02-07T15:59:34+00:00","mainEntityOfPage":{"@id":"https:\/\/aconteceunovale.com.br\/portal\/?p=197258"},"wordCount":249,"commentCount":0,"image":{"@id":"https:\/\/aconteceunovale.com.br\/portal\/?p=197258#primaryimage"},"thumbnailUrl":"https:\/\/aconteceunovale.com.br\/portal\/wp-content\/uploads\/2025\/02\/acidente_teo_1_moto_2.png","keywords":["acidente em Te\u00f3filo Otoni","Acidente na Estrada do Boi","Acidente na Ponte Torta","destaque","Jequitinhonha","MGC-418","Policial penal morre em acidente no Vale do Mucuri","Ponte Torta","Pres\u00eddio de Jequitinhonha","Te\u00f3filo Otoni"],"articleSection":["Vale do Mucuri"],"inLanguage":"pt-BR","potentialAction":[{"@type":"CommentAction","name":"Comment","target":["https:\/\/aconteceunovale.com.br\/portal\/?p=197258#respond"]}]},{"@type":"WebPage","@id":"https:\/\/aconteceunovale.com.br\/portal\/?p=197258","url":"https:\/\/aconteceunovale.com.br\/portal\/?p=197258","name":"Policial penal morre em acidente no Vale do Mucuri - Aconteceu no Vale","isPartOf":{"@id":"https:\/\/aconteceunovale.com.br\/portal\/#website"},"primaryImageOfPage":{"@id":"https:\/\/aconteceunovale.com.br\/portal\/?p=197258#primaryimage"},"image":{"@id":"https:\/\/aconteceunovale.com.br\/portal\/?p=197258#primaryimage"},"thumbnailUrl":"https:\/\/aconteceunovale.com.br\/portal\/wp-content\/uploads\/2025\/02\/acidente_teo_1_moto_2.png","datePublished":"2025-02-07T15:04:55+00:00","dateModified":"2025-02-07T15:59:34+00:00","author":{"@id":"https:\/\/aconteceunovale.com.br\/portal\/#\/schema\/person\/7d2f26d1483f8a63de73da1ee0754d35"},"breadcrumb":{"@id":"https:\/\/aconteceunovale.com.br\/portal\/?p=197258#breadcrumb"},"inLanguage":"pt-BR","potentialAction":[{"@type":"ReadAction","target":["https:\/\/aconteceunovale.com.br\/portal\/?p=197258"]}]},{"@type":"ImageObject","inLanguage":"pt-BR","@id":"https:\/\/aconteceunovale.com.br\/portal\/?p=197258#primaryimage","url":"https:\/\/aconteceunovale.com.br\/portal\/wp-content\/uploads\/2025\/02\/acidente_teo_1_moto_2.png","contentUrl":"https:\/\/aconteceunovale.com.br\/portal\/wp-content\/uploads\/2025\/02\/acidente_teo_1_moto_2.png","width":598,"height":401},{"@type":"BreadcrumbList","@id":"https:\/\/aconteceunovale.com.br\/portal\/?p=197258#breadcrumb","itemListElement":[{"@type":"ListItem","position":1,"name":"In\u00edcio","item":"https:\/\/aconteceunovale.com.br\/portal\/"},{"@type":"ListItem","position":2,"name":"Policial penal morre em acidente no Vale do Mucuri"}]},{"@type":"WebSite","@id":"https:\/\/aconteceunovale.com.br\/portal\/#website","url":"https:\/\/aconteceunovale.com.br\/portal\/","name":"Aconteceu no Vale","description":"Portal de Not\u00edcias","potentialAction":[{"@type":"SearchAction","target":{"@type":"EntryPoint","urlTemplate":"https:\/\/aconteceunovale.com.br\/portal\/?s={search_term_string}"},"query-input":{"@type":"PropertyValueSpecification","valueRequired":true,"valueName":"search_term_string"}}],"inLanguage":"pt-BR"},{"@type":"Person","@id":"https:\/\/aconteceunovale.com.br\/portal\/#\/schema\/person\/7d2f26d1483f8a63de73da1ee0754d35","name":"Reda\u00e7\u00e3o Aconteceu no Vale","description":"Equipe de reportagem do Aconteceu no Vale, portal de not\u00edcias do Vale do Jequitinhonha, em Minas Gerais. Cobrimos as 51 cidades do Vale desde 2013. Sugest\u00f5es de pauta e pedidos de corre\u00e7\u00e3o: contato@aconteceunovale.com.br","url":"https:\/\/aconteceunovale.com.br\/portal\/?author=4"}]}},"_links":{"self":[{"href":"https:\/\/aconteceunovale.com.br\/portal\/index.php?rest_route=\/wp\/v2\/posts\/197258","targetHints":{"allow":["GET"]}}],"collection":[{"href":"https:\/\/aconteceunovale.com.br\/portal\/index.php?rest_route=\/wp\/v2\/posts"}],"about":[{"href":"https:\/\/aconteceunovale.com.br\/portal\/index.php?rest_route=\/wp\/v2\/types\/post"}],"author":[{"embeddable":true,"href":"https:\/\/aconteceunovale.com.br\/portal\/index.php?rest_route=\/wp\/v2\/users\/4"}],"replies":[{"embeddable":true,"href":"https:\/\/aconteceunovale.com.br\/portal\/index.php?rest_route=%2Fwp%2Fv2%2Fcomments&post=197258"}],"version-history":[{"count":2,"href":"https:\/\/aconteceunovale.com.br\/portal\/index.php?rest_route=\/wp\/v2\/posts\/197258\/revisions"}],"predecessor-version":[{"id":197263,"href":"https:\/\/aconteceunovale.com.br\/portal\/index.php?rest_route=\/wp\/v2\/posts\/197258\/revisions\/197263"}],"wp:featuredmedia":[{"embeddable":true,"href":"https:\/\/aconteceunovale.com.br\/portal\/index.php?rest_route=\/wp\/v2\/media\/197260"}],"wp:attachment":[{"href":"https:\/\/aconteceunovale.com.br\/portal\/index.php?rest_route=%2Fwp%2Fv2%2Fmedia&parent=197258"}],"wp:term":[{"taxonomy":"category","embeddable":true,"href":"https:\/\/aconteceunovale.com.br\/portal\/index.php?rest_route=%2Fwp%2Fv2%2Fcategories&post=197258"},{"taxonomy":"post_tag","embeddable":true,"href":"https:\/\/aconteceunovale.com.br\/portal\/index.php?rest_route=%2Fwp%2Fv2%2Ftags&post=197258"}],"curies":[{"name":"wp","href":"https:\/\/api.w.org\/{rel}","templated":true}]}}