{"id":19724,"date":"2014-01-29T13:24:03","date_gmt":"2014-01-29T15:24:03","guid":{"rendered":"http:\/\/aconteceunovale.com.br\/portal\/?p=19724"},"modified":"2014-01-29T13:27:05","modified_gmt":"2014-01-29T15:27:05","slug":"acidente-na-br-116-provoca-morte-de-caminhoneiro-de-novo-cruzeiro","status":"publish","type":"post","link":"https:\/\/aconteceunovale.com.br\/portal\/?p=19724","title":{"rendered":"Acidente na BR-116 provoca morte de caminhoneiro de Novo Cruzeiro"},"content":{"rendered":"<p>Um acidente envolvendo um caminh\u00e3o e uma carreta, na segunda-feira (27\/01), na altura do km 166, pr\u00f3ximo a Padre Para\u00edso, provocou a morte do caminhoneiro Andr\u00e9 Luiz Teixeira dos Santos, natural de Novo Cruzeiro.<\/p>\n<p><img decoding=\"async\" src=\"http:\/\/aconteceunovale.com.br\/portal\/wp-content\/uploads\/2014\/01\/acidente_motorista_new_cruzeiro_3.jpg\" alt=\"\" \/><br \/>\n<em><strong>Andr\u00e9 Luiz Teixeira dos Santos \u00e9 natural de Novo Cruzeiro.<\/strong><\/em><\/p>\n<p>De acordo com a Pol\u00edcia Rodovi\u00e1ria Federal, por volta das 17h, o caminh\u00e3o 1120 dirigido por Andr\u00e9 Luiz Teixeira dos Santos e a carreta ba\u00fa dirigida por Ismael Mendes Cardoso colidiram frontalmente. Os dois motoristas foram socorridos pelo SAMU e encaminhados para o Hospital Nossa Senhora M\u00e3e da Igreja em Padre Para\u00edso. Devido a gravidade do estado de sa\u00fade foram removidos para um hospital em Te\u00f3filo Otoni. Andr\u00e9 n\u00e3o resistiu aos ferimentos. Familiares e amigos est\u00e3o inconformados com o acontecido. <\/p>\n<p><img decoding=\"async\" src=\"http:\/\/aconteceunovale.com.br\/portal\/wp-content\/uploads\/2014\/01\/acidente_motorista_new_cruzeiro_1.jpg\" alt=\"\" \/><br \/>\n<em><strong>O caminh\u00e3o conduzido por Andr\u00e9 ficou destru\u00eddo.<\/strong><\/em><\/p>\n<p><img decoding=\"async\" src=\"http:\/\/aconteceunovale.com.br\/portal\/wp-content\/uploads\/2014\/01\/acidente_motorista_new_cruzeiro_2.jpg\" alt=\"\" \/><br \/>\n<em><strong>Carreta envolvida no acidente.<\/strong><\/em><\/p>\n","protected":false},"excerpt":{"rendered":"<p>Um acidente envolvendo um caminh\u00e3o e uma carreta, na segunda-feira (27\/01), na altura do km 166, pr\u00f3ximo a Padre Para\u00edso, provocou a morte do caminhoneiro Andr\u00e9 Luiz Teixeira dos Santos, natural de Novo Cruzeiro. Andr\u00e9 Luiz Teixeira dos Santos \u00e9 natural de Novo Cruzeiro. De acordo com a Pol\u00edcia Rodovi\u00e1ria Federal, por volta das 17h, [&hellip;]<\/p>\n","protected":false},"author":1,"featured_media":19725,"comment_status":"open","ping_status":"closed","sticky":false,"template":"","format":"standard","meta":{"amp_status":"","footnotes":""},"categories":[120],"tags":[3665,3666,3667,175,572,164],"class_list":["post-19724","post","type-post","status-publish","format-standard","has-post-thumbnail","hentry","category-jequi","tag-acidente-na-br-116-provoca-morte-de-caminhoneiro-de-novo-cruzeiro","tag-andre-luiz-teixeira-dos-santos","tag-ismael-mendes-cardoso","tag-novo-cruzeiro","tag-padre-paraiso","tag-teofilo-otoni"],"_links":{"self":[{"href":"https:\/\/aconteceunovale.com.br\/portal\/index.php?rest_route=\/wp\/v2\/posts\/19724","targetHints":{"allow":["GET"]}}],"collection":[{"href":"https:\/\/aconteceunovale.com.br\/portal\/index.php?rest_route=\/wp\/v2\/posts"}],"about":[{"href":"https:\/\/aconteceunovale.com.br\/portal\/index.php?rest_route=\/wp\/v2\/types\/post"}],"author":[{"embeddable":true,"href":"https:\/\/aconteceunovale.com.br\/portal\/index.php?rest_route=\/wp\/v2\/users\/1"}],"replies":[{"embeddable":true,"href":"https:\/\/aconteceunovale.com.br\/portal\/index.php?rest_route=%2Fwp%2Fv2%2Fcomments&post=19724"}],"version-history":[{"count":0,"href":"https:\/\/aconteceunovale.com.br\/portal\/index.php?rest_route=\/wp\/v2\/posts\/19724\/revisions"}],"wp:featuredmedia":[{"embeddable":true,"href":"https:\/\/aconteceunovale.com.br\/portal\/index.php?rest_route=\/wp\/v2\/media\/19725"}],"wp:attachment":[{"href":"https:\/\/aconteceunovale.com.br\/portal\/index.php?rest_route=%2Fwp%2Fv2%2Fmedia&parent=19724"}],"wp:term":[{"taxonomy":"category","embeddable":true,"href":"https:\/\/aconteceunovale.com.br\/portal\/index.php?rest_route=%2Fwp%2Fv2%2Fcategories&post=19724"},{"taxonomy":"post_tag","embeddable":true,"href":"https:\/\/aconteceunovale.com.br\/portal\/index.php?rest_route=%2Fwp%2Fv2%2Ftags&post=19724"}],"curies":[{"name":"wp","href":"https:\/\/api.w.org\/{rel}","templated":true}]}}