{"id":197219,"date":"2025-02-06T17:05:19","date_gmt":"2025-02-06T20:05:19","guid":{"rendered":"https:\/\/aconteceunovale.com.br\/portal\/?p=197219"},"modified":"2025-02-06T17:06:04","modified_gmt":"2025-02-06T20:06:04","slug":"brasileiro-acusado-de-homicidio-em-ipatinga-e-extraditado-da-colombia","status":"publish","type":"post","link":"https:\/\/aconteceunovale.com.br\/portal\/?p=197219","title":{"rendered":"Brasileiro acusado de homic\u00eddio em Ipatinga \u00e9 extraditado da Col\u00f4mbia"},"content":{"rendered":"\n<p class=\"wp-block-paragraph\">Um brasileiro foragido da Justi\u00e7a de Minas Gerais foi extraditado da Col\u00f4mbia para o Brasil por policiais federais nesta sexta-feira (6\/2\/2025). O homem era procurado por crimes de homic\u00eddio qualificado e tr\u00e1fico de drogas.<\/p>\n\n\n\n<p class=\"wp-block-paragraph\">O indiv\u00edduo foi inclu\u00eddo na Difus\u00e3o Vermelha da Interpol em agosto de 2023, a pedido do ju\u00edzo da Vara de Execu\u00e7\u00f5es Penais, de Precat\u00f3rias Criminais e do Tribunal do J\u00fari da Comarca de Ipatinga. A medida foi adotada para garantir o cumprimento da pris\u00e3o preventiva decretada pela Justi\u00e7a.<\/p>\n\n\n\n<p class=\"wp-block-paragraph\">O Minist\u00e9rio P\u00fablico denunciou o acusado pelos crimes praticados em Ipatinga\/MG. Em 28 de abril de 2023, ele teria assassinado sua companheira por meio de asfixia e tortura. Al\u00e9m disso, dois meses antes do crime, o denunciado teria, de maneira reiterada, adquirido, oferecido e injetado diversas doses de entorpecentes na v\u00edtima, utilizando seringas, o que a levou a um estado precoce de depend\u00eancia qu\u00edmica.<\/p>\n\n\n\n<p class=\"wp-block-paragraph\">Ap\u00f3s ser submetido a exame de corpo de delito, o extraditado foi encaminhado \u00e0 Penitenci\u00e1ria Nelson Hungria, onde permanecer\u00e1 \u00e0 disposi\u00e7\u00e3o da Justi\u00e7a.<\/p>\n","protected":false},"excerpt":{"rendered":"<p>Um brasileiro foragido da Justi\u00e7a de Minas Gerais foi extraditado da Col\u00f4mbia para o Brasil por policiais federais nesta sexta-feira (6\/2\/2025). O homem era procurado por crimes de homic\u00eddio qualificado e tr\u00e1fico de drogas. O indiv\u00edduo foi inclu\u00eddo na Difus\u00e3o Vermelha da Interpol em agosto de 2023, a pedido do ju\u00edzo da Vara de Execu\u00e7\u00f5es [&hellip;]<\/p>\n","protected":false},"author":4,"featured_media":197220,"comment_status":"open","ping_status":"closed","sticky":false,"template":"","format":"standard","meta":{"amp_status":"","footnotes":""},"categories":[121,28848],"tags":[271545,271544,15464,271546,271548,271547,23632,201],"class_list":["post-197219","post","type-post","status-publish","format-standard","has-post-thumbnail","hentry","category-leste","category-mundo","tag-brasileiro-acusado-de-homicidio-em-ipatinga","tag-brasileiro-acusado-de-homicidio-em-ipatinga-e-extraditado-da-colombia","tag-colombia","tag-extraditado-da-colombia","tag-foragido-da-justica-de-ipatinga","tag-foragido-da-justica-de-minas-gerais","tag-interpol","tag-ipatinga"],"yoast_head":"<!-- This site is optimized with the Yoast SEO plugin v28.3 - https:\/\/yoast.com\/product\/yoast-seo-wordpress\/ -->\n<title>Brasileiro acusado de homic\u00eddio em Ipatinga \u00e9 extraditado da Col\u00f4mbia - Aconteceu no Vale<\/title>\n<meta name=\"robots\" content=\"index, follow, max-snippet:-1, max-image-preview:large, max-video-preview:-1\" \/>\n<link rel=\"canonical\" href=\"https:\/\/aconteceunovale.com.br\/portal\/?p=197219\" \/>\n<meta property=\"og:locale\" content=\"pt_BR\" \/>\n<meta property=\"og:type\" content=\"article\" \/>\n<meta property=\"og:title\" content=\"Brasileiro acusado de homic\u00eddio em Ipatinga \u00e9 extraditado da Col\u00f4mbia - Aconteceu no Vale\" \/>\n<meta property=\"og:description\" content=\"Um brasileiro foragido da Justi\u00e7a de Minas Gerais foi extraditado da Col\u00f4mbia para o Brasil por policiais federais nesta sexta-feira (6\/2\/2025). O homem era procurado por crimes de homic\u00eddio qualificado e tr\u00e1fico de drogas. O indiv\u00edduo foi inclu\u00eddo na Difus\u00e3o Vermelha da Interpol em agosto de 2023, a pedido do ju\u00edzo da Vara de Execu\u00e7\u00f5es [&hellip;]\" \/>\n<meta property=\"og:url\" content=\"https:\/\/aconteceunovale.com.br\/portal\/?p=197219\" \/>\n<meta property=\"og:site_name\" content=\"Aconteceu no Vale\" \/>\n<meta property=\"article:publisher\" content=\"https:\/\/www.facebook.com\/aconteceunovale\/\" \/>\n<meta property=\"article:published_time\" content=\"2025-02-06T20:05:19+00:00\" \/>\n<meta property=\"article:modified_time\" content=\"2025-02-06T20:06:04+00:00\" \/>\n<meta property=\"og:image\" content=\"https:\/\/aconteceunovale.com.br\/portal\/wp-content\/uploads\/2025\/02\/extradicao_br.jpeg\" \/>\n\t<meta property=\"og:image:width\" content=\"720\" \/>\n\t<meta property=\"og:image:height\" content=\"514\" \/>\n\t<meta property=\"og:image:type\" content=\"image\/jpeg\" \/>\n<meta name=\"author\" content=\"Reda\u00e7\u00e3o Aconteceu no Vale\" \/>\n<meta name=\"twitter:card\" content=\"summary_large_image\" \/>\n<meta name=\"twitter:creator\" content=\"@noticiadosvales\" \/>\n<meta name=\"twitter:site\" content=\"@noticiadosvales\" \/>\n<meta name=\"twitter:label1\" content=\"Escrito por\" \/>\n\t<meta name=\"twitter:data1\" content=\"Reda\u00e7\u00e3o Aconteceu no Vale\" \/>\n\t<meta name=\"twitter:label2\" content=\"Est. tempo de leitura\" \/>\n\t<meta name=\"twitter:data2\" content=\"1 minuto\" \/>\n<script type=\"application\/ld+json\" class=\"yoast-schema-graph\">{\"@context\":\"https:\\\/\\\/schema.org\",\"@graph\":[{\"@type\":\"Article\",\"@id\":\"https:\\\/\\\/aconteceunovale.com.br\\\/portal\\\/?p=197219#article\",\"isPartOf\":{\"@id\":\"https:\\\/\\\/aconteceunovale.com.br\\\/portal\\\/?p=197219\"},\"author\":{\"name\":\"Reda\u00e7\u00e3o Aconteceu no Vale\",\"@id\":\"https:\\\/\\\/aconteceunovale.com.br\\\/portal\\\/#\\\/schema\\\/person\\\/7d2f26d1483f8a63de73da1ee0754d35\"},\"headline\":\"Brasileiro acusado de homic\u00eddio em Ipatinga \u00e9 extraditado da Col\u00f4mbia\",\"datePublished\":\"2025-02-06T20:05:19+00:00\",\"dateModified\":\"2025-02-06T20:06:04+00:00\",\"mainEntityOfPage\":{\"@id\":\"https:\\\/\\\/aconteceunovale.com.br\\\/portal\\\/?p=197219\"},\"wordCount\":198,\"commentCount\":0,\"image\":{\"@id\":\"https:\\\/\\\/aconteceunovale.com.br\\\/portal\\\/?p=197219#primaryimage\"},\"thumbnailUrl\":\"https:\\\/\\\/aconteceunovale.com.br\\\/portal\\\/wp-content\\\/uploads\\\/2025\\\/02\\\/extradicao_br.jpeg\",\"keywords\":[\"Brasileiro acusado de homic\u00eddio em Ipatinga\",\"Brasileiro acusado de homic\u00eddio em Ipatinga \u00e9 extraditado da Col\u00f4mbia\",\"Col\u00f4mbia\",\"Extraditado da Col\u00f4mbia\",\"Foragido da Justi\u00e7a de Ipatinga\",\"Foragido da Justi\u00e7a de Minas Gerais\",\"Interpol\",\"Ipatinga\"],\"articleSection\":[\"Leste de Minas\",\"Mundo\"],\"inLanguage\":\"pt-BR\",\"potentialAction\":[{\"@type\":\"CommentAction\",\"name\":\"Comment\",\"target\":[\"https:\\\/\\\/aconteceunovale.com.br\\\/portal\\\/?p=197219#respond\"]}]},{\"@type\":\"WebPage\",\"@id\":\"https:\\\/\\\/aconteceunovale.com.br\\\/portal\\\/?p=197219\",\"url\":\"https:\\\/\\\/aconteceunovale.com.br\\\/portal\\\/?p=197219\",\"name\":\"Brasileiro acusado de homic\u00eddio em Ipatinga \u00e9 extraditado da Col\u00f4mbia - Aconteceu no Vale\",\"isPartOf\":{\"@id\":\"https:\\\/\\\/aconteceunovale.com.br\\\/portal\\\/#website\"},\"primaryImageOfPage\":{\"@id\":\"https:\\\/\\\/aconteceunovale.com.br\\\/portal\\\/?p=197219#primaryimage\"},\"image\":{\"@id\":\"https:\\\/\\\/aconteceunovale.com.br\\\/portal\\\/?p=197219#primaryimage\"},\"thumbnailUrl\":\"https:\\\/\\\/aconteceunovale.com.br\\\/portal\\\/wp-content\\\/uploads\\\/2025\\\/02\\\/extradicao_br.jpeg\",\"datePublished\":\"2025-02-06T20:05:19+00:00\",\"dateModified\":\"2025-02-06T20:06:04+00:00\",\"author\":{\"@id\":\"https:\\\/\\\/aconteceunovale.com.br\\\/portal\\\/#\\\/schema\\\/person\\\/7d2f26d1483f8a63de73da1ee0754d35\"},\"breadcrumb\":{\"@id\":\"https:\\\/\\\/aconteceunovale.com.br\\\/portal\\\/?p=197219#breadcrumb\"},\"inLanguage\":\"pt-BR\",\"potentialAction\":[{\"@type\":\"ReadAction\",\"target\":[\"https:\\\/\\\/aconteceunovale.com.br\\\/portal\\\/?p=197219\"]}]},{\"@type\":\"ImageObject\",\"inLanguage\":\"pt-BR\",\"@id\":\"https:\\\/\\\/aconteceunovale.com.br\\\/portal\\\/?p=197219#primaryimage\",\"url\":\"https:\\\/\\\/aconteceunovale.com.br\\\/portal\\\/wp-content\\\/uploads\\\/2025\\\/02\\\/extradicao_br.jpeg\",\"contentUrl\":\"https:\\\/\\\/aconteceunovale.com.br\\\/portal\\\/wp-content\\\/uploads\\\/2025\\\/02\\\/extradicao_br.jpeg\",\"width\":720,\"height\":514},{\"@type\":\"BreadcrumbList\",\"@id\":\"https:\\\/\\\/aconteceunovale.com.br\\\/portal\\\/?p=197219#breadcrumb\",\"itemListElement\":[{\"@type\":\"ListItem\",\"position\":1,\"name\":\"In\u00edcio\",\"item\":\"https:\\\/\\\/aconteceunovale.com.br\\\/portal\\\/\"},{\"@type\":\"ListItem\",\"position\":2,\"name\":\"Brasileiro acusado de homic\u00eddio em Ipatinga \u00e9 extraditado da Col\u00f4mbia\"}]},{\"@type\":\"WebSite\",\"@id\":\"https:\\\/\\\/aconteceunovale.com.br\\\/portal\\\/#website\",\"url\":\"https:\\\/\\\/aconteceunovale.com.br\\\/portal\\\/\",\"name\":\"Aconteceu no Vale\",\"description\":\"Portal de Not\u00edcias\",\"potentialAction\":[{\"@type\":\"SearchAction\",\"target\":{\"@type\":\"EntryPoint\",\"urlTemplate\":\"https:\\\/\\\/aconteceunovale.com.br\\\/portal\\\/?s={search_term_string}\"},\"query-input\":{\"@type\":\"PropertyValueSpecification\",\"valueRequired\":true,\"valueName\":\"search_term_string\"}}],\"inLanguage\":\"pt-BR\"},{\"@type\":\"Person\",\"@id\":\"https:\\\/\\\/aconteceunovale.com.br\\\/portal\\\/#\\\/schema\\\/person\\\/7d2f26d1483f8a63de73da1ee0754d35\",\"name\":\"Reda\u00e7\u00e3o Aconteceu no Vale\",\"description\":\"Equipe de reportagem do Aconteceu no Vale, portal de not\u00edcias do Vale do Jequitinhonha, em Minas Gerais. Cobrimos as 51 cidades do Vale desde 2013. Sugest\u00f5es de pauta e pedidos de corre\u00e7\u00e3o: contato@aconteceunovale.com.br\",\"url\":\"https:\\\/\\\/aconteceunovale.com.br\\\/portal\\\/?author=4\"}]}<\/script>\n<!-- \/ Yoast SEO plugin. -->","yoast_head_json":{"title":"Brasileiro acusado de homic\u00eddio em Ipatinga \u00e9 extraditado da Col\u00f4mbia - Aconteceu no Vale","robots":{"index":"index","follow":"follow","max-snippet":"max-snippet:-1","max-image-preview":"max-image-preview:large","max-video-preview":"max-video-preview:-1"},"canonical":"https:\/\/aconteceunovale.com.br\/portal\/?p=197219","og_locale":"pt_BR","og_type":"article","og_title":"Brasileiro acusado de homic\u00eddio em Ipatinga \u00e9 extraditado da Col\u00f4mbia - Aconteceu no Vale","og_description":"Um brasileiro foragido da Justi\u00e7a de Minas Gerais foi extraditado da Col\u00f4mbia para o Brasil por policiais federais nesta sexta-feira (6\/2\/2025). O homem era procurado por crimes de homic\u00eddio qualificado e tr\u00e1fico de drogas. O indiv\u00edduo foi inclu\u00eddo na Difus\u00e3o Vermelha da Interpol em agosto de 2023, a pedido do ju\u00edzo da Vara de Execu\u00e7\u00f5es [&hellip;]","og_url":"https:\/\/aconteceunovale.com.br\/portal\/?p=197219","og_site_name":"Aconteceu no Vale","article_publisher":"https:\/\/www.facebook.com\/aconteceunovale\/","article_published_time":"2025-02-06T20:05:19+00:00","article_modified_time":"2025-02-06T20:06:04+00:00","og_image":[{"width":720,"height":514,"url":"https:\/\/aconteceunovale.com.br\/portal\/wp-content\/uploads\/2025\/02\/extradicao_br.jpeg","type":"image\/jpeg"}],"author":"Reda\u00e7\u00e3o Aconteceu no Vale","twitter_card":"summary_large_image","twitter_creator":"@noticiadosvales","twitter_site":"@noticiadosvales","twitter_misc":{"Escrito por":"Reda\u00e7\u00e3o Aconteceu no Vale","Est. tempo de leitura":"1 minuto"},"schema":{"@context":"https:\/\/schema.org","@graph":[{"@type":"Article","@id":"https:\/\/aconteceunovale.com.br\/portal\/?p=197219#article","isPartOf":{"@id":"https:\/\/aconteceunovale.com.br\/portal\/?p=197219"},"author":{"name":"Reda\u00e7\u00e3o Aconteceu no Vale","@id":"https:\/\/aconteceunovale.com.br\/portal\/#\/schema\/person\/7d2f26d1483f8a63de73da1ee0754d35"},"headline":"Brasileiro acusado de homic\u00eddio em Ipatinga \u00e9 extraditado da Col\u00f4mbia","datePublished":"2025-02-06T20:05:19+00:00","dateModified":"2025-02-06T20:06:04+00:00","mainEntityOfPage":{"@id":"https:\/\/aconteceunovale.com.br\/portal\/?p=197219"},"wordCount":198,"commentCount":0,"image":{"@id":"https:\/\/aconteceunovale.com.br\/portal\/?p=197219#primaryimage"},"thumbnailUrl":"https:\/\/aconteceunovale.com.br\/portal\/wp-content\/uploads\/2025\/02\/extradicao_br.jpeg","keywords":["Brasileiro acusado de homic\u00eddio em Ipatinga","Brasileiro acusado de homic\u00eddio em Ipatinga \u00e9 extraditado da Col\u00f4mbia","Col\u00f4mbia","Extraditado da Col\u00f4mbia","Foragido da Justi\u00e7a de Ipatinga","Foragido da Justi\u00e7a de Minas Gerais","Interpol","Ipatinga"],"articleSection":["Leste de Minas","Mundo"],"inLanguage":"pt-BR","potentialAction":[{"@type":"CommentAction","name":"Comment","target":["https:\/\/aconteceunovale.com.br\/portal\/?p=197219#respond"]}]},{"@type":"WebPage","@id":"https:\/\/aconteceunovale.com.br\/portal\/?p=197219","url":"https:\/\/aconteceunovale.com.br\/portal\/?p=197219","name":"Brasileiro acusado de homic\u00eddio em Ipatinga \u00e9 extraditado da Col\u00f4mbia - Aconteceu no Vale","isPartOf":{"@id":"https:\/\/aconteceunovale.com.br\/portal\/#website"},"primaryImageOfPage":{"@id":"https:\/\/aconteceunovale.com.br\/portal\/?p=197219#primaryimage"},"image":{"@id":"https:\/\/aconteceunovale.com.br\/portal\/?p=197219#primaryimage"},"thumbnailUrl":"https:\/\/aconteceunovale.com.br\/portal\/wp-content\/uploads\/2025\/02\/extradicao_br.jpeg","datePublished":"2025-02-06T20:05:19+00:00","dateModified":"2025-02-06T20:06:04+00:00","author":{"@id":"https:\/\/aconteceunovale.com.br\/portal\/#\/schema\/person\/7d2f26d1483f8a63de73da1ee0754d35"},"breadcrumb":{"@id":"https:\/\/aconteceunovale.com.br\/portal\/?p=197219#breadcrumb"},"inLanguage":"pt-BR","potentialAction":[{"@type":"ReadAction","target":["https:\/\/aconteceunovale.com.br\/portal\/?p=197219"]}]},{"@type":"ImageObject","inLanguage":"pt-BR","@id":"https:\/\/aconteceunovale.com.br\/portal\/?p=197219#primaryimage","url":"https:\/\/aconteceunovale.com.br\/portal\/wp-content\/uploads\/2025\/02\/extradicao_br.jpeg","contentUrl":"https:\/\/aconteceunovale.com.br\/portal\/wp-content\/uploads\/2025\/02\/extradicao_br.jpeg","width":720,"height":514},{"@type":"BreadcrumbList","@id":"https:\/\/aconteceunovale.com.br\/portal\/?p=197219#breadcrumb","itemListElement":[{"@type":"ListItem","position":1,"name":"In\u00edcio","item":"https:\/\/aconteceunovale.com.br\/portal\/"},{"@type":"ListItem","position":2,"name":"Brasileiro acusado de homic\u00eddio em Ipatinga \u00e9 extraditado da Col\u00f4mbia"}]},{"@type":"WebSite","@id":"https:\/\/aconteceunovale.com.br\/portal\/#website","url":"https:\/\/aconteceunovale.com.br\/portal\/","name":"Aconteceu no Vale","description":"Portal de Not\u00edcias","potentialAction":[{"@type":"SearchAction","target":{"@type":"EntryPoint","urlTemplate":"https:\/\/aconteceunovale.com.br\/portal\/?s={search_term_string}"},"query-input":{"@type":"PropertyValueSpecification","valueRequired":true,"valueName":"search_term_string"}}],"inLanguage":"pt-BR"},{"@type":"Person","@id":"https:\/\/aconteceunovale.com.br\/portal\/#\/schema\/person\/7d2f26d1483f8a63de73da1ee0754d35","name":"Reda\u00e7\u00e3o Aconteceu no Vale","description":"Equipe de reportagem do Aconteceu no Vale, portal de not\u00edcias do Vale do Jequitinhonha, em Minas Gerais. Cobrimos as 51 cidades do Vale desde 2013. Sugest\u00f5es de pauta e pedidos de corre\u00e7\u00e3o: contato@aconteceunovale.com.br","url":"https:\/\/aconteceunovale.com.br\/portal\/?author=4"}]}},"_links":{"self":[{"href":"https:\/\/aconteceunovale.com.br\/portal\/index.php?rest_route=\/wp\/v2\/posts\/197219","targetHints":{"allow":["GET"]}}],"collection":[{"href":"https:\/\/aconteceunovale.com.br\/portal\/index.php?rest_route=\/wp\/v2\/posts"}],"about":[{"href":"https:\/\/aconteceunovale.com.br\/portal\/index.php?rest_route=\/wp\/v2\/types\/post"}],"author":[{"embeddable":true,"href":"https:\/\/aconteceunovale.com.br\/portal\/index.php?rest_route=\/wp\/v2\/users\/4"}],"replies":[{"embeddable":true,"href":"https:\/\/aconteceunovale.com.br\/portal\/index.php?rest_route=%2Fwp%2Fv2%2Fcomments&post=197219"}],"version-history":[{"count":1,"href":"https:\/\/aconteceunovale.com.br\/portal\/index.php?rest_route=\/wp\/v2\/posts\/197219\/revisions"}],"predecessor-version":[{"id":197221,"href":"https:\/\/aconteceunovale.com.br\/portal\/index.php?rest_route=\/wp\/v2\/posts\/197219\/revisions\/197221"}],"wp:featuredmedia":[{"embeddable":true,"href":"https:\/\/aconteceunovale.com.br\/portal\/index.php?rest_route=\/wp\/v2\/media\/197220"}],"wp:attachment":[{"href":"https:\/\/aconteceunovale.com.br\/portal\/index.php?rest_route=%2Fwp%2Fv2%2Fmedia&parent=197219"}],"wp:term":[{"taxonomy":"category","embeddable":true,"href":"https:\/\/aconteceunovale.com.br\/portal\/index.php?rest_route=%2Fwp%2Fv2%2Fcategories&post=197219"},{"taxonomy":"post_tag","embeddable":true,"href":"https:\/\/aconteceunovale.com.br\/portal\/index.php?rest_route=%2Fwp%2Fv2%2Ftags&post=197219"}],"curies":[{"name":"wp","href":"https:\/\/api.w.org\/{rel}","templated":true}]}}